{"id":103762,"date":"2026-01-14T04:35:07","date_gmt":"2026-01-14T04:35:07","guid":{"rendered":"https:\/\/www.europesays.com\/lv\/103762\/"},"modified":"2026-01-14T04:35:07","modified_gmt":"2026-01-14T04:35:07","slug":"vai-ano-spej-apturet-krieviju-ukraina","status":"publish","type":"post","link":"https:\/\/www.europesays.com\/lv\/103762\/","title":{"rendered":"Vai ANO sp\u0113j aptur\u0113t Krieviju Ukrain\u0101?"},"content":{"rendered":"<p class=\"descr\">Latvija nu ir ANO Dro\u0161\u012bbas padom\u0113, bet vai tam ir k\u0101da j\u0113ga un noz\u012bme \u2013 par to v\u0113l politologi str\u012bdas. Un kas ir pati ANO? K\u0101da ir t\u0101s ietekme? Un vai t\u0101da visp\u0101r ir? Latvija rosin\u0101jusi apspriest Krievijas neseno brut\u0101lo uzbrukumu Kijivai un \u013bvivai. Vai Latvijas bals\u012b k\u0101ds ieklaus\u012bsies? To skaidro biju\u0161ais \u0101rlietu ministrs Aivis Ronis un m\u016bsu \u0100rlietu ministrija.<\/p>\n<p>\t\t\t\t\t\t\t\t\t\t\t\t\t\t\t\tPolitisk\u0101 liekul\u012bba <\/p>\n<p><a href=\"https:\/\/nra.lv\/birka\/aivis-ronis\/\" target=\"_blank\" rel=\"noopener nofollow\">Aivis Ronis<\/a>: Jau kop\u0161 t\u0101s izveido\u0161anas ANO ir bijusi politiski un institucion\u0101li kropl\u012bga organiz\u0101cija, ta\u010du t\u0101 ir vien\u012bg\u0101, kas form\u0101li joproj\u0101m apvieno visu cilv\u0113ci, ja neskaita ietekm\u012bgo FIFA (futbola organiz\u0101cija). ANO strukt\u016bras no da\u017eu (tom\u0113r \u013coti ietekm\u012bgu) valstu puses bie\u017ei tiek izmantotas k\u0101 t\u0101ds divkos\u012bg\u0101s mor\u0101les \u201cpolitiskais balin\u0101t\u0101js\u201d.<\/p>\n<p>Vai Latvijas piedal\u012b\u0161an\u0101s <a href=\"https:\/\/nra.lv\/birka\/ano\/\" target=\"_blank\" rel=\"noopener nofollow\">ANO<\/a> Dro\u0161\u012bbas padom\u0113 nek\u0101di nevar main\u012bt \u0161o kopainu?<\/p>\n<p>Nevar. Tom\u0113r es dom\u0101ju, ka Latvijas politiskajai vad\u012bbai \u0161obr\u012bd ir svar\u012bgi par\u0101d\u012bt savai sabiedr\u012bbai, ka t\u0101 ir glob\u0101l\u0101s politikas augst\u0101kaj\u0101 mor\u0101les orb\u012bt\u0101. Nek\u0101du \u013caunumu zemeslodei m\u0113s tur pagaid\u0101m nodar\u012bt nevaram, varb\u016bt vien\u012bgi varam tur kaut k\u0101d\u0101 publiski politiskaj\u0101 retorik\u0101 pal\u012bdz\u0113t Ukrainai, ik pa br\u012bdim te pievienojoties ASV, te Eiropas paustajiem \u201cpretmaskavas\u201d narat\u012bviem (\u201ctalking point\u201d).<\/p>\n<p>Bet k\u0101 tad ar m\u016bsu izcilajiem sasniegumiem tirdzniec\u012bbas jom\u0101? Latvija ir teju liel\u0101k\u0101 partnere tirdzniec\u012bb\u0101 ar Krieviju, ja sal\u012bdzin\u0101m vair\u0101kas Eiropas valstis. T\u0101 nav gal\u0113ja liekul\u012bba? Pal\u012bdzam Ukrainai, bet tirgojamies ar Krieviju?<\/p>\n<p>Manupr\u0101t, m\u016bsu bud\u017eets vair\u0101k cie\u0161 no cit\u0101m publisk\u0101 sektora pavisam nelo\u0123isk\u0101m aktivit\u0101t\u0113m. Neaizmirs\u012bsim, ka ANO, l\u012bdz\u012bgi k\u0101 ar\u012b citas p\u0101rnacion\u0101l\u0101s organiz\u0101cijas ASV MAGA kust\u012bbas politikas radar\u0101, maigi izsakoties, nav iez\u012bm\u0113tas k\u0101 m\u012b\u013c\u0101kie sadarb\u012bbas partneri. ASV tie\u0161i pirms da\u017e\u0101m dien\u0101m izst\u0101j\u0101s no vair\u0101k\u0101m ANO apak\u0161organiz\u0101cij\u0101m. Man \u0161\u0137iet, ka ES \u0161obr\u012bd ir \u013coti vientu\u013ca sav\u0101 starptautisko ties\u012bbu redz\u0113jum\u0101\u2026<\/p>\n<p>T\u0101p\u0113c jau es run\u0101ju par liekul\u012bbu.<\/p>\n<p>Uzskatu, ka ES sankciju politika pret Krieviju ir san\u0101kusi t\u0101da \u013coti sadrumstalota, kur galvenais m\u0113r\u0137is ir kaut k\u0101 pazaud\u0113jies. Aiz ska\u013ci paustajiem augstajiem mor\u0101les standartiem bie\u017ei sl\u0113pjas politisks merkantilisms un subjekt\u012bvs izdev\u012bgums.<\/p>\n<p>\u0160\u0137iet, ka divkos\u012bba nav pag\u0101jusi gar\u0101m Eiropas sankciju sarakstam. T\u0101 ir \u201cmaigi\u201d piesk\u0101rusies gandr\u012bz katras valsts nost\u0101jai. Es, piem\u0113ram, joproj\u0101m nesaprotu, neesmu dzird\u0113jis sakar\u012bgu atbildi: ko Latvijai, Eiropai un civiliz\u0101cijai dod Pjotra Avena tur\u0113\u0161ana sankcij\u0101s, kuram Krievij\u0101 vairs nav nek\u0101da biznesa? It \u012bpa\u0161i uz t\u0101 fona, ka Latvijas un p\u0101r\u0113j\u0101s Eiropas tirdzniec\u012bba ar Krieviju, izr\u0101d\u0101s, ir pie\u0146emama un izdev\u012bga.<\/p>\n<p>Latvijas \u0100M: m\u0113s stingri iest\u0101jamies par ANO DP reform\u0101m<\/p>\n<p>Vaic\u0101j\u0101m ar\u012b m\u016bsu \u0100rlietu ministrijai, vai p\u0113c Krievijas p\u0113d\u0113j\u0101 barbarisk\u0101 uzbrukuma Kijivai un \u013bvivai Latvija ir rosin\u0101jusi ANO Dro\u0161\u012bbas padom\u0113 apspriest situ\u0101ciju Ukrain\u0101. P\u0113c Krievijas uzbrukuma, iev\u0113rojot Ukrainas l\u016bgumu, Latvija atbalst\u012bja DP san\u0101ksmes sasauk\u0161anu. 12. janv\u0101r\u012b notika ANO Dro\u0161\u012bbas padomes \u0101rk\u0101rtas san\u0101ksme saist\u012bb\u0101 ar Krievijas pla\u0161a m\u0113roga gaisa triecieniem Ukrainai, tostarp izmantojot ballistisko ra\u0137eti \u201cOreshnik\u201d. (Darba k\u0101rt\u012bbas punkts: \u201cMaintenance of peace and security of Ukraine\u201d.)<\/p>\n<p>San\u0101ksmes ierakstu ir iesp\u0113jams noskat\u012bties ar\u012b vietn\u0113: https:\/\/webtv.un.org\/en\/asset\/k1z\/k1zpyk3kdp<\/p>\n<p>Latvijas pazi\u0146ojuma teksts pieejams vietn\u0113: https:\/\/www2.mfa.gov.lv\/en\/newyork\/news\/73142-statement-by-h-e-sanita-pavluta-deslandes-permanent-representative-of-latvia-to-the-united-nations-at-the-un-security-council-briefing-on-maintenance-of-peace-and-security-of-ukraine<\/p>\n<p>Uz m\u016bsu jaut\u0101jumiem atbildes sniedza \u0100M preses sekret\u0101re Di\u0101na Egl\u012bte.<\/p>\n<p>Cik valstis piekrita \u0161im priek\u0161likumam?<\/p>\n<p>Latvija kop\u0101 ar D\u0101niju, Grie\u0137iju, Franciju, Lielbrit\u0101niju un Lib\u0113riju inform\u0113ja Som\u0101liju k\u0101 ANO DP janv\u0101ra prezidentu, ka atbalsta DP san\u0101ksmes sasauk\u0161anu.<\/p>\n<p>Vai ir k\u0101das cer\u012bbas, ka ANO sp\u0113s kaut ko main\u012bt Krievijas noziedz\u012bgaj\u0101 attieksm\u0113 pret Ukrainu?<\/p>\n<p>Latvija izmantos katru iesp\u0113ju, lai Ukrainas jaut\u0101jumu akt\u012bvi virz\u012btu ANO Dro\u0161\u012bbas padomes darba k\u0101rt\u012bb\u0101, tostarp atg\u0101dinot vis\u0101m ANO dal\u012bbvalst\u012bm par nepiecie\u0161am\u012bbu saukt Krieviju pie atbild\u012bbas par pastr\u0101d\u0101tajiem noziegumiem.<\/p>\n<p>Lai ar\u012b Krievija k\u0101 ANO Dro\u0161\u012bbas padomes past\u0101v\u012bg\u0101 dal\u012bbvalsts var izmantot savas veto ties\u012bbas, t\u0101d\u0113j\u0101di blo\u0137\u0113jot tai nelabv\u0113l\u012bgus ANO DP l\u0113mumus, j\u0101\u0146em v\u0113r\u0101, ka 2022. gad\u0101 ANO \u0122ener\u0101laj\u0101 asamblej\u0101 pie\u0146\u0113ma Lihten\u0161teinas virz\u012btu iniciat\u012bvu, kas paredz, ka ikreiz, kad DP past\u0101v\u012bg\u0101 locekle izmanto veto ties\u012bbas, \u0161is jaut\u0101jums ne v\u0113l\u0101k k\u0101 desmit dienu laik\u0101 autom\u0101tiski non\u0101k \u0122ener\u0101l\u0101s asamblejas darba k\u0101rt\u012bb\u0101. \u0160o iniciat\u012bvu atbalst\u012bja ar\u012b Latvija.<\/p>\n<p>T\u0101pat Latvija stingri iest\u0101jas par ANO DP reform\u0101m, uzskatot par nepiecie\u0161amu b\u016btiski uzlabot ANO DP atbild\u012bbu, transparenci un r\u012bc\u012bbsp\u0113ju.<\/p>\n<p>Latvija ar\u012b dara visu iesp\u0113jamo, lai kopum\u0101 mazin\u0101tu agresoru ietekmi starptautisk\u0101s organiz\u0101cij\u0101s, tostarp lai ierobe\u017eotu Krievijas un Baltkrievijas p\u0101rst\u0101vju iev\u0113l\u0113\u0161anu ANO instit\u016bcij\u0101s un forumos.<\/p>\n<p>P\u0113rn vien ar Latvijas un l\u012bdz\u012bgu dom\u0101jo\u0161o valstu p\u016bl\u0113m tika pan\u0101kts, ka Krievijas virz\u012btie kandid\u0101ti neguva atbalstu vair\u0101k\u0101s da\u017e\u0101du starptautisku instit\u016bciju v\u0113l\u0113\u0161an\u0101s, piem\u0113ram: Starptautisk\u0101s Civil\u0101s avi\u0101cijas organiz\u0101cijas (International Civil Aviation Organisation, ICAO) padom\u0113; \u0136\u012bmisko iero\u010du aizlieguma organiz\u0101cijas (Organisation for the Prohibition of Chemical Weapons, OPCW) padom\u0113; Starptautisk\u0101s J\u016brniec\u012bbas organiz\u0101cij\u0101 u.c. <\/p>\n<p>\t\t\t\t\t\tinfo<\/p>\n<p>Uzzini pirmais<br \/>kas interesants noticis Latvij\u0101 un pasaul\u0113,<br \/>pievienojoties mums <a href=\"https:\/\/t.me\/neatkariga\" rel=\"nofollow\">Telegram<\/a> vai <a href=\"https:\/\/whatsapp.com\/channel\/0029VaMLFUH5K3zLU5s4wm3y\" rel=\"nofollow noopener\" target=\"_blank\">Whatsapp<\/a> kan\u0101l\u0101<\/p>\n","protected":false},"excerpt":{"rendered":"Latvija nu ir ANO Dro\u0161\u012bbas padom\u0113, bet vai tam ir k\u0101da j\u0113ga un noz\u012bme \u2013 par to v\u0113l&hellip;\n","protected":false},"author":2,"featured_media":103763,"comment_status":"","ping_status":"","sticky":false,"template":"","format":"standard","meta":{"footnotes":""},"categories":[14],"tags":[23,57,28,29,32,33,22,30,31,35,39,38,36,37,34,40,20,26,27,24,25,54,55,56,21,58],"class_list":{"0":"post-103762","1":"post","2":"type-post","3":"status-publish","4":"format-standard","5":"has-post-thumbnail","7":"category-zinas-no-arvalstim","8":"tag-aktualitates","9":"tag-arvalstim","10":"tag-breaking-news","11":"tag-breakingnews","12":"tag-featured-news","13":"tag-featurednews","14":"tag-headlines","15":"tag-latest-news","16":"tag-latestnews","17":"tag-latvia","18":"tag-latvian","19":"tag-latviesu","20":"tag-latviesu-valoda","21":"tag-latviesuvaloda","22":"tag-latvija","23":"tag-lv","24":"tag-news","25":"tag-popularakas-zinas","26":"tag-popularakaszinas","27":"tag-top-stories","28":"tag-topstories","29":"tag-world","30":"tag-world-news","31":"tag-worldnews","32":"tag-zinas","33":"tag-zinas-no-arvalstim"},"share_on_mastodon":{"url":"https:\/\/pubeurope.com\/@lv\/115891596331448778","error":""},"_links":{"self":[{"href":"https:\/\/www.europesays.com\/lv\/wp-json\/wp\/v2\/posts\/103762","targetHints":{"allow":["GET"]}}],"collection":[{"href":"https:\/\/www.europesays.com\/lv\/wp-json\/wp\/v2\/posts"}],"about":[{"href":"https:\/\/www.europesays.com\/lv\/wp-json\/wp\/v2\/types\/post"}],"author":[{"embeddable":true,"href":"https:\/\/www.europesays.com\/lv\/wp-json\/wp\/v2\/users\/2"}],"replies":[{"embeddable":true,"href":"https:\/\/www.europesays.com\/lv\/wp-json\/wp\/v2\/comments?post=103762"}],"version-history":[{"count":0,"href":"https:\/\/www.europesays.com\/lv\/wp-json\/wp\/v2\/posts\/103762\/revisions"}],"wp:featuredmedia":[{"embeddable":true,"href":"https:\/\/www.europesays.com\/lv\/wp-json\/wp\/v2\/media\/103763"}],"wp:attachment":[{"href":"https:\/\/www.europesays.com\/lv\/wp-json\/wp\/v2\/media?parent=103762"}],"wp:term":[{"taxonomy":"category","embeddable":true,"href":"https:\/\/www.europesays.com\/lv\/wp-json\/wp\/v2\/categories?post=103762"},{"taxonomy":"post_tag","embeddable":true,"href":"https:\/\/www.europesays.com\/lv\/wp-json\/wp\/v2\/tags?post=103762"}],"curies":[{"name":"wp","href":"https:\/\/api.w.org\/{rel}","templated":true}]}}