{"id":103764,"date":"2026-01-14T04:41:07","date_gmt":"2026-01-14T04:41:07","guid":{"rendered":"https:\/\/www.europesays.com\/lv\/103764\/"},"modified":"2026-01-14T04:41:07","modified_gmt":"2026-01-14T04:41:07","slug":"danijas-un-grenlandes-arlietu-ministri-apmekles-asv-lai-runatu-par-grenlandes-nakotni-raksts","status":"publish","type":"post","link":"https:\/\/www.europesays.com\/lv\/103764\/","title":{"rendered":"D\u0101nijas un Grenlandes \u0101rlietu ministri apmekl\u0113s ASV, lai run\u0101tu par Grenlandes n\u0101kotni \/ Raksts"},"content":{"rendered":"<p>D\u0101nijas \u0101rlietu ministrs Larss Loke Rasmusens un Grenlandes \u0101rlietu ministre Viviana Mocfelta \u0161odien Va\u0161ington\u0101 tiksies ar Amerikas Savienoto Valstu (ASV) viceprezidentu D\u017eeimsu Deividu Vensu un valsts sekret\u0101ru Marko Rubio, lai run\u0101tu par ASV prezidenta Donalda Trampa pl\u0101niem ieg\u016bt sav\u0101 \u012bpa\u0161um\u0101 Grenlandi.<\/p>\n<p>D\u0101nijas un Grenlandes \u0101rlietu ministri apmekl\u0113s ASV, lai run\u0101tu par Grenlandes n\u0101kotni<\/p>\n<p>T\u0101 b\u016bs pirm\u0101 \u0161\u0101da form\u0101ta tik\u0161an\u0101s.\u00a0Tik\u0161an\u0101s notiks p\u0113c D\u0101nijas un Grenlandes l\u016bguma. Rasmusens sac\u012bja, ka Kopenh\u0101gena un N\u016bka v\u0113las, lai diskusija par Grenlandes n\u0101kotni notiktu kl\u0101tien\u0113, nevis ar mediju starpniec\u012bbu.\u00a0<\/p>\n<p>D\u0101nija un Grenlande ir noraid\u012bju\u0161as Trampa v\u0113lmi ieg\u016bt strat\u0113\u0123iski noz\u012bm\u012bgo salu. Tom\u0113r ASV prezidents uzst\u0101j, ka vi\u0146\u0161 pan\u0101ks savu m\u0113r\u0137i, neizsl\u0113dzot ar\u012b iesp\u0113ju lietot milit\u0101ru sp\u0113ku.\u00a0<\/p>\n<p>D\u0101nij\u0101 piektdien ierad\u012bsies ASV Kongresa deput\u0101tu deleg\u0101cija, kuras sast\u0101v\u0101 b\u016bs demokr\u0101tu un republik\u0101\u0146u partijas politi\u0137i. Vi\u0146u m\u0113r\u0137is ir paust atbalstu D\u0101nijai. Vi\u0146upr\u0101t, Trampa draudi sagr\u0101bt Grenlandi v\u0101jina NATO.<\/p>\n<p>                    Valodas k\u013c\u016bda rakst\u0101?<\/p>\n<p class=\"d-none d-md-block\">Iez\u012bm\u0113jiet tekstu un spiediet Ctrl+Enter, lai nos\u016bt\u012btu labojamo teksta fragmentu redaktoram! Par faktu k\u013c\u016bd\u0101m l\u016bdzam zi\u0146ot e-past\u0101 <a href=\"https:\/\/www.lsm.lv\/cdn-cgi\/l\/email-protection\" class=\"__cf_email__\" data-cfemail=\"4d3f28292c262e24272c0d213e2063213b\" rel=\"nofollow noopener\" target=\"_blank\">[email\u00a0protected]<\/a>.<\/p>\n<p class=\"d-md-none\">Iez\u012bm\u0113jiet tekstu un spiediet uz Zi\u0146ot par k\u013c\u016bdu pogas, lai nos\u016bt\u012btu labojamo teksta fragmentu redaktoram!<\/p>\n<p>\n                    Zi\u0146ot par k\u013c\u016bdu\n                <\/p>\n","protected":false},"excerpt":{"rendered":"D\u0101nijas \u0101rlietu ministrs Larss Loke Rasmusens un Grenlandes \u0101rlietu ministre Viviana Mocfelta \u0161odien Va\u0161ington\u0101 tiksies ar Amerikas Savienoto&hellip;\n","protected":false},"author":2,"featured_media":103765,"comment_status":"","ping_status":"","sticky":false,"template":"","format":"standard","meta":{"footnotes":""},"categories":[14],"tags":[23,57,28,29,32,33,22,30,31,35,39,38,36,37,34,40,20,26,27,24,25,54,55,56,21,58],"class_list":{"0":"post-103764","1":"post","2":"type-post","3":"status-publish","4":"format-standard","5":"has-post-thumbnail","7":"category-zinas-no-arvalstim","8":"tag-aktualitates","9":"tag-arvalstim","10":"tag-breaking-news","11":"tag-breakingnews","12":"tag-featured-news","13":"tag-featurednews","14":"tag-headlines","15":"tag-latest-news","16":"tag-latestnews","17":"tag-latvia","18":"tag-latvian","19":"tag-latviesu","20":"tag-latviesu-valoda","21":"tag-latviesuvaloda","22":"tag-latvija","23":"tag-lv","24":"tag-news","25":"tag-popularakas-zinas","26":"tag-popularakaszinas","27":"tag-top-stories","28":"tag-topstories","29":"tag-world","30":"tag-world-news","31":"tag-worldnews","32":"tag-zinas","33":"tag-zinas-no-arvalstim"},"share_on_mastodon":{"url":"https:\/\/pubeurope.com\/@lv\/115891619914080895","error":""},"_links":{"self":[{"href":"https:\/\/www.europesays.com\/lv\/wp-json\/wp\/v2\/posts\/103764","targetHints":{"allow":["GET"]}}],"collection":[{"href":"https:\/\/www.europesays.com\/lv\/wp-json\/wp\/v2\/posts"}],"about":[{"href":"https:\/\/www.europesays.com\/lv\/wp-json\/wp\/v2\/types\/post"}],"author":[{"embeddable":true,"href":"https:\/\/www.europesays.com\/lv\/wp-json\/wp\/v2\/users\/2"}],"replies":[{"embeddable":true,"href":"https:\/\/www.europesays.com\/lv\/wp-json\/wp\/v2\/comments?post=103764"}],"version-history":[{"count":0,"href":"https:\/\/www.europesays.com\/lv\/wp-json\/wp\/v2\/posts\/103764\/revisions"}],"wp:featuredmedia":[{"embeddable":true,"href":"https:\/\/www.europesays.com\/lv\/wp-json\/wp\/v2\/media\/103765"}],"wp:attachment":[{"href":"https:\/\/www.europesays.com\/lv\/wp-json\/wp\/v2\/media?parent=103764"}],"wp:term":[{"taxonomy":"category","embeddable":true,"href":"https:\/\/www.europesays.com\/lv\/wp-json\/wp\/v2\/categories?post=103764"},{"taxonomy":"post_tag","embeddable":true,"href":"https:\/\/www.europesays.com\/lv\/wp-json\/wp\/v2\/tags?post=103764"}],"curies":[{"name":"wp","href":"https:\/\/api.w.org\/{rel}","templated":true}]}}