{"id":103768,"date":"2026-01-14T04:47:09","date_gmt":"2026-01-14T04:47:09","guid":{"rendered":"https:\/\/www.europesays.com\/lv\/103768\/"},"modified":"2026-01-14T04:47:09","modified_gmt":"2026-01-14T04:47:09","slug":"ramzans-kadirovs-smaga-stavokli-maskava-plano-varas-parmantotibu-cecenija-lente-lv","status":"publish","type":"post","link":"https:\/\/www.europesays.com\/lv\/103768\/","title":{"rendered":"Ramzans Kadirovs smag\u0101 st\u0101vokl\u012b; Maskava pl\u0101no varas p\u0101rmantot\u012bbu \u010ce\u010denij\u0101\u00a0\u2014\u00a0Lente.lv"},"content":{"rendered":"<p>Kadirova vesel\u012bbas st\u0101voklis satrauco\u0161s<\/p>\n<p>Krievijas prokremliskais \u010ce\u010denijas l\u012bderis Ramzans Kadirovs atrodas smag\u0101 vesel\u012bbas st\u0101vokl\u012b, kas liek Maskavai pielikt visus p\u016bli\u0146us, lai nodro\u0161in\u0101tu netrauc\u0113tu varas p\u0101r\u0146em\u0161anu \u0161aj\u0101 nestabilaj\u0101 Krievijas republik\u0101. K\u0101 inform\u0113 port\u0101ls jauns.lv, atbilsto\u0161i Ukrainas Aizsardz\u012bbas ministrijas Galven\u0101s izl\u016bko\u0161anas p\u0101rvaldes (HUR) avotiem, Kadirovs slim\u012bbas d\u0113\u013c ir non\u0101cis slimn\u012bc\u0101 un cie\u0161 no nieru mazsp\u0113jas. Vi\u0146\u0161 tiek hospitaliz\u0113ts sav\u0101 priv\u0101taj\u0101 kl\u012bnik\u0101 \u010ce\u010denij\u0101, kur vi\u0146am tiek veikta dial\u012bze, ta\u010du prognozes par atvese\u013co\u0161anos ir neskaidras. Apk\u0101rt l\u012bderim pulc\u0113jas vi\u0146a ietekm\u012bg\u0101 \u0123imenes klana locek\u013ci, ar\u012b tie, kas ieradu\u0161ies no \u0101rvalst\u012bm, kas apliecina situ\u0101cijas nopietn\u012bbu.<\/p>\n<p>Maskavas r\u012bc\u012bbas pl\u0101ns un iesp\u0113jamie p\u0113cte\u010di<\/p>\n<p>\u0160\u012b situ\u0101cija liek Maskavai steidzami mekl\u0113t Kadirova p\u0113cteci, lai nov\u0113rstu potenci\u0101lu nestabilit\u0101ti Kauk\u0101za re\u0123ion\u0101 un saglab\u0101tu kontroli p\u0101r \u010ce\u010deniju Krievijas kara pret Ukrainu kontekst\u0101. K\u0101 potenci\u0101lie kandid\u0101ti uz Kadirova amatu tiek min\u0113ti vair\u0101ki cilv\u0113ki. Starp galvenajiem pretendentiem ir \u010ce\u010denijas parlamenta sp\u012bkers Magomeds Daudovs un komandieris Apti Alaidinovs. Tiek apspriesta ar\u012b Kadirova vec\u0101k\u0101 d\u0113la, 20 gadus vec\u0101 A\u0125mata Kadirova, iesp\u0113jam\u0101 iecel\u0161ana, kur\u0161 nesen iecelts par republikas vald\u012bbas vad\u012bt\u0101ja vietnieku. Krievijas vad\u012bba cen\u0161as izv\u0113l\u0113ties lo\u0123isku un Maskavai uzticamu kandid\u0101tu.<\/p>\n<p>Kadirova retorika un agr\u0101kie vesel\u012bbas satraukumi<\/p>\n<p>Neskatoties uz zi\u0146\u0101m par savu pasliktin\u0101to vesel\u012bbas st\u0101vokli, Kadirovs turpina agres\u012bvu retoriku. Vi\u0146\u0161 ir asi kritiz\u0113jis Ukrainas prezidentu Volodimiru Zelenski, nosaucot vi\u0146u par &#8220;band\u012btu&#8221; un draudot ar &#8220;brut\u0101lu atrieb\u012bbu&#8221;. J\u0101atz\u012bm\u0113, ka iepriek\u0161 ar\u012b ir biju\u0161i zi\u0146ojumi par Kadirova pasliktin\u0101to vesel\u012bbu, piem\u0113ram, 2023. gada septembr\u012b, ta\u010du toreiz vi\u0146\u0161 tos noraid\u012bja. Pa\u0161reiz\u0113j\u0101s zi\u0146as liecina, ka situ\u0101cija ir nopietn\u0101ka.<\/p>\n<p>Ilgtermi\u0146a perspekt\u012bva un iesp\u0113jam\u0101 nestabilit\u0101te<\/p>\n<p>Ramzana Kadirova vesel\u012bbas kr\u012bze un iesp\u0113jam\u0101 varas mai\u0146a \u010ce\u010denij\u0101 rada nopietnus riskus Krievijas prezidenta Vladimira Putina re\u017e\u012bma stabilit\u0101tei Kauk\u0101z\u0101. Potenci\u0101l\u0101 l\u012bdera zaud\u0113\u0161ana var izrais\u012bt iek\u0161\u0113ju varas c\u012b\u0146u starp \u010ce\u010denijas klaniem. N\u0101kotnes notikumi liel\u0101 m\u0113r\u0101 b\u016bs atkar\u012bgi no t\u0101, vai sp\u0113s jaunais l\u012bderis notur\u0113t dro\u0161\u012bbas sp\u0113kus Maskavas piln\u012bg\u0101 kontrol\u0113.<\/p>\n","protected":false},"excerpt":{"rendered":"Kadirova vesel\u012bbas st\u0101voklis satrauco\u0161s Krievijas prokremliskais \u010ce\u010denijas l\u012bderis Ramzans Kadirovs atrodas smag\u0101 vesel\u012bbas st\u0101vokl\u012b, kas liek Maskavai pielikt&hellip;\n","protected":false},"author":2,"featured_media":103769,"comment_status":"","ping_status":"","sticky":false,"template":"","format":"standard","meta":{"footnotes":""},"categories":[14],"tags":[23,57,28,29,14031,32,33,22,3112,30,31,35,39,38,36,37,34,40,25036,20,26,27,14028,24,25,25037,54,55,56,21,58],"class_list":{"0":"post-103768","1":"post","2":"type-post","3":"status-publish","4":"format-standard","5":"has-post-thumbnail","7":"category-zinas-no-arvalstim","8":"tag-aktualitates","9":"tag-arvalstim","10":"tag-breaking-news","11":"tag-breakingnews","12":"tag-cecenija","13":"tag-featured-news","14":"tag-featurednews","15":"tag-headlines","16":"tag-krievijas-politika","17":"tag-latest-news","18":"tag-latestnews","19":"tag-latvia","20":"tag-latvian","21":"tag-latviesu","22":"tag-latviesu-valoda","23":"tag-latviesuvaloda","24":"tag-latvija","25":"tag-lv","26":"tag-maskavas-plans","27":"tag-news","28":"tag-popularakas-zinas","29":"tag-popularakaszinas","30":"tag-ramzans-kadirovs","31":"tag-top-stories","32":"tag-topstories","33":"tag-veselibas-stavoklis","34":"tag-world","35":"tag-world-news","36":"tag-worldnews","37":"tag-zinas","38":"tag-zinas-no-arvalstim"},"share_on_mastodon":{"url":"https:\/\/pubeurope.com\/@lv\/115891643670854208","error":""},"_links":{"self":[{"href":"https:\/\/www.europesays.com\/lv\/wp-json\/wp\/v2\/posts\/103768","targetHints":{"allow":["GET"]}}],"collection":[{"href":"https:\/\/www.europesays.com\/lv\/wp-json\/wp\/v2\/posts"}],"about":[{"href":"https:\/\/www.europesays.com\/lv\/wp-json\/wp\/v2\/types\/post"}],"author":[{"embeddable":true,"href":"https:\/\/www.europesays.com\/lv\/wp-json\/wp\/v2\/users\/2"}],"replies":[{"embeddable":true,"href":"https:\/\/www.europesays.com\/lv\/wp-json\/wp\/v2\/comments?post=103768"}],"version-history":[{"count":0,"href":"https:\/\/www.europesays.com\/lv\/wp-json\/wp\/v2\/posts\/103768\/revisions"}],"wp:featuredmedia":[{"embeddable":true,"href":"https:\/\/www.europesays.com\/lv\/wp-json\/wp\/v2\/media\/103769"}],"wp:attachment":[{"href":"https:\/\/www.europesays.com\/lv\/wp-json\/wp\/v2\/media?parent=103768"}],"wp:term":[{"taxonomy":"category","embeddable":true,"href":"https:\/\/www.europesays.com\/lv\/wp-json\/wp\/v2\/categories?post=103768"},{"taxonomy":"post_tag","embeddable":true,"href":"https:\/\/www.europesays.com\/lv\/wp-json\/wp\/v2\/tags?post=103768"}],"curies":[{"name":"wp","href":"https:\/\/api.w.org\/{rel}","templated":true}]}}