{"id":103770,"date":"2026-01-14T04:48:19","date_gmt":"2026-01-14T04:48:19","guid":{"rendered":"https:\/\/www.europesays.com\/lv\/103770\/"},"modified":"2026-01-14T04:48:19","modified_gmt":"2026-01-14T04:48:19","slug":"musdienas-laukos-vairs-nav-tikai-jaraujas-ar-melnu-muti-biskopju-bergholdu-zemes-stasts-raksts","status":"publish","type":"post","link":"https:\/\/www.europesays.com\/lv\/103770\/","title":{"rendered":"M\u016bsdien\u0101s laukos vairs nav tikai j\u0101raujas ar melnu muti. Bi\u0161kopju Bergholdu zemes st\u0101sts \/ Raksts"},"content":{"rendered":"<p>Zemnieku saimniec\u012bb\u0101 &#8220;Ba\u013c\u013cas&#8221; zum bi\u0161u un cilv\u0113ku laimes saj\u016bta. Ieva un Helmuts Bergholdi neizv\u0113l\u0113j\u0101s bites \u2013 t\u0101s izv\u0113l\u0113j\u0101s vi\u0146us. S\u0101kums nebija viegls, ta\u010du \u0161obr\u012bd vi\u0146i izveidoju\u0161i augo\u0161u uz\u0146\u0113mumu un no maza ciemata Latvij\u0101 savu medu s\u016bta l\u012bdz pat Jap\u0101nai, v\u0113st\u012bja Latvijas Telev\u012bzijas raid\u012bjum\u0101s &#8220;Zemes st\u0101sti&#8221;. Saimnieki atkl\u0101ja, k\u0101 s\u0101ka ar mazumi\u0146u, un sprieda, ka m\u016bsdien\u0101s dz\u012bve un darbs laukos vairs nenoz\u012bm\u0113 tikai rauties ar melnu muti.\u00a0<\/p>\n<p>                Vai tad t\u0101 ir slikta slim\u012bba?\u00a0<\/p>\n<p>Kuld\u012bgas novada Turlavas pagast\u0101 zemnieku saimniec\u012bb\u0101 &#8220;Ba\u013c\u013cas&#8221; saimnieko Bergholdu \u0123imene. Ikdien\u0101 vi\u0146i r\u016bp\u0113jas par vair\u0101k nek\u0101 500 bi\u0161u saim\u0113m, no kur\u0101m iev\u0101c simtiem kilogramus medu un s\u016bta to pa visu pasauli. Vair\u0101k nek\u0101 10 gadu laik\u0101 bi\u0161kop\u012bba k\u013cuvusi par vi\u0146u dz\u012bvi.\u00a0<\/p>\n<p>&#8220;Es esmu kop\u0101 ar bit\u0113m, bites ir mana dz\u012bve. Varb\u016bt t\u0101 ir slim\u012bba. Bet vai tad tas ir slikti? Ja tu slimo ar to, kas tev pa\u0161am pat\u012bk, k\u0101p\u0113c gan ne?&#8221; pauda Helmuts.\u00a0<\/p>\n<p>Kad Ieva un Helmuts s\u0101ka saimniekot Ievas dzimtas \u012bpa\u0161um\u0101, \u0113ka, kur\u0101 vi\u0146i \u0161obr\u012bd dz\u012bvo, bija pavisam cit\u0101d\u0101ka. No liel\u0101s k\u016bts bija paliku\u0161as vien m\u016bra sienu fragmenti, jumta vairs nebija, viss bija sagruvis, un p\u0113d\u0113jos gados t\u0101 tika izmantota k\u0101 atkritumu bedre.\u00a0<\/p>\n<blockquote>\n<p>&#8220;Ar pirmajiem stropiem, ar pirmo medu s\u0101k\u0101m peln\u012bt pirmo naudu un s\u0101k\u0101m atjaunot \u0161o \u0113ku,&#8221; atmin\u0113j\u0101s Ieva.\u00a0<\/p>\n<\/blockquote>\n<p>Pirmos gadus gan tas tika dar\u012bts, lai \u0113kas pirmo st\u0101vu izmantotu k\u0101 ra\u017eotni. Pa\u0161i tikm\u0113r dz\u012bvoja otraj\u0101. Vien pirms p\u0101ris gadiem vi\u0146i pirmo st\u0101vu atbr\u012bvoja no medus spied\u0113m un s\u0101ka izmantot pa\u0161i sev, jo tapa ra\u017eotne \u0101rpus m\u0101jas.\u00a0\u00a0<\/p>\n<p>&#8220;K\u0101da laba saj\u016bta un k\u0101da bauda bija, kad p\u0101rc\u0113l\u0101m ra\u017eotni. To gan es atceros, kad no r\u012bta piecelies, un visa m\u0101ja ir tav\u0101 r\u012bc\u012bb\u0101. Labi, pirmais st\u0101vs bija piln\u012bgi neiek\u0101rtots, bet tas klusums un miers, jo darbinieki tagad brauc uz cehu, bet tu t\u0101 mier\u012bgi pa savu s\u0113tu aizej l\u012bdz d\u012b\u0137im iedzert kafiju\u2026&#8221; st\u0101st\u012bja Ieva.<\/p>\n<p><img decoding=\"async\" src=\"https:\/\/www.europesays.com\/lv\/wp-content\/uploads\/2026\/01\/sg8u.png\" alt=\"Zemes st\u0101sti. Ieva un Helmuts Bergholdi. ZS &quot;Ba\u013c\u013cas&quot;\"\/>Zemes st\u0101sti. Ieva un Helmuts Bergholdi. ZS &#8220;Ba\u013c\u013cas&#8221;<\/p>\n<p>Foto: kadrs no video<\/p>\n<\/p>\n<p>Apniku\u0161ie tirdzi\u0146i<\/p>\n<p>Ta\u010du l\u012bdz pa\u0161iem savai ra\u017eotnei un darbiniekiem bija t\u0101ls ce\u013c\u0161. S\u0101ka vi\u0146a divat\u0101 \u2013 ar da\u017e\u0101m bi\u0161u saim\u0113m un maziem b\u0113rniem uz rok\u0101m.\u00a0<\/p>\n<p>&#8220;Gr\u016bta man person\u012bgi k\u0101 sievietei \u0161\u0137iet bi\u0161kop\u012bbas tie\u0161i t\u0101 smag\u0101 da\u013ca \u2013 cel\u0161ana, vel\u0161ana, medus svie\u0161ana, medus spai\u0146u ne\u0161ana. Es to visu esmu dar\u012bjusi kop\u0161 pirmaj\u0101m dien\u0101m, kop\u0161 pirmajiem stropiem. No s\u0101kuma jau m\u0113s visu dar\u012bj\u0101m pa\u0161i ar sav\u0101m roci\u0146\u0101m,&#8221; st\u0101st\u012bja Ieva.\u00a0<\/p>\n<p>Str\u0101d\u0101t bi\u0161u drav\u0101 karst\u0101 saul\u0113 visu dienu p\u0113c negul\u0113tas nakts, jo m\u0101j\u0101s paral\u0113li bi\u0161u saim\u0113m aug ar\u012b mazi b\u0113rni, bija izaicino\u0161i, ta\u010du citu variantu nebija. Turkl\u0101t paral\u0113li tam v\u0113l bija j\u0101dom\u0101, k\u0101 ieg\u016bto medu notirgot, lai g\u016btu pe\u013c\u0146u.\u00a0<\/p>\n<p>&#8220;Otrs gr\u016btums vis\u0101 \u0161aj\u0101 saimniec\u012bbas ce\u013c\u0101, par ko es pat nevar\u0113tu teikt, ka tas ir \u013coti gr\u016bti, bet tas vienk\u0101r\u0161i noveda l\u012bdz tam, ka es absol\u016bti vair\u0101k negribu to dar\u012bt, bija tirdzi\u0146i. M\u0113s, protams, t\u0101pat k\u0101 visi, savu mazo uz\u0146\u0113m\u0113jdarb\u012bbu iestart\u0113j\u0101m ar tirdzi\u0146iem \u2013 savu sara\u017eoto produkciju m\u0113s realiz\u0113j\u0101m tirdzi\u0146os. Es biju tajos tirdzi\u0146os gan br\u012bvdien\u0101s, gan darba dien\u0101s, gan sv\u0113tku reiz\u0113s \u2013 kam\u0113r citi svin, tikm\u0113r es kr\u0101m\u0113ju ma\u0161\u012bnu un jau piecos no r\u012bta taisos uz tirgu \u2013 ziema vai vasara\u2026 K\u0101 man apnika!&#8221; atkl\u0101ja Ieva.<\/p>\n<p><img decoding=\"async\" src=\"https:\/\/www.europesays.com\/lv\/wp-content\/uploads\/2026\/01\/sg8p.png\" alt=\"Zemes st\u0101sti. Ieva un Helmuts Bergholdi. ZS &quot;Ba\u013c\u013cas&quot;\"\/>Zemes st\u0101sti. Ieva un Helmuts Bergholdi. ZS &#8220;Ba\u013c\u013cas&#8221;<\/p>\n<p>Foto: kadrs no video<\/p>\n<\/p>\n<p>Uz tirdzi\u0146iem Ieva veda medu aptuveni 10 gadus, bet p\u0113c tam pati sev apsol\u012bja, ka atrad\u012bs citu veidu, k\u0101 produkciju tirgot, un atrada ar\u012b \u2013 gan internetveikalu, gan pa\u0161i savu medus un bi\u0161u lietu veikalu Kuld\u012bg\u0101.\u00a0<\/p>\n<p>&#8220;Ar savu \u0161\u012bs dienas pr\u0101tu, kad es dom\u0101ju un skatos atpaka\u013c uz m\u016bsu att\u012bst\u012bbas st\u0101stu, viena no galvenaj\u0101m veiksmes atsl\u0113g\u0101m ir pa\u0161a cilv\u0113ka tic\u012bba sev, ka vi\u0146am san\u0101ks, vi\u0146am izdosies, jo es nezinu no kurienes, varb\u016bt no padomju laikiem, mums ir radusies il\u016bzija, ka k\u013c\u016bd\u012bties un nesan\u0101kt \u2013 t\u0101 ir k\u0101 gal\u0113j\u0101 instance un \u013coti slikti. Paties\u012bb\u0101 jau t\u0101 visp\u0101r nav,&#8221; sac\u012bja Ieva, sprie\u017eot, ka\u00a0<\/p>\n<blockquote>\n<p>visi veiksmes st\u0101sti b\u016bv\u0113jas caur nesan\u0101k\u0161anu, izg\u0101\u0161anos, neveiksm\u0113m un velt\u012bgi iz\u0161\u0137iestu laiku.\u00a0<\/p>\n<\/blockquote>\n<p>&#8220;M\u0113s s\u016bt\u0101m m\u016bsu medu pat uz Jap\u0101nu. No Turlavas. Jo Jap\u0101n\u0101 ir lieli Latvijas fani. Vi\u0146i atbrauc ar\u012b pie mums pa\u0161i, samekl\u0113 m\u016bs. M\u0113s esam ar\u012b sveces s\u016bt\u012bju\u0161i uz Jap\u0101nu, medu \u0161obr\u012bd s\u016bt\u0101m ik pa k\u0101diem diviem m\u0113ne\u0161iem,&#8221; atkl\u0101ja Ieva.\u00a0<\/p>\n<p><img decoding=\"async\" src=\"https:\/\/www.europesays.com\/lv\/wp-content\/uploads\/2026\/01\/sg8r.png\" alt=\"Zemes st\u0101sti. Ieva un Helmuts Bergholdi. ZS &quot;Ba\u013c\u013cas&quot;\"\/>Zemes st\u0101sti. Ieva un Helmuts Bergholdi. ZS &#8220;Ba\u013c\u013cas&#8221;<\/p>\n<p>Foto: kadrs no video<\/p>\n<\/p>\n<p>Darbs laukos nav tikai moc\u012bbas vien\u00a0<\/p>\n<p>Ievas un Helmuta ikdiena laukos ir raita, jo darba vienm\u0113r ir daudz, bet vienlaikus ir ar\u012b j\u0101prot b\u016bt paciet\u012bgiem, jo reiz\u0113m visu nosaka laikapst\u0101k\u013ci aiz loga.\u00a0<\/p>\n<p>&#8220;M\u0101te daba ir t\u0101, kas regul\u0113 visu. No r\u012bta piecelies, un m\u0101te daba ir izdom\u0101jusi, ka \u0161odien tev ir br\u012bvdiena, \u2013 tev nav variantu, tu \u0146em br\u012bvu, jo lietus l\u012bst,&#8221; atzina Helmuts.\u00a0<\/p>\n<p>Ta\u010du Helmuta pr\u0101ts ar\u012b lietain\u0101s dien\u0101s ir pie bit\u0113m. Bites ir da\u013ca no vi\u0146a. Gribi vai negribi, n\u0101kas dom\u0101t par to, k\u0101 iet jaunaj\u0101m bi\u0161u saim\u0113m un vai bi\u0161u m\u0101t\u0113m kl\u0101jas labi.\u00a0<\/p>\n<p>&#8220;Bi\u0161kopis visp\u0101r ir, manupr\u0101t, t\u0101ds fr\u012bks. Vi\u0146\u0161 ir nesaprotams cilv\u0113ks, jo iet pie bit\u0113m var jebkur\u0161, bet kopt bites nevar jebkur\u0161.\u00a0T\u0101 ir pavisam cit\u0101da dom\u0101\u0161ana. Jau \u0101tri vien var pateikt p\u0113c cilv\u0113ka, vai vi\u0146\u0161 var\u0113s b\u016bt bi\u0161kopis vai nevar\u0113s b\u016bt bi\u0161kopis \u2013 sp\u0113j nolas\u012bt bites vai nesp\u0113j,&#8221; st\u0101st\u012bja Helmuts.<\/p>\n<p><img decoding=\"async\" src=\"https:\/\/www.europesays.com\/lv\/wp-content\/uploads\/2026\/01\/sg8q.png\" alt=\"Zemes st\u0101sti. Ieva un Helmuts Bergholdi. ZS &quot;Ba\u013c\u013cas&quot;\"\/>Zemes st\u0101sti. Ieva un Helmuts Bergholdi. ZS &#8220;Ba\u013c\u013cas&#8221;<\/p>\n<p>Foto: kadrs no video<\/p>\n<\/p>\n<p>Vi\u0146\u0161 nor\u0101d\u012bja, ka darbs ar bit\u0113m nav tikai bizness vien, \u0161aj\u0101 arod\u0101 ir kaut kas vair\u0101k, kaut kas sirdij. Helmuts zin\u0101ja sac\u012bt, ka ar\u012b citiem amata br\u0101\u013ciem t\u0101 ir sirdslieta.\u00a0&#8220;Tas jau nav tikai ar izdz\u012bvo\u0161u un t\u0101d\u0101m liet\u0101m saist\u012bts,&#8221; pauda Helmuts.\u00a0<\/p>\n<blockquote>\n<p>Vi\u0146i ir p\u0101rliecin\u0101ti, ka lauki nav tikai moc\u012bbas un l\u012bdz s\u0101p\u0113m nostr\u0101d\u0101ta mugura. Ieva uzsv\u0113ra \u2013 tas ir stereotips, ka laukos ir tikai un vien\u012bgi smagi j\u0101str\u0101d\u0101.\u00a0<\/p>\n<\/blockquote>\n<p>&#8220;Man\u0101 galv\u0101 ir kaut k\u0101 salicies pa \u0161iem gadiem, k\u0101p\u0113c ir radies t\u0101ds stereotips, \u2013 t\u0101p\u0113c, ka m\u016bsu sen\u010di, kuru d\u0113\u013c m\u0113s varam visp\u0101r dz\u012bvot \u0161ajos laukos, un paldies vi\u0146iem par to, tie\u0161\u0101m \u013coti smagi str\u0101d\u0101ja un sal\u012bdzino\u0161i maz ieguva. Bet man liekas, ka m\u016bsu laikos t\u0101 nav. Cilv\u0113ki laukos var ne tikai smagi str\u0101d\u0101t melnu muti jeb, k\u0101 mana vecm\u0101mi\u0146a teica, \u2013 pl\u0113sties, bet vi\u0146i var ar\u012b k\u0101rtot dz\u012bvi t\u0101, ka var atp\u016bsties, var ce\u013cot, izmantot iesp\u0113jas. Jaut\u0101jums ir, cik kur\u0161 sev at\u013cauj, laukos dz\u012bvojot, nedz\u012bvot stereotipos par to, k\u0101 b\u016btu j\u0101b\u016bt laukos,&#8221; sprieda Ieva.<\/p>\n<p><img decoding=\"async\" src=\"https:\/\/www.europesays.com\/lv\/wp-content\/uploads\/2026\/01\/sg8o.png\" alt=\"Zemes st\u0101sti. Ieva un Helmuts Bergholdi. ZS &quot;Ba\u013c\u013cas&quot;.\"\/>Zemes st\u0101sti. Ieva un Helmuts Bergholdi. ZS &#8220;Ba\u013c\u013cas&#8221;.<\/p>\n<p>Foto: kadrs no video<\/p>\n<\/p>\n<p>&#8220;Mana sirds noteikti nav nekur citur k\u0101 tie\u0161i Latvij\u0101 un tie\u0161i \u0161aj\u0101 viet\u0101, t\u0101p\u0113c jau es \u0161eit atrodos un t\u0101p\u0113c \u0161eit dz\u012bvoju. \u0160eit ir manu m\u0101ju saj\u016bta,&#8221; pauda Ieva.\u00a0<\/p>\n<p>Protams, ikdien\u0101 apkopt un r\u016bp\u0113ties par vair\u0101k nek\u0101 500 bi\u0161u saim\u0113m, k\u0101 ar\u012b no t\u0101m iev\u0101kt medu, kura daudzums m\u0113r\u0101ms vair\u0101kos simtos kilogramu, nav viegli, ta\u010du Helmuts nor\u0101d\u012bja, ka vi\u0146am 500 saimes neliekas p\u0101r\u0101k daudz. Vi\u0146a m\u0113r\u0137is ir iet l\u012bdz t\u016bkstotim.\u00a0<\/p>\n<p>&#8220;Es re\u0101li g\u016bstu kaifu no t\u0101, ka tu ierodies taj\u0101 drav\u0101, tur ir nekt\u0101rs sanests, tev ir t\u0101s medus telpas. Bites lido. Daba zied. Tas ir kaifs, kad daba zied,&#8221; priec\u0101j\u0101s bi\u0161kopis.<\/p>\n<p><a href=\"https:\/\/www.lsm.lv\/temas\/zemes-stasti\/\" class=\"lsm-link\" data-type=\"theme\" data-id=\"22614\" rel=\"nofollow noopener\" target=\"_blank\">Citi &#8220;Zemes st\u0101sti&#8221;<\/a><\/p>\n<p style=\"text-align:right\"><a action=\"list\" catid=\"0\" cnt=\"6\" href=\"http:\/\/%7Bmodule%20widgetid=\" id=\"articles\" layout=\"\" layoutid=\"0\" no_filter=\"n\" ordering=\"published\" paging=\"n\" source=\"\" template_id=\"2largeno_lead\" themeid=\"22614\" title=\"\" title_url=\"\" target=\"_blank\" rel=\"nofollow\">Vair\u0101k<\/a><\/p>\n","protected":false},"excerpt":{"rendered":"Zemnieku saimniec\u012bb\u0101 &#8220;Ba\u013c\u013cas&#8221; zum bi\u0161u un cilv\u0113ku laimes saj\u016bta. Ieva un Helmuts Bergholdi neizv\u0113l\u0113j\u0101s bites \u2013 t\u0101s izv\u0113l\u0113j\u0101s&hellip;\n","protected":false},"author":2,"featured_media":103771,"comment_status":"","ping_status":"","sticky":false,"template":"","format":"standard","meta":{"footnotes":""},"categories":[12],"tags":[23,28,29,32,33,22,30,31,35,39,38,36,37,34,40,20,26,27,24,25,21],"class_list":{"0":"post-103770","1":"post","2":"type-post","3":"status-publish","4":"format-standard","5":"has-post-thumbnail","7":"category-latvija","8":"tag-aktualitates","9":"tag-breaking-news","10":"tag-breakingnews","11":"tag-featured-news","12":"tag-featurednews","13":"tag-headlines","14":"tag-latest-news","15":"tag-latestnews","16":"tag-latvia","17":"tag-latvian","18":"tag-latviesu","19":"tag-latviesu-valoda","20":"tag-latviesuvaloda","21":"tag-latvija","22":"tag-lv","23":"tag-news","24":"tag-popularakas-zinas","25":"tag-popularakaszinas","26":"tag-top-stories","27":"tag-topstories","28":"tag-zinas"},"share_on_mastodon":{"url":"https:\/\/pubeurope.com\/@lv\/115891647536064035","error":""},"_links":{"self":[{"href":"https:\/\/www.europesays.com\/lv\/wp-json\/wp\/v2\/posts\/103770","targetHints":{"allow":["GET"]}}],"collection":[{"href":"https:\/\/www.europesays.com\/lv\/wp-json\/wp\/v2\/posts"}],"about":[{"href":"https:\/\/www.europesays.com\/lv\/wp-json\/wp\/v2\/types\/post"}],"author":[{"embeddable":true,"href":"https:\/\/www.europesays.com\/lv\/wp-json\/wp\/v2\/users\/2"}],"replies":[{"embeddable":true,"href":"https:\/\/www.europesays.com\/lv\/wp-json\/wp\/v2\/comments?post=103770"}],"version-history":[{"count":0,"href":"https:\/\/www.europesays.com\/lv\/wp-json\/wp\/v2\/posts\/103770\/revisions"}],"wp:featuredmedia":[{"embeddable":true,"href":"https:\/\/www.europesays.com\/lv\/wp-json\/wp\/v2\/media\/103771"}],"wp:attachment":[{"href":"https:\/\/www.europesays.com\/lv\/wp-json\/wp\/v2\/media?parent=103770"}],"wp:term":[{"taxonomy":"category","embeddable":true,"href":"https:\/\/www.europesays.com\/lv\/wp-json\/wp\/v2\/categories?post=103770"},{"taxonomy":"post_tag","embeddable":true,"href":"https:\/\/www.europesays.com\/lv\/wp-json\/wp\/v2\/tags?post=103770"}],"curies":[{"name":"wp","href":"https:\/\/api.w.org\/{rel}","templated":true}]}}