{"id":103776,"date":"2026-01-14T04:57:07","date_gmt":"2026-01-14T04:57:07","guid":{"rendered":"https:\/\/www.europesays.com\/lv\/103776\/"},"modified":"2026-01-14T04:57:07","modified_gmt":"2026-01-14T04:57:07","slug":"generalmeginajums-pirms-olimpiskajam-spelem-dailslidotaji-ar-vasiljevu-prieksgala-pieradis-sevi-eiropas-cempionata-jauns-lv","status":"publish","type":"post","link":"https:\/\/www.europesays.com\/lv\/103776\/","title":{"rendered":"\u0122ener\u0101lm\u0113\u0123in\u0101jums pirms olimpiskaj\u0101m sp\u0113l\u0113m. Dai\u013cslidot\u0101ji ar Vasi\u013cjevu priek\u0161gal\u0101 pier\u0101d\u012bs sevi Eiropas \u010dempion\u0101t\u0101 &#8211; Jauns.lv"},"content":{"rendered":"<ol>\n<li><a href=\"https:\/\/news.google.com\/rss\/articles\/CBMi5wFBVV95cUxOQmh0SDhSOXUzcllDVkxmRktqUWt5TS1vODlKSENhYXFtaGJZczMwZHRKZldWR1lVOTc4QUZDdHpVSUxFVlJqNlR3M3g1a0FabGs1NGRLU0dSZUl1MlFSVnhLTVMxSng3S0l2TkxQN0RoMnB6OFYzWnl3d1prMFhLVFd6Wjk2US1RMGwxZzR2ZzlnNTBNLWQxaHY4TUxhQUxTdHNIdllmQjVraFVlSUNHUEkzOFVZSkQycS10ZDFDejgyS01XYlo0VVFTbWxDMHdnX004a05ad2h3Q2JOS2R1U0xNT3VVOHc?oc=5\" target=\"_blank\" rel=\"nofollow noopener\">\u0122ener\u0101lm\u0113\u0123in\u0101jums pirms olimpiskaj\u0101m sp\u0113l\u0113m. Dai\u013cslidot\u0101ji ar Vasi\u013cjevu priek\u0161gal\u0101 pier\u0101d\u012bs sevi Eiropas \u010dempion\u0101t\u0101<\/a>&nbsp;&nbsp;Jauns.lv<\/li>\n<li><a href=\"https:\/\/news.google.com\/rss\/articles\/CBMingFBVV95cUxPSFV3aUlWQVdKVWZ0dWx3SGFZUkZ2MEFNaUdGODd3SE1ZYVBTVF9tQmY1N0VkZkQtUVZwZDRsNnJXMlhhR3RrcGM0bHVzM1l0d3NUQThKQ3VMNTlZalp4bGxRblVHdkNzNHFLQWhTRlAzY3pqRkU3Z2VYSEpSalRvYVdWb3AwQkdRa1ZBcFhaMnNIdVBFYnhaSGVNTFBpQQ?oc=5\" target=\"_blank\" rel=\"nofollow noopener\">Interneta tie\u0161raide \u00abEiropas \u010dempion\u0101ts dai\u013cslido\u0161an\u0101. Ritma deja<\/a>&nbsp;&nbsp;REplay.lv<\/li>\n<li><a href=\"https:\/\/news.google.com\/rss\/articles\/CBMitAFBVV95cUxNT3B0dG5ja2xFemE4NGJybmVhMlNtdTk5TlItekVsVm5QS0VmbkNMZWVRdUtHRHhWYU5HNFBVYW9SZ0kzT25MY1BxZ2kwSVhYUW9kOWtKOFVkN1k3OUpINmc5c3J5MnpTdU13TjZ4b0JDQ205NWhTZGl3ektvOXE5QS01QmVBa2pBSXpLalo3MTdicXZjVFFmXzdIUHQzRlc3SGc3anlXWFAxNF9FY3l6NUY4bnk?oc=5\" target=\"_blank\" rel=\"nofollow noopener\">Interneta tie\u0161raide \u00abEiropas \u010dempion\u0101ts dai\u013cslido\u0161an\u0101. Izv\u0113les programma v\u012brie\u0161iem<\/a>&nbsp;&nbsp;REplay.lv<\/li>\n<li><a href=\"https:\/\/news.google.com\/rss\/articles\/CBMirwFBVV95cUxNZS1ReTh2aTlEYVgzenFGWnA0a3NianhoT0ZSTE9KNjRkTVUxQ3BkS0hzcnBvems1cFhZOS1YZVZ2aWRzcmFhQ3ZVQ2oxVmFIbGVKZ2dIWDZNM1V2X2pmbS1yRW9idjBkeDFBNXRxdWVRMFhWTTNSSnladVZ6UEZ1Z2RlOU1GeFp2OUNLdFBma0s4R2MtdjJ0MWIzdlhoU2RFYXVway1aQ0ozWnBCVG9z?oc=5\" target=\"_blank\" rel=\"nofollow noopener\">Interneta tie\u0161raide \u00abEiropas \u010dempion\u0101ts dai\u013cslido\u0161an\u0101. \u012as\u0101 programma sieviet\u0113m<\/a>&nbsp;&nbsp;REplay.lv<\/li>\n<li><a href=\"https:\/\/news.google.com\/rss\/articles\/CBMiqgFBVV95cUxQb19mMDNjTEY0bkgzYzZHS3NrUlRVTW5ScGc3UHFXS3RJS1lfd0lCLXprTTNuRVBOV3pxSUtrNGV6WUxvMURjWjJXT1UyZlBRZFRIMzRfRXJmTkxvSVdkQlowWE1EXzVOdnFySnN0eklWWkJuUjVOcnd4RHNTeU0xc0R1XzAyNEJ5RFU5Q3NLYkNZWFNmN2RSMXJxQnAzZ1lRN18wUi1yNTJodw?oc=5\" target=\"_blank\" rel=\"nofollow noopener\">Interneta tie\u0161raide \u00abEiropas \u010dempion\u0101ts dai\u013cslido\u0161an\u0101. Paraugdemonstr\u0113jumi<\/a>&nbsp;&nbsp;REplay.lv<\/li>\n<\/ol>\n","protected":false},"excerpt":{"rendered":"\u0122ener\u0101lm\u0113\u0123in\u0101jums pirms olimpiskaj\u0101m sp\u0113l\u0113m. Dai\u013cslidot\u0101ji ar Vasi\u013cjevu priek\u0161gal\u0101 pier\u0101d\u012bs sevi Eiropas \u010dempion\u0101t\u0101&nbsp;&nbsp;Jauns.lv Interneta tie\u0161raide \u00abEiropas \u010dempion\u0101ts dai\u013cslido\u0161an\u0101. Ritma&hellip;\n","protected":false},"author":2,"featured_media":103777,"comment_status":"","ping_status":"","sticky":false,"template":"","format":"standard","meta":{"footnotes":""},"categories":[17],"tags":[35,39,38,36,37,34,40,67],"class_list":{"0":"post-103776","1":"post","2":"type-post","3":"status-publish","4":"format-standard","5":"has-post-thumbnail","7":"category-sports","8":"tag-latvia","9":"tag-latvian","10":"tag-latviesu","11":"tag-latviesu-valoda","12":"tag-latviesuvaloda","13":"tag-latvija","14":"tag-lv","15":"tag-sports"},"share_on_mastodon":{"url":"https:\/\/pubeurope.com\/@lv\/115891682952671666","error":""},"_links":{"self":[{"href":"https:\/\/www.europesays.com\/lv\/wp-json\/wp\/v2\/posts\/103776","targetHints":{"allow":["GET"]}}],"collection":[{"href":"https:\/\/www.europesays.com\/lv\/wp-json\/wp\/v2\/posts"}],"about":[{"href":"https:\/\/www.europesays.com\/lv\/wp-json\/wp\/v2\/types\/post"}],"author":[{"embeddable":true,"href":"https:\/\/www.europesays.com\/lv\/wp-json\/wp\/v2\/users\/2"}],"replies":[{"embeddable":true,"href":"https:\/\/www.europesays.com\/lv\/wp-json\/wp\/v2\/comments?post=103776"}],"version-history":[{"count":0,"href":"https:\/\/www.europesays.com\/lv\/wp-json\/wp\/v2\/posts\/103776\/revisions"}],"wp:featuredmedia":[{"embeddable":true,"href":"https:\/\/www.europesays.com\/lv\/wp-json\/wp\/v2\/media\/103777"}],"wp:attachment":[{"href":"https:\/\/www.europesays.com\/lv\/wp-json\/wp\/v2\/media?parent=103776"}],"wp:term":[{"taxonomy":"category","embeddable":true,"href":"https:\/\/www.europesays.com\/lv\/wp-json\/wp\/v2\/categories?post=103776"},{"taxonomy":"post_tag","embeddable":true,"href":"https:\/\/www.europesays.com\/lv\/wp-json\/wp\/v2\/tags?post=103776"}],"curies":[{"name":"wp","href":"https:\/\/api.w.org\/{rel}","templated":true}]}}