{"id":103784,"date":"2026-01-14T05:03:06","date_gmt":"2026-01-14T05:03:06","guid":{"rendered":"https:\/\/www.europesays.com\/lv\/103784\/"},"modified":"2026-01-14T05:03:06","modified_gmt":"2026-01-14T05:03:06","slug":"latvijas-biatlonistes-pasaules-kausa-stafete-oberhofa-izcina-15-vietu-lente-lv","status":"publish","type":"post","link":"https:\/\/www.europesays.com\/lv\/103784\/","title":{"rendered":"Latvijas biatlonistes Pasaules kausa stafet\u0113 Oberhof\u0101 izc\u012bna 15. vietu\u00a0\u2014\u00a0Lente.lv"},"content":{"rendered":"<p>Pasaules kausa posms V\u0101cij\u0101 nosl\u0113dzies ar 15. vietu<\/p>\n<p>Sestdien, 10. janv\u0101r\u012b, V\u0101cijas pils\u0113t\u0101 Oberhof\u0101 notieko\u0161\u0101 Pasaules kausa biatlona ceturt\u0101 posma ietvaros Latvijas sievie\u0161u komanda 4&#215;6 kilometru stafetes sacens\u012bb\u0101s fini\u0161\u0113ja 15. poz\u012bcij\u0101. Komand\u0101 start\u0113ja Estere Volfa, Baiba Bendika, Annija Keita Sabule un Elza Bleidele. K\u0101 zi\u0146o telekan\u0101ls TV3, kopum\u0101 tika izmantotas 16 rezerves patronas un veikti tr\u012bs soda ap\u013ci, kas b\u016btiski ietekm\u0113ja komandas rezult\u0101tu.<\/p>\n<p>Individu\u0101lais sniegums stafetes posmos<\/p>\n<p>Sacens\u012bbas Latvijai ies\u0101ka Estere Volfa, kura gan gu\u013cus, gan st\u0101vus \u0161au\u0161an\u0101 izmantoja \u010detras rezerves patronas. Neskatoties uz prec\u012bzo \u0161au\u0161anu, vi\u0146a sp\u0113ja nodot stafeti augstaj\u0101 piektaj\u0101 viet\u0101. Otraj\u0101 posm\u0101 Baibai Bendikai gu\u013cus \u0161au\u0161an\u0101 bija nepiecie\u0161amas divas rezerves patronas, ta\u010du st\u0101vus \u0161au\u0161ana izr\u0101d\u012bj\u0101s neveiksm\u012bga, veicot tr\u012bs soda ap\u013cus un stafeti nododot 13. viet\u0101. Annija Sabule stafetes tre\u0161aj\u0101 posm\u0101 izmantoja vienu rezerves patronu st\u0101vus, ta\u010du zaud\u0113ja \u0101trumu tras\u0113, atk\u0101pjoties uz 14. poz\u012bciju. Nosl\u0113dzo\u0161aj\u0101 posm\u0101 Elza Bleidele gan gu\u013cus, gan st\u0101vus \u0161au\u0161an\u0101 izmantoja visas tr\u012bs rezerves patronas, tom\u0113r sp\u0113ja izvair\u012bties no soda ap\u013ca.<\/p>\n<p>Kopv\u0113rt\u0113juma aina un konkurence<\/p>\n<p>Pasaules kausa posm\u0101 biatlon\u0101 Oberhof\u0101 par uzvar\u0113t\u0101j\u0101m k\u013cuva Francijas komanda, kas vad\u012bbu notur\u0113ja visas sacens\u012bbas garum\u0101. Sudraba meda\u013cas izc\u012bn\u012bja Norv\u0113\u0123ijas biatlonistes, bet bronzas godalgas ieguva V\u0101cijas sportistes. Kopum\u0101 stafet\u0113 start\u0113ja 19 komandas. Latvijas kvartets fini\u0161\u0113ja pusmin\u016bti aiz Ukrainas un vair\u0101k nek\u0101 divas min\u016btes priek\u0161\u0101 Igaunijai.<\/p>\n<p>Sezonas konteksts un n\u0101kamie izaicin\u0101jumi<\/p>\n<p>\u0160is Pasaules kausa posms Oberhof\u0101 norisin\u0101j\u0101s no 2026. gada 8. l\u012bdz 11. janv\u0101rim un ietv\u0113ra gan sprintu, gan iedz\u012b\u0161anas sacens\u012bbas, gan stafetes. Latvijas biatlonistes, tostarp Baiba Bendika, iepriek\u0161\u0113j\u0101s sezon\u0101s ir demonstr\u0113ju\u0161as sp\u0113ju konkur\u0113t augst\u0101 l\u012bmen\u012b. \u0160oreiz stafet\u0113 gan lab\u0101ko desmitnieku sasniegt neizdev\u0101s. Komandas sniegums par\u0101da gan stipr\u0101s puses, gan ar\u012b iesp\u0113jas uzlabojumiem turpm\u0101kajos startos, \u012bpa\u0161i \u0161au\u0161anas precizit\u0101tes un \u0101truma zi\u0146\u0101 tras\u0113.<\/p>\n","protected":false},"excerpt":{"rendered":"Pasaules kausa posms V\u0101cij\u0101 nosl\u0113dzies ar 15. vietu Sestdien, 10. janv\u0101r\u012b, V\u0101cijas pils\u0113t\u0101 Oberhof\u0101 notieko\u0161\u0101 Pasaules kausa biatlona&hellip;\n","protected":false},"author":2,"featured_media":103785,"comment_status":"","ping_status":"","sticky":false,"template":"","format":"standard","meta":{"footnotes":""},"categories":[17],"tags":[1499,35,39,38,36,37,34,25013,40,24304,2560,67,16690],"class_list":{"0":"post-103784","1":"post","2":"type-post","3":"status-publish","4":"format-standard","5":"has-post-thumbnail","7":"category-sports","8":"tag-biatlons","9":"tag-latvia","10":"tag-latvian","11":"tag-latviesu","12":"tag-latviesu-valoda","13":"tag-latviesuvaloda","14":"tag-latvija","15":"tag-latvijas-biatlonistes","16":"tag-lv","17":"tag-oberhofa","18":"tag-pasaules-kauss","19":"tag-sports","20":"tag-stafete"},"share_on_mastodon":{"url":"https:\/\/pubeurope.com\/@lv\/115891706393275546","error":""},"_links":{"self":[{"href":"https:\/\/www.europesays.com\/lv\/wp-json\/wp\/v2\/posts\/103784","targetHints":{"allow":["GET"]}}],"collection":[{"href":"https:\/\/www.europesays.com\/lv\/wp-json\/wp\/v2\/posts"}],"about":[{"href":"https:\/\/www.europesays.com\/lv\/wp-json\/wp\/v2\/types\/post"}],"author":[{"embeddable":true,"href":"https:\/\/www.europesays.com\/lv\/wp-json\/wp\/v2\/users\/2"}],"replies":[{"embeddable":true,"href":"https:\/\/www.europesays.com\/lv\/wp-json\/wp\/v2\/comments?post=103784"}],"version-history":[{"count":0,"href":"https:\/\/www.europesays.com\/lv\/wp-json\/wp\/v2\/posts\/103784\/revisions"}],"wp:featuredmedia":[{"embeddable":true,"href":"https:\/\/www.europesays.com\/lv\/wp-json\/wp\/v2\/media\/103785"}],"wp:attachment":[{"href":"https:\/\/www.europesays.com\/lv\/wp-json\/wp\/v2\/media?parent=103784"}],"wp:term":[{"taxonomy":"category","embeddable":true,"href":"https:\/\/www.europesays.com\/lv\/wp-json\/wp\/v2\/categories?post=103784"},{"taxonomy":"post_tag","embeddable":true,"href":"https:\/\/www.europesays.com\/lv\/wp-json\/wp\/v2\/tags?post=103784"}],"curies":[{"name":"wp","href":"https:\/\/api.w.org\/{rel}","templated":true}]}}