{"id":103786,"date":"2026-01-14T05:06:16","date_gmt":"2026-01-14T05:06:16","guid":{"rendered":"https:\/\/www.europesays.com\/lv\/103786\/"},"modified":"2026-01-14T05:06:16","modified_gmt":"2026-01-14T05:06:16","slug":"tad-ir-vai-nav-jaiet-uz-skolu-sestdien-sabiedriba-jau-atkal-uzvirmo-dusmas-par-parceltajam-darba-dienam","status":"publish","type":"post","link":"https:\/\/www.europesays.com\/lv\/103786\/","title":{"rendered":"Tad ir vai nav j\u0101iet uz skolu sestdien? Sabiedr\u012bb\u0101 jau atkal uzvirmo dusmas par p\u0101rceltaj\u0101m darba dien\u0101m"},"content":{"rendered":"<p>    <img decoding=\"async\" src=\"https:\/\/lastatic.ams3.cdn.digitaloceanspaces.com\/2025\/03\/LET_24820712-1-800x489.jpg\" alt=\"&#10;Ilustrat\u012bvs foto. Kuld\u012bgas Centra vidusskolas skol\u0113ni.&#10;\"\/><\/p>\n<p>Ilustrat\u012bvs foto. Kuld\u012bgas Centra vidusskolas skol\u0113ni.<\/p>\n<p>Foto: Edijs P\u0101lens\/LETA\n<\/p>\n<p>11:20, 13. janv\u0101ris 2026<\/p>\n<p>Garas br\u012bvdienas \u0161\u0137iet k\u0101 sapnis, kuru v\u0113las visi, ta\u010du pavisam nesen, kad ziemassv\u0113tkos un jaunaj\u0101 gad\u0101 bija daudz br\u012bvu dienu, atkl\u0101j\u0101s, ka ne visi br\u012bvdienas izbauda, un cilv\u0113kus kaitina doma par <a href=\"https:\/\/www.la.lv\/japartrauc-si-mazosanas-tik-garas-svetku-brivdienas-dalai-sabiedribas-jau-ir-apnikusas\" rel=\"noopener nofollow\" target=\"_blank\">darba dienu p\u0101rcel\u0161anu<\/a>. K\u0101 reizi strauji tuvojas p\u0101rcelt\u0101 darba diena, un sabiedr\u012bb\u0101 jau izskan pirm\u0101s kritikas un neapmierin\u0101t\u012bba.<\/p>\n<p>        Las\u012bt\u0101kie<br \/>\n        <a data-imagesrc=\"{&quot;300&quot;:&quot;https:\\\/\\\/lastatic.ams3.cdn.digitaloceanspaces.com\\\/2026\\\/01\\\/pexels-andrew-hewitt-24040512-7595577-300x169.jpg&quot;,&quot;1024&quot;:&quot;https:\\\/\\\/lastatic.ams3.cdn.digitaloceanspaces.com\\\/2026\\\/01\\\/pexels-andrew-hewitt-24040512-7595577-1024x576.jpg&quot;,&quot;1536&quot;:&quot;https:\\\/\\\/lastatic.ams3.cdn.digitaloceanspaces.com\\\/2026\\\/01\\\/pexels-andrew-hewitt-24040512-7595577-1536x864.jpg&quot;,&quot;500&quot;:&quot;https:\\\/\\\/lastatic.ams3.cdn.digitaloceanspaces.com\\\/2026\\\/01\\\/pexels-andrew-hewitt-24040512-7595577-500x281.jpg&quot;,&quot;800&quot;:&quot;https:\\\/\\\/lastatic.ams3.cdn.digitaloceanspaces.com\\\/2026\\\/01\\\/pexels-andrew-hewitt-24040512-7595577-800x450.jpg&quot;,&quot;2560&quot;:&quot;https:\\\/\\\/lastatic.ams3.cdn.digitaloceanspaces.com\\\/2026\\\/01\\\/pexels-andrew-hewitt-24040512-7595577-scaled.jpg&quot;}\" data-focuspoint=\"&quot;&quot;\" data-p=\"2493671\" href=\"https:\/\/www.la.lv\/sis-zodiaka-zimes-saskaras-ar-pagrieziena-punktu-dzive-tam-nekad-vairs-nebus-tada-ka-lidz-sim\" class=\"content-item lazy-load\" wp_automatic_readability=\"27\" rel=\"nofollow noopener\" target=\"_blank\"><\/p>\n<p>                                <img decoding=\"async\" src=\"\" alt=\"\" style=\"\" data-imageid=\"\"\/><\/p>\n<p>                                Kokteilis<\/p>\n<p>\n                                                \u0160\u012bs zodiaka z\u012bmes saskaras ar pagrieziena punktu: dz\u012bve t\u0101m nekad vairs neb\u016bs t\u0101da, k\u0101 l\u012bdz \u0161im\n                            <\/p>\n<p><\/a><a data-imagesrc=\"{&quot;300&quot;:&quot;https:\\\/\\\/lastatic.ams3.cdn.digitaloceanspaces.com\\\/2017\\\/10\\\/Pauls2_TS_4-300x264.jpg&quot;,&quot;768&quot;:&quot;https:\\\/\\\/lastatic.ams3.cdn.digitaloceanspaces.com\\\/2017\\\/10\\\/Pauls2_TS_4-768x676.jpg&quot;,&quot;80&quot;:&quot;https:\\\/\\\/lastatic.ams3.cdn.digitaloceanspaces.com\\\/2017\\\/10\\\/Pauls2_TS_4-80x48.jpg&quot;,&quot;112&quot;:&quot;https:\\\/\\\/lastatic.ams3.cdn.digitaloceanspaces.com\\\/2017\\\/10\\\/Pauls2_TS_4-112x64.jpg&quot;,&quot;664&quot;:&quot;https:\\\/\\\/lastatic.ams3.cdn.digitaloceanspaces.com\\\/2017\\\/10\\\/Pauls2_TS_4-664x584.jpg&quot;,&quot;182&quot;:&quot;https:\\\/\\\/lastatic.ams3.cdn.digitaloceanspaces.com\\\/2017\\\/10\\\/Pauls2_TS_4-182x160.jpg&quot;,&quot;263&quot;:&quot;https:\\\/\\\/lastatic.ams3.cdn.digitaloceanspaces.com\\\/2017\\\/10\\\/Pauls2_TS_4-263x231.jpg&quot;,&quot;384&quot;:&quot;https:\\\/\\\/lastatic.ams3.cdn.digitaloceanspaces.com\\\/2017\\\/10\\\/Pauls2_TS_4-384x338.jpg&quot;,&quot;118&quot;:&quot;https:\\\/\\\/lastatic.ams3.cdn.digitaloceanspaces.com\\\/2017\\\/10\\\/Pauls2_TS_4-118x70.jpg&quot;,&quot;348&quot;:&quot;https:\\\/\\\/lastatic.ams3.cdn.digitaloceanspaces.com\\\/2017\\\/10\\\/Pauls2_TS_4-348x225.jpg&quot;,&quot;640&quot;:&quot;https:\\\/\\\/lastatic.ams3.cdn.digitaloceanspaces.com\\\/2017\\\/10\\\/Pauls2_TS_4-640x640.jpg&quot;,&quot;90&quot;:&quot;https:\\\/\\\/lastatic.ams3.cdn.digitaloceanspaces.com\\\/2017\\\/10\\\/Pauls2_TS_4-90x58.jpg&quot;,&quot;1000&quot;:&quot;https:\\\/\\\/lastatic.ams3.cdn.digitaloceanspaces.com\\\/2017\\\/10\\\/Pauls2_TS_4.jpg&quot;}\" data-focuspoint=\"&quot;&quot;\" data-p=\"2492257\" href=\"https:\/\/www.la.lv\/slapjs-uzvalka-bailes-no-porzinga-un-brauciens-uz-krematoriju-raimonda-paula-joku-izlase-kas-sasmidina-lidz-asaram\" class=\"content-item lazy-load\" wp_automatic_readability=\"27.5\" rel=\"nofollow noopener\" target=\"_blank\"><\/p>\n<p>                                <img decoding=\"async\" src=\"\" alt=\"\" style=\"\" data-imageid=\"\"\/><\/p>\n<p>                                Kokteilis<\/p>\n<p>\n                                                Slapj\u0161 uzvalk\u0101, bailes no Porzi\u0146\u0123a un brauciens uz krematoriju \u2013 Raimonda Paula joku izlase, kas sasm\u012bdina l\u012bdz asar\u0101m<\/p>\n<p><\/a><a data-imagesrc=\"{&quot;300&quot;:&quot;https:\\\/\\\/lastatic.ams3.cdn.digitaloceanspaces.com\\\/2025\\\/11\\\/pexels-ketut-subiyanto-4246061-300x200.jpg&quot;,&quot;1024&quot;:&quot;https:\\\/\\\/lastatic.ams3.cdn.digitaloceanspaces.com\\\/2025\\\/11\\\/pexels-ketut-subiyanto-4246061-1024x683.jpg&quot;,&quot;1536&quot;:&quot;https:\\\/\\\/lastatic.ams3.cdn.digitaloceanspaces.com\\\/2025\\\/11\\\/pexels-ketut-subiyanto-4246061-1536x1024.jpg&quot;,&quot;500&quot;:&quot;https:\\\/\\\/lastatic.ams3.cdn.digitaloceanspaces.com\\\/2025\\\/11\\\/pexels-ketut-subiyanto-4246061-500x333.jpg&quot;,&quot;800&quot;:&quot;https:\\\/\\\/lastatic.ams3.cdn.digitaloceanspaces.com\\\/2025\\\/11\\\/pexels-ketut-subiyanto-4246061-800x533.jpg&quot;,&quot;2560&quot;:&quot;https:\\\/\\\/lastatic.ams3.cdn.digitaloceanspaces.com\\\/2025\\\/11\\\/pexels-ketut-subiyanto-4246061-scaled.jpg&quot;}\" data-focuspoint=\"&quot;&quot;\" data-p=\"2492892\" href=\"https:\/\/www.la.lv\/ja-tavs-vards-sakas-ar-vienu-no-siem-pieciem-burtiem-tev-ir-paveicies\" class=\"content-item lazy-load\" wp_automatic_readability=\"26.5\" rel=\"nofollow noopener\" target=\"_blank\"><\/p>\n<p>                                <img decoding=\"async\" src=\"\" alt=\"\" style=\"\" data-imageid=\"\"\/><\/p>\n<p>\n                                                Ja tavs v\u0101rds s\u0101kas ar vienu no \u0161iem pieciem burtiem, tev ir paveicies\n                            <\/p>\n<p><\/a><br \/>\n        <a class=\"read-more\" href=\"https:\/\/www.la.lv\/top\" rel=\"nofollow noopener\" target=\"_blank\">Las\u012bt citas zi\u0146as<\/a><\/p>\n<p>K\u0101 v\u0113sta zi\u0146u a\u0123ent\u016bra LETA, par sv\u0113tku dien\u0101m un to sist\u0113mu Latvij\u0101 viedokli paudu\u0161i ar\u012b eksperti. Domn\u012bcas LaSER p\u0101rst\u0101ve Annemarija Apine uzsver, ka sv\u0113tku dienu p\u0101rcel\u0161ana ilgtermi\u0146\u0101 neuzlabo str\u0101d\u0101jo\u0161o labb\u016bt\u012bbu. <\/p>\n<p>\u201cPapildu br\u012bvdienas ilgtermi\u0146\u0101 struktur\u0101li neietekm\u0113 str\u0101d\u0101jo\u0161o labb\u016bt\u012bbu,\u201d nor\u0101da Apine. Vi\u0146a piebilst, ka br\u012bvdienu p\u0101rcel\u0161anu b\u016btu v\u0113lams aizst\u0101t ar br\u012bvpr\u0101t\u012bgu izv\u0113li \u2013 tie nodarbin\u0101tie, kas v\u0113las gar\u0101kas nep\u0101rtrauktas br\u012bvdienas, var izmantot atva\u013cin\u0101juma dienas.<\/p>\n<p>    CITI \u0160OBR\u012aD LASA<\/p>\n<p>Apine ar\u012b atz\u012bm\u0113, ka \u0161\u0101da pieeja uz\u0146\u0113mumiem \u013cautu lab\u0101k piel\u0101goties starptautiskajam tirgum un publisk\u0101 sektora darba laikam, turkl\u0101t nerad\u012btu produktivit\u0101tes kritumu sestdien\u0101s, kad tiek atstr\u0101d\u0101tas p\u0101rcelt\u0101s darba dienas. <\/p>\n<blockquote><p>Zi\u0146ojum\u0101 ar\u012b ieteikts apsv\u0113rt iesp\u0113ju atteikties no papildu br\u012bvdien\u0101m gad\u012bjumos, kad 18. novembris vai 4. maijs iekr\u012bt br\u012bvdien\u0101s.<\/p><\/blockquote>\n<p>Lai gan nodarbin\u0101tajiem br\u012bvdienas var \u0161\u0137ist k\u0101 papildu labums un \u012bstermi\u0146\u0101 uzlabot mor\u0101lo noska\u0146ojumu, ilgtermi\u0146\u0101 t\u0101s struktur\u0101li neuzlabo labb\u016bt\u012bbu. Taj\u0101 pa\u0161\u0101 laik\u0101 uz\u0146\u0113m\u0113jus negat\u012bvi ietekm\u0113 p\u0101rcelt\u0101s darba dienas un citas Latvijas sv\u0113tku sist\u0113mas \u012bpatn\u012bbas, uzsver Apine.<\/p>\n<p>Ar\u012b sabiedr\u012bb\u0101 \u0161is jaut\u0101jums rais\u012bjis diskusijas soci\u0101lajos t\u012bklos. K\u0101da mamma soci\u0101lo mediju platform\u0101 \u201cThreads\u201d raksta: \u201cEs kaut ko nesaprotu \u2013 ja b\u0113rniem bija skol\u0101s br\u012bvlaiks, k\u0101p\u0113c j\u0101str\u0101d\u0101 \u0161aj\u0101 17. janv\u0101r\u012b it k\u0101 darbadiena?\u201d<\/p>\n<p>Krist\u012bne nor\u0101da, ka vi\u0146u gad\u012bjum\u0101 vec\u0101ki sa\u0146\u0113mu\u0161i e-pastu, kur\u0101 skaidrots, ka p\u0101rcelt\u0101 darba diena attiecas tikai uz skolot\u0101jiem, un taj\u0101 paredz\u0113tas san\u0101ksmes pedagogiem.<\/p>\n<p>Martins piebilst: \u201cMan visas sestdienas un sv\u0113tdienas ir br\u012bvas, ar\u012b visas sv\u0113tku un p\u0101rcelt\u0101s dienas. Valsts iest\u0101d\u0113s t\u0101s t\u0101pat ir ats\u0113d\u0113\u0161anas dienas l\u012bdz plkst. 15.00. Ko vi\u0146i m\u0113\u0123ina ar to pier\u0101d\u012bt?\u201d<\/p>\n<p>Citi vec\u0101ki ar\u012b apstiprina, ka p\u0101rcelt\u0101 darba diena attiecas vien\u012bgi uz skolas darbiniekiem, bet b\u0113rniem sestdien uz skolu nav j\u0101dodas.<\/p>\n<p><img decoding=\"async\" src=\"https:\/\/lastatic.ams3.cdn.digitaloceanspaces.com\/2026\/01\/briv1.jpeg\" alt=\"\"\/><\/p>\n<p>Autores ori\u0123in\u0101lais ieraksts.<br \/>\nFOTO: Ekr\u0101n\u0161\u0101vi\u0146\u0161\/\u00a0\u201cThreads\u201d\n<\/p>\n<p><img decoding=\"async\" src=\"https:\/\/lastatic.ams3.cdn.digitaloceanspaces.com\/2026\/01\/briv2.jpeg\" alt=\"\"\/><\/p>\n<p>FOTO: Ekr\u0101n\u0161\u0101vi\u0146\u0161\/\u00a0\u201cThreads\u201d\n<\/p>\n<p><img decoding=\"async\" src=\"https:\/\/lastatic.ams3.cdn.digitaloceanspaces.com\/2026\/01\/briv3.jpeg\" alt=\"\"\/><\/p>\n<p>FOTO: Ekr\u0101n\u0161\u0101vi\u0146\u0161\/\u00a0\u201cThreads\u201d\n<\/p>\n<p><img decoding=\"async\" src=\"https:\/\/lastatic.ams3.cdn.digitaloceanspaces.com\/2026\/01\/briv4.jpeg\" alt=\"\"\/><\/p>\n<p>FOTO: Ekr\u0101n\u0161\u0101vi\u0146\u0161\/\u00a0\u201cThreads\u201d\n<\/p>\n<p><img decoding=\"async\" src=\"https:\/\/lastatic.ams3.cdn.digitaloceanspaces.com\/2026\/01\/briv5.jpeg\" alt=\"\"\/><\/p>\n<p>FOTO: Ekr\u0101n\u0161\u0101vi\u0146\u0161\/\u00a0\u201cThreads\u201d\n<\/p>\n<p><img decoding=\"async\" src=\"https:\/\/lastatic.ams3.cdn.digitaloceanspaces.com\/2026\/01\/briv7.jpeg\" alt=\"\"\/><\/p>\n<p>FOTO: Ekr\u0101n\u0161\u0101vi\u0146\u0161\/\u00a0\u201cThreads\u201d\n<\/p>\n<p><img decoding=\"async\" src=\"https:\/\/lastatic.ams3.cdn.digitaloceanspaces.com\/2026\/01\/briv8.jpeg\" alt=\"\"\/><\/p>\n<p>FOTO: Ekr\u0101n\u0161\u0101vi\u0146\u0161\/\u00a0\u201cThreads\u201d\n<\/p>\n<p><img decoding=\"async\" src=\"https:\/\/lastatic.ams3.cdn.digitaloceanspaces.com\/2026\/01\/briv9.jpeg\" alt=\"\"\/><\/p>\n<p>FOTO: Ekr\u0101n\u0161\u0101vi\u0146\u0161\/\u00a0\u201cThreads\u201d\n<\/p>\n<p>    Zi\u0146o!<\/p>\n<p>\n        Ja ar\u012b Tu v\u0113lies padal\u012bties ar savu st\u0101stu\n    <\/p>\n<p>    <a class=\"zino-calltoaction__button\" href=\"https:\/\/zino.la.lv\" rel=\"nofollow noopener\" target=\"_blank\">Zi\u0146o!<\/a><\/p>\n<p>    LA.LV Aptauja<br \/>\n    Tev sestdien ir j\u0101iet uz darbu?<\/p>\n<p>T\u0113mas<\/p>\n<p>    SAIST\u012aTIE RAKSTI<\/p>\n","protected":false},"excerpt":{"rendered":"Ilustrat\u012bvs foto. Kuld\u012bgas Centra vidusskolas skol\u0113ni. Foto: Edijs P\u0101lens\/LETA 11:20, 13. janv\u0101ris 2026 Garas br\u012bvdienas \u0161\u0137iet k\u0101 sapnis,&hellip;\n","protected":false},"author":2,"featured_media":1017,"comment_status":"","ping_status":"","sticky":false,"template":"","format":"standard","meta":{"footnotes":""},"categories":[12],"tags":[23,28,29,32,33,22,30,31,35,39,38,36,37,34,40,20,26,27,24,25,21],"class_list":{"0":"post-103786","1":"post","2":"type-post","3":"status-publish","4":"format-standard","5":"has-post-thumbnail","7":"category-latvija","8":"tag-aktualitates","9":"tag-breaking-news","10":"tag-breakingnews","11":"tag-featured-news","12":"tag-featurednews","13":"tag-headlines","14":"tag-latest-news","15":"tag-latestnews","16":"tag-latvia","17":"tag-latvian","18":"tag-latviesu","19":"tag-latviesu-valoda","20":"tag-latviesuvaloda","21":"tag-latvija","22":"tag-lv","23":"tag-news","24":"tag-popularakas-zinas","25":"tag-popularakaszinas","26":"tag-top-stories","27":"tag-topstories","28":"tag-zinas"},"share_on_mastodon":{"url":"https:\/\/pubeurope.com\/@lv\/115891718304434759","error":""},"_links":{"self":[{"href":"https:\/\/www.europesays.com\/lv\/wp-json\/wp\/v2\/posts\/103786","targetHints":{"allow":["GET"]}}],"collection":[{"href":"https:\/\/www.europesays.com\/lv\/wp-json\/wp\/v2\/posts"}],"about":[{"href":"https:\/\/www.europesays.com\/lv\/wp-json\/wp\/v2\/types\/post"}],"author":[{"embeddable":true,"href":"https:\/\/www.europesays.com\/lv\/wp-json\/wp\/v2\/users\/2"}],"replies":[{"embeddable":true,"href":"https:\/\/www.europesays.com\/lv\/wp-json\/wp\/v2\/comments?post=103786"}],"version-history":[{"count":0,"href":"https:\/\/www.europesays.com\/lv\/wp-json\/wp\/v2\/posts\/103786\/revisions"}],"wp:featuredmedia":[{"embeddable":true,"href":"https:\/\/www.europesays.com\/lv\/wp-json\/wp\/v2\/media\/1017"}],"wp:attachment":[{"href":"https:\/\/www.europesays.com\/lv\/wp-json\/wp\/v2\/media?parent=103786"}],"wp:term":[{"taxonomy":"category","embeddable":true,"href":"https:\/\/www.europesays.com\/lv\/wp-json\/wp\/v2\/categories?post=103786"},{"taxonomy":"post_tag","embeddable":true,"href":"https:\/\/www.europesays.com\/lv\/wp-json\/wp\/v2\/tags?post=103786"}],"curies":[{"name":"wp","href":"https:\/\/api.w.org\/{rel}","templated":true}]}}