{"id":103793,"date":"2026-01-14T05:19:16","date_gmt":"2026-01-14T05:19:16","guid":{"rendered":"https:\/\/www.europesays.com\/lv\/103793\/"},"modified":"2026-01-14T05:19:16","modified_gmt":"2026-01-14T05:19:16","slug":"kaut-kas-briest-asv-aicina-pilsonus-nekavejoties-pamest-iranu","status":"publish","type":"post","link":"https:\/\/www.europesays.com\/lv\/103793\/","title":{"rendered":"Kaut kas \u201cbriest\u201d: ASV aicina pilso\u0146us nekav\u0113joties pamest Ir\u0101nu"},"content":{"rendered":"<p>    <img decoding=\"async\" src=\"https:\/\/www.europesays.com\/lv\/wp-content\/uploads\/2026\/01\/1768367956_681_0701_cits_tramps_makrons_poster-1024x576.jpg\" alt=\"&#10;\"\/><\/p>\n<p>14:33, 13. janv\u0101ris 2026<\/p>\n<p>Amerik\u0101\u0146u amatpersonas br\u012bdina, ka prezidents var\u0113tu vispirms dot triecienu un tikai p\u0113c tam s\u0113sties pie sarunu galda, v\u0113sta \u0101rzemju mediji.<\/p>\n<p>        Las\u012bt\u0101kie<br \/>\n        <a data-imagesrc=\"{&quot;300&quot;:&quot;https:\\\/\\\/lastatic.ams3.cdn.digitaloceanspaces.com\\\/2017\\\/10\\\/Pauls2_TS_4-300x264.jpg&quot;,&quot;768&quot;:&quot;https:\\\/\\\/lastatic.ams3.cdn.digitaloceanspaces.com\\\/2017\\\/10\\\/Pauls2_TS_4-768x676.jpg&quot;,&quot;80&quot;:&quot;https:\\\/\\\/lastatic.ams3.cdn.digitaloceanspaces.com\\\/2017\\\/10\\\/Pauls2_TS_4-80x48.jpg&quot;,&quot;112&quot;:&quot;https:\\\/\\\/lastatic.ams3.cdn.digitaloceanspaces.com\\\/2017\\\/10\\\/Pauls2_TS_4-112x64.jpg&quot;,&quot;664&quot;:&quot;https:\\\/\\\/lastatic.ams3.cdn.digitaloceanspaces.com\\\/2017\\\/10\\\/Pauls2_TS_4-664x584.jpg&quot;,&quot;182&quot;:&quot;https:\\\/\\\/lastatic.ams3.cdn.digitaloceanspaces.com\\\/2017\\\/10\\\/Pauls2_TS_4-182x160.jpg&quot;,&quot;263&quot;:&quot;https:\\\/\\\/lastatic.ams3.cdn.digitaloceanspaces.com\\\/2017\\\/10\\\/Pauls2_TS_4-263x231.jpg&quot;,&quot;384&quot;:&quot;https:\\\/\\\/lastatic.ams3.cdn.digitaloceanspaces.com\\\/2017\\\/10\\\/Pauls2_TS_4-384x338.jpg&quot;,&quot;118&quot;:&quot;https:\\\/\\\/lastatic.ams3.cdn.digitaloceanspaces.com\\\/2017\\\/10\\\/Pauls2_TS_4-118x70.jpg&quot;,&quot;348&quot;:&quot;https:\\\/\\\/lastatic.ams3.cdn.digitaloceanspaces.com\\\/2017\\\/10\\\/Pauls2_TS_4-348x225.jpg&quot;,&quot;640&quot;:&quot;https:\\\/\\\/lastatic.ams3.cdn.digitaloceanspaces.com\\\/2017\\\/10\\\/Pauls2_TS_4-640x640.jpg&quot;,&quot;90&quot;:&quot;https:\\\/\\\/lastatic.ams3.cdn.digitaloceanspaces.com\\\/2017\\\/10\\\/Pauls2_TS_4-90x58.jpg&quot;,&quot;1000&quot;:&quot;https:\\\/\\\/lastatic.ams3.cdn.digitaloceanspaces.com\\\/2017\\\/10\\\/Pauls2_TS_4.jpg&quot;}\" data-focuspoint=\"&quot;&quot;\" data-p=\"2492257\" href=\"https:\/\/www.la.lv\/slapjs-uzvalka-bailes-no-porzinga-un-brauciens-uz-krematoriju-raimonda-paula-joku-izlase-kas-sasmidina-lidz-asaram\" class=\"content-item lazy-load\" wp_automatic_readability=\"27.5\" rel=\"nofollow noopener\" target=\"_blank\"><\/p>\n<p>                                <img decoding=\"async\" src=\"\" alt=\"\" style=\"\" data-imageid=\"\"\/><\/p>\n<p>                                Kokteilis<\/p>\n<p>\n                                                Slapj\u0161 uzvalk\u0101, bailes no Porzi\u0146\u0123a un brauciens uz krematoriju \u2013 Raimonda Paula joku izlase, kas sasm\u012bdina l\u012bdz asar\u0101m<\/p>\n<p><\/a><a data-imagesrc=\"{&quot;300&quot;:&quot;https:\\\/\\\/lastatic.ams3.cdn.digitaloceanspaces.com\\\/2025\\\/11\\\/pexels-ketut-subiyanto-4246061-300x200.jpg&quot;,&quot;1024&quot;:&quot;https:\\\/\\\/lastatic.ams3.cdn.digitaloceanspaces.com\\\/2025\\\/11\\\/pexels-ketut-subiyanto-4246061-1024x683.jpg&quot;,&quot;1536&quot;:&quot;https:\\\/\\\/lastatic.ams3.cdn.digitaloceanspaces.com\\\/2025\\\/11\\\/pexels-ketut-subiyanto-4246061-1536x1024.jpg&quot;,&quot;500&quot;:&quot;https:\\\/\\\/lastatic.ams3.cdn.digitaloceanspaces.com\\\/2025\\\/11\\\/pexels-ketut-subiyanto-4246061-500x333.jpg&quot;,&quot;800&quot;:&quot;https:\\\/\\\/lastatic.ams3.cdn.digitaloceanspaces.com\\\/2025\\\/11\\\/pexels-ketut-subiyanto-4246061-800x533.jpg&quot;,&quot;2560&quot;:&quot;https:\\\/\\\/lastatic.ams3.cdn.digitaloceanspaces.com\\\/2025\\\/11\\\/pexels-ketut-subiyanto-4246061-scaled.jpg&quot;}\" data-focuspoint=\"&quot;&quot;\" data-p=\"2492892\" href=\"https:\/\/www.la.lv\/ja-tavs-vards-sakas-ar-vienu-no-siem-pieciem-burtiem-tev-ir-paveicies\" class=\"content-item lazy-load\" wp_automatic_readability=\"26.5\" rel=\"nofollow noopener\" target=\"_blank\"><\/p>\n<p>                                <img decoding=\"async\" src=\"\" alt=\"\" style=\"\" data-imageid=\"\"\/><\/p>\n<p>\n                                                Ja tavs v\u0101rds s\u0101kas ar vienu no \u0161iem pieciem burtiem, tev ir paveicies\n                            <\/p>\n<p><\/a><a data-imagesrc=\"{&quot;300&quot;:&quot;https:\\\/\\\/lastatic.ams3.cdn.digitaloceanspaces.com\\\/2026\\\/01\\\/pexels-cottonbro-9654725-300x200.jpg&quot;,&quot;1024&quot;:&quot;https:\\\/\\\/lastatic.ams3.cdn.digitaloceanspaces.com\\\/2026\\\/01\\\/pexels-cottonbro-9654725-1024x683.jpg&quot;,&quot;1536&quot;:&quot;https:\\\/\\\/lastatic.ams3.cdn.digitaloceanspaces.com\\\/2026\\\/01\\\/pexels-cottonbro-9654725-1536x1024.jpg&quot;,&quot;500&quot;:&quot;https:\\\/\\\/lastatic.ams3.cdn.digitaloceanspaces.com\\\/2026\\\/01\\\/pexels-cottonbro-9654725-500x333.jpg&quot;,&quot;800&quot;:&quot;https:\\\/\\\/lastatic.ams3.cdn.digitaloceanspaces.com\\\/2026\\\/01\\\/pexels-cottonbro-9654725-800x533.jpg&quot;,&quot;2560&quot;:&quot;https:\\\/\\\/lastatic.ams3.cdn.digitaloceanspaces.com\\\/2026\\\/01\\\/pexels-cottonbro-9654725-scaled.jpg&quot;}\" data-focuspoint=\"&quot;&quot;\" data-p=\"2488952\" href=\"https:\/\/www.la.lv\/astrologi-sarindojusi-zodiaka-zimes-pec-prata-spejam-pirmo-vietu-aiznem-dvini-bet-pedejo\" class=\"content-item lazy-load\" wp_automatic_readability=\"27\" rel=\"nofollow noopener\" target=\"_blank\"><\/p>\n<p>                                <img decoding=\"async\" src=\"\" alt=\"\" style=\"\" data-imageid=\"\"\/><\/p>\n<p>                                Kokteilis<\/p>\n<p>\n                                                Astrologi sarindoju\u0161i zodiaka z\u012bmes p\u0113c pr\u0101ta sp\u0113j\u0101m: pirmo vietu aiz\u0146em Dv\u012b\u0146i, bet p\u0113d\u0113jo\u2026\n                            <\/p>\n<p><\/a><br \/>\n        <a class=\"read-more\" href=\"https:\/\/www.la.lv\/top\" rel=\"nofollow noopener\" target=\"_blank\">Las\u012bt citas zi\u0146as<\/a><\/p>\n<p>P\u0113c tam, kad ASV prezidents Donalds Tramps publiski piedraud\u0113ja ar milit\u0101r\u0101m darb\u012bb\u0101m, Amerikas Savienot\u0101s Valstis aicin\u0101ju\u0161as savus pilso\u0146us nekav\u0113joties pamest Ir\u0101nu.<\/p>\n<p>Otrdien izplat\u012btaj\u0101 dro\u0161\u012bbas br\u012bdin\u0101jum\u0101 ASV v\u0113stniec\u012bba Ir\u0101n\u0101 nor\u0101d\u012bja, ka protesti \u201ceskal\u0113jas un var p\u0101raugt vardarb\u012bb\u0101, izraisot arestus un ievainojumus\u201d.<\/p>\n<p>    CITI \u0160OBR\u012aD LASA<\/p>\n<p>Br\u012bdin\u0101jum\u0101 teikts, ka valst\u012b turpin\u0101s pastiprin\u0101ti dro\u0161\u012bbas pas\u0101kumi, ce\u013cu sl\u0113g\u0161ana, sabiedrisk\u0101 transporta trauc\u0113jumi un interneta blo\u0137\u0113\u0161ana.<\/p>\n<blockquote><p>\u201cPametiet Ir\u0101nu nekav\u0113joties un izstr\u0101d\u0101jiet izce\u013co\u0161anas pl\u0101nu, kas nav atkar\u012bgs no ASV vald\u012bbas pal\u012bdz\u012bbas,\u201d teikts pazi\u0146ojum\u0101.<\/p><\/blockquote>\n<p>K\u0101da Ir\u0101nas amatpersona a\u0123ent\u016brai \u201cReuters\u201d pav\u0113st\u012bja, ka protestu laik\u0101 l\u012bdz \u0161im boj\u0101 g\u0101ju\u0161i aptuveni 2000 cilv\u0113ku, tostarp dro\u0161\u012bbas sp\u0113ku p\u0101rst\u0101vji.<\/p>\n<p>ASV prezidents Tramps pirmdien pazi\u0146oja, ka \u201cnevilcin\u0101sies pielietot milit\u0101ru sp\u0113ku\u201d, lai sod\u012btu re\u017e\u012bmu, tom\u0113r uzsv\u0113ra, ka prim\u0101ri cent\u012bsies pan\u0101kt diplom\u0101tisku risin\u0101jumu.<\/p>\n<blockquote><p>V\u0113l\u0101k taj\u0101 pa\u0161\u0101 dien\u0101 Tramps pazi\u0146oja par pl\u0101niem ieviest 25% tarifu prec\u0113m no valst\u012bm, kas sadarbojas ar Ir\u0101nu. Tiek uzskat\u012bts, ka \u0161is solis visvair\u0101k var\u0113tu ietekm\u0113t \u0136\u012bnu.<\/p><\/blockquote>\n<p>Desmitiem t\u016bksto\u0161u cilv\u0113ku p\u0113d\u0113j\u0101s dien\u0101s izg\u0101ju\u0161i iel\u0101s pils\u0113t\u0101s un ciematos vis\u0101 valst\u012b \u2013 t\u0101d\u0101 apjom\u0101, k\u0101ds p\u0113d\u0113jos gados nav bijis. \u0160ie protesti k\u013cuvu\u0161i par vienu no nopietn\u0101kajiem izaicin\u0101jumiem autorit\u0101rajam re\u017e\u012bmam kop\u0161 1979. gada.<\/p>\n<p>Cilv\u0113kties\u012bbu organiz\u0101cijas zi\u0146o, ka kop\u0161 demonstr\u0101ciju s\u0101kuma pag\u0101ju\u0161\u0101 gada 28. decembr\u012b boj\u0101 g\u0101ju\u0161i vismaz 648 cilv\u0113ki. Tom\u0113r patieso skaitu apgr\u016btina pla\u0161ais interneta atsl\u0113gums valst\u012b, un tiek pie\u013cauts, ka upuru skaits ir iev\u0113rojami liel\u0101ks.<\/p>\n<p>Ir\u0101nas varasiest\u0101des turpina ierobe\u017eot interneta pieejam\u012bbu, cen\u0161oties apspiest nemierus. Vienlaikus otrdienas r\u012bt\u0101 pirmo reizi vair\u0101k nek\u0101 100 stundu laik\u0101 da\u013c\u0113ji atjaunoti starptautiskie telefona sakari.<\/p>\n<p>ASV pase \u2013 pietiekams iemesls aiztur\u0113\u0161anai<\/p>\n<p>ASV pilso\u0146iem, kuri joproj\u0101m atrodas Ir\u0101n\u0101, ieteikts apsv\u0113rt iesp\u0113ju valsti pamest pa sauszemi, dodoties uz Arm\u0113niju vai Turciju.<\/p>\n<blockquote><p>ASV v\u0113stniec\u012bba br\u012bdin\u0101ja, ka amerik\u0101\u0146iem draud nopietns nopratin\u0101\u0161anas, aresta un aiztur\u0113\u0161anas risks, uzsverot, ka ASV pases uzr\u0101d\u012b\u0161ana vai saikne ar Savienotaj\u0101m Valst\u012bm var tikt uzskat\u012bta par pietiekamu pamatu aiztur\u0113\u0161anai.<\/p><\/blockquote>\n<p>Lielbrit\u0101nijas vald\u012bba aicina attur\u0113ties no jebk\u0101diem ce\u013cojumiem uz Ir\u0101nu un iesaka saviem pilso\u0146iem, kas jau atrodas valst\u012b, \u201cr\u016bp\u012bgi apsv\u0113rt savu kl\u0101tb\u016btni un riskus, uzturoties \u0161eit\u201d.<\/p>\n<p>Isl\u0101ma Republika aps\u016bdz\u0113jusi ASV un Izra\u0113lu par nemieru kurin\u0101\u0161anu un br\u012bdin\u0101jusi pret milit\u0101r\u0101m darb\u012bb\u0101m.<\/p>\n<p>Tramps v\u0113l nav pie\u0146\u0113mis gal\u012bgo l\u0113mumu<\/p>\n<p>ASV amatpersonas laikrakstam \u201cWall Street Journal\u201d past\u0101st\u012bja, ka prezidents Tramps sliecas uzbrukt Ir\u0101nai, bet v\u0113l nav pie\u0146\u0113mis gal\u012bgo l\u0113mumu. Vienlaikus vi\u0146\u0161 apsver diplom\u0101tiskas sarunas par Ir\u0101nas kodolprogrammas ierobe\u017eo\u0161anu.<\/p>\n<p>Rea\u0123\u0113jot uz protestiem, Teher\u0101n\u0101 vakar vakar\u0101 notika vald\u012bbu atbalsto\u0161a demonstr\u0101cija. Re\u017e\u012bms cen\u0161as apspiest tos, kas aicina uz t\u0101 kri\u0161anu.<\/p>\n<p>Ir\u0101nas trimd\u0101 eso\u0161ais kro\u0146princis Reza Pahlavi aicin\u0101jis Trampu iejaukties, nor\u0101dot, ka tas var\u0113tu samazin\u0101t upuru skaitu un destabiliz\u0113t autorit\u0101ro re\u017e\u012bmu.<\/p>\n<p>T\u0113mas<\/p>\n<p>    SAIST\u012aTIE RAKSTI<\/p>\n","protected":false},"excerpt":{"rendered":"14:33, 13. janv\u0101ris 2026 Amerik\u0101\u0146u amatpersonas br\u012bdina, ka prezidents var\u0113tu vispirms dot triecienu un tikai p\u0113c tam s\u0113sties&hellip;\n","protected":false},"author":2,"featured_media":98488,"comment_status":"","ping_status":"","sticky":false,"template":"","format":"standard","meta":{"footnotes":""},"categories":[5],"tags":[23,28,29,32,33,22,30,31,35,39,38,36,37,34,40,20,26,27,24,25,21],"class_list":{"0":"post-103793","1":"post","2":"type-post","3":"status-publish","4":"format-standard","5":"has-post-thumbnail","7":"category-aktualitates","8":"tag-aktualitates","9":"tag-breaking-news","10":"tag-breakingnews","11":"tag-featured-news","12":"tag-featurednews","13":"tag-headlines","14":"tag-latest-news","15":"tag-latestnews","16":"tag-latvia","17":"tag-latvian","18":"tag-latviesu","19":"tag-latviesu-valoda","20":"tag-latviesuvaloda","21":"tag-latvija","22":"tag-lv","23":"tag-news","24":"tag-popularakas-zinas","25":"tag-popularakaszinas","26":"tag-top-stories","27":"tag-topstories","28":"tag-zinas"},"share_on_mastodon":{"url":"https:\/\/pubeurope.com\/@lv\/115891769364138687","error":""},"_links":{"self":[{"href":"https:\/\/www.europesays.com\/lv\/wp-json\/wp\/v2\/posts\/103793","targetHints":{"allow":["GET"]}}],"collection":[{"href":"https:\/\/www.europesays.com\/lv\/wp-json\/wp\/v2\/posts"}],"about":[{"href":"https:\/\/www.europesays.com\/lv\/wp-json\/wp\/v2\/types\/post"}],"author":[{"embeddable":true,"href":"https:\/\/www.europesays.com\/lv\/wp-json\/wp\/v2\/users\/2"}],"replies":[{"embeddable":true,"href":"https:\/\/www.europesays.com\/lv\/wp-json\/wp\/v2\/comments?post=103793"}],"version-history":[{"count":0,"href":"https:\/\/www.europesays.com\/lv\/wp-json\/wp\/v2\/posts\/103793\/revisions"}],"wp:featuredmedia":[{"embeddable":true,"href":"https:\/\/www.europesays.com\/lv\/wp-json\/wp\/v2\/media\/98488"}],"wp:attachment":[{"href":"https:\/\/www.europesays.com\/lv\/wp-json\/wp\/v2\/media?parent=103793"}],"wp:term":[{"taxonomy":"category","embeddable":true,"href":"https:\/\/www.europesays.com\/lv\/wp-json\/wp\/v2\/categories?post=103793"},{"taxonomy":"post_tag","embeddable":true,"href":"https:\/\/www.europesays.com\/lv\/wp-json\/wp\/v2\/tags?post=103793"}],"curies":[{"name":"wp","href":"https:\/\/api.w.org\/{rel}","templated":true}]}}