{"id":103794,"date":"2026-01-14T05:20:08","date_gmt":"2026-01-14T05:20:08","guid":{"rendered":"https:\/\/www.europesays.com\/lv\/103794\/"},"modified":"2026-01-14T05:20:08","modified_gmt":"2026-01-14T05:20:08","slug":"vina-joprojam-ir-klatesosa-jenzis-izstasta-ka-pec-arstes-aizsilnieces-aiziesanas-viens-audzina-meitinu-santa","status":"publish","type":"post","link":"https:\/\/www.europesays.com\/lv\/103794\/","title":{"rendered":"\u00abVi\u0146a joproj\u0101m ir kl\u0101teso\u0161a\u2026\u00bb Jenzis izst\u0101sta, k\u0101 p\u0113c \u0101rstes Aizsilnieces aizie\u0161anas viens audzina meiti\u0146u \u2014 Santa"},"content":{"rendered":"<p>\t\t\t\t\u00a0<\/p>\n<p>Ilz\u012bti m\u012bl\u0113ja daudzi\u2026<\/p>\n<p>J\u0101nis Jenzis nupat aizvad\u012bjis pirmos Ziemassv\u0113tkus, jaun\u0101 gada sagaid\u012b\u0161anu un meitas Annas sv\u0113tku ball\u012btes bez sava tuv\u0101k\u0101 cilv\u0113ka \u2013 Latvijas \u0100rstu biedr\u012bbas vad\u012bt\u0101jas Ilzes Aizsilnieces. P\u0113rn maij\u0101 p\u0113c smagas slim\u012bbas Ilze dev\u0101s m\u016b\u017e\u012bb\u0101, bet dz\u012bve turpin\u0101s. Cit\u0101di. \u00abIlz\u012bti m\u012bl\u0113ja daudzi. To var\u0113ja redz\u0113t ar\u012b p\u0113c t\u0101, cik daudz cilv\u0113ku bija atn\u0101ku\u0161i uz atvadu dievkalpojumu Tor\u0146akalna bazn\u012bc\u0101\u2026\u00bb saka J\u0101nis. \u00abM\u016bs pirms 30 gadiem iepaz\u012bstin\u0101ja Andrejs \u017dagars, un ar laiku sajut\u0101m, ka esam radniec\u012bgas dv\u0113seles, tik \u013coti abi bij\u0101m uz viena vi\u013c\u0146a,\u00bb vi\u0146\u0161 piebilst.<\/p>\n<p>Kop\u0161 atvadu dienas pag\u0101jis vair\u0101k nek\u0101 pusgads, un aizvien ir br\u012b\u017ei, kad J\u0101nim \u013coti gribas ar Ilzi aprun\u0101ties, padal\u012bties ar k\u0101du ideju, pajaut\u0101t padomu\u2026 \u00abP\u0113c b\u0113r\u0113m daudzi man rakst\u012bja labus v\u0101rdus par Ilzi \u2013 cik \u013coti vi\u0146a pal\u012bdz\u0113jusi, bet biznesa tik\u0161an\u0101s nereti p\u0101rv\u0113rtu\u0161\u0101s par \u013coti personisk\u0101m sarun\u0101m. Izr\u0101d\u0101s, ne viens vien nopietns uz\u0146\u0113m\u0113js agri zaud\u0113jis k\u0101du no vec\u0101kiem. Zinu ar\u012b to, ka daudziem Ilzes pacientiem un m\u016bsu kop\u0113jiem draugiem interes\u0113, k\u0101 mums ar Anni\u0146u kl\u0101jas.<\/p>\n","protected":false},"excerpt":{"rendered":"\u00a0 Ilz\u012bti m\u012bl\u0113ja daudzi\u2026 J\u0101nis Jenzis nupat aizvad\u012bjis pirmos Ziemassv\u0113tkus, jaun\u0101 gada sagaid\u012b\u0161anu un meitas Annas sv\u0113tku ball\u012btes&hellip;\n","protected":false},"author":2,"featured_media":103773,"comment_status":"","ping_status":"","sticky":false,"template":"","format":"standard","meta":{"footnotes":""},"categories":[19],"tags":[89,90,35,39,38,36,37,34,40],"class_list":{"0":"post-103794","1":"post","2":"type-post","3":"status-publish","4":"format-standard","5":"has-post-thumbnail","7":"category-izklaide","8":"tag-entertainment","9":"tag-izklaide","10":"tag-latvia","11":"tag-latvian","12":"tag-latviesu","13":"tag-latviesu-valoda","14":"tag-latviesuvaloda","15":"tag-latvija","16":"tag-lv"},"share_on_mastodon":{"url":"https:\/\/pubeurope.com\/@lv\/115891773277364944","error":""},"_links":{"self":[{"href":"https:\/\/www.europesays.com\/lv\/wp-json\/wp\/v2\/posts\/103794","targetHints":{"allow":["GET"]}}],"collection":[{"href":"https:\/\/www.europesays.com\/lv\/wp-json\/wp\/v2\/posts"}],"about":[{"href":"https:\/\/www.europesays.com\/lv\/wp-json\/wp\/v2\/types\/post"}],"author":[{"embeddable":true,"href":"https:\/\/www.europesays.com\/lv\/wp-json\/wp\/v2\/users\/2"}],"replies":[{"embeddable":true,"href":"https:\/\/www.europesays.com\/lv\/wp-json\/wp\/v2\/comments?post=103794"}],"version-history":[{"count":0,"href":"https:\/\/www.europesays.com\/lv\/wp-json\/wp\/v2\/posts\/103794\/revisions"}],"wp:featuredmedia":[{"embeddable":true,"href":"https:\/\/www.europesays.com\/lv\/wp-json\/wp\/v2\/media\/103773"}],"wp:attachment":[{"href":"https:\/\/www.europesays.com\/lv\/wp-json\/wp\/v2\/media?parent=103794"}],"wp:term":[{"taxonomy":"category","embeddable":true,"href":"https:\/\/www.europesays.com\/lv\/wp-json\/wp\/v2\/categories?post=103794"},{"taxonomy":"post_tag","embeddable":true,"href":"https:\/\/www.europesays.com\/lv\/wp-json\/wp\/v2\/tags?post=103794"}],"curies":[{"name":"wp","href":"https:\/\/api.w.org\/{rel}","templated":true}]}}