{"id":103795,"date":"2026-01-14T05:24:07","date_gmt":"2026-01-14T05:24:07","guid":{"rendered":"https:\/\/www.europesays.com\/lv\/103795\/"},"modified":"2026-01-14T05:24:07","modified_gmt":"2026-01-14T05:24:07","slug":"stiprinot-mates-un-berna-veselibu-grutniecem-un-maminam-kompenses-medikamentus-100-apmera","status":"publish","type":"post","link":"https:\/\/www.europesays.com\/lv\/103795\/","title":{"rendered":"Stiprinot m\u0101tes un b\u0113rna vesel\u012bbu, gr\u016btniec\u0113m un m\u0101mi\u0146\u0101m kompens\u0113s medikamentus 100% apm\u0113r\u0101"},"content":{"rendered":"<p>Lai stiprin\u0101tu m\u0101tes un b\u0113rna vesel\u012bbu un mazin\u0101tu ar gr\u016btniec\u012bbu, dzemd\u012bb\u0101m un p\u0113cdzemd\u012bbu periodu saist\u012btos vesel\u012bbas riskus, gr\u016btniec\u0113m un sieviet\u0113m dzemd\u012bbu un p\u0113cdzemd\u012bbu period\u0101 tiks nodro\u0161in\u0101ta pilna \u2013 100% \u2013 nepiecie\u0161amo medikamentu kompens\u0101cija.<\/p>\n<p>To paredz otrdien vald\u012bbas atbalst\u012btie groz\u012bjumi Ministru kabineta noteikumos \u201cAmbulatorajai \u0101rst\u0113\u0161anai paredz\u0113to z\u0101\u013cu un medic\u012bnisko ier\u012b\u010du ieg\u0101des izdevumu kompens\u0101cijas k\u0101rt\u012bba\u201d.<\/p>\n<p>Pa\u0161laik z\u0101les slim\u012bbu grup\u0101m \u201cVenozas komplik\u0101cijas gr\u016btniec\u012bbas laik\u0101\u201d un \u201cCitur klasific\u0113tas slim\u012bbas, kas sare\u017e\u0123\u012b gr\u016btniec\u012bbu, dzemd\u012bbas un p\u0113cdzemd\u012bbu periodu\u201d tiek kompens\u0113tas 75% apm\u0113r\u0101. Noteikumu groz\u012bjumi paredz \u0161o kompens\u0101ciju palielin\u0101t l\u012bdz 100%, piln\u012bb\u0101 sedzot z\u0101\u013cu izmaksas no valsts bud\u017eeta l\u012bdzek\u013ciem. Tas \u013caus nodro\u0161in\u0101t savlaic\u012bgu \u0101rst\u0113\u0161anu, mazin\u0101t komplik\u0101ciju risku un sniegt liel\u0101ku atbalstu gan m\u0101tes, gan b\u0113rna vesel\u012bbai gr\u016btniec\u012bbas, dzemd\u012bbu un p\u0113cdzemd\u012bbu laik\u0101.<\/p>\n<p>Kop\u0113jais papildu finans\u0113jums medikamentu apmaksai ir 1,38 miljoni eiro.<\/p>\n<p>Medikamentu pieejam\u012bba ir da\u013ca no pla\u0161\u0101kiem pas\u0101kumiem m\u0101tes un b\u0113rna vesel\u012bbas uzlabo\u0161anai, kas ietverti M\u0101tes un b\u0113rna vesel\u012bbas uzlabo\u0161anas pl\u0101n\u0101, t. sk. par z\u0101\u013cu pieejam\u012bbu, t\u0101d\u0113j\u0101di mazinot gan vesel\u012bbas sare\u017e\u0123\u012bjumu riskus, gan ar\u012b finansi\u0101lo slogu \u0123imen\u0113m. M\u0101tes un b\u0113rna vesel\u012bbas apr\u016bpes pakalpojumu pieejam\u012bbas un kvalit\u0101tes uzlabo\u0161ana, k\u0101 ar\u012b z\u0101\u013cu pieejam\u012bbas m\u0113r\u0137tiec\u012bga pilnveide ir vienas no vesel\u012bbas politikas priorit\u0101t\u0113m 2026. gad\u0101.<\/p>\n<p>          <img decoding=\"async\" src=\"https:\/\/www.europesays.com\/lv\/wp-content\/uploads\/2026\/01\/1767645852_487_logo-lv.png\" alt=\"\"\/><\/p>\n<p>                  \u0160\u012b inform\u0101cija ir publisks pazi\u0146ojums un neatspogu\u013co LV port\u0101la viedokli. Par t\u0101s saturu atbild ies\u016bt\u012bt\u0101js. <a data-popup=\"rules\">Public\u0113\u0161anas noteikumi<\/a><\/p>\n","protected":false},"excerpt":{"rendered":"Lai stiprin\u0101tu m\u0101tes un b\u0113rna vesel\u012bbu un mazin\u0101tu ar gr\u016btniec\u012bbu, dzemd\u012bb\u0101m un p\u0113cdzemd\u012bbu periodu saist\u012btos vesel\u012bbas riskus, gr\u016btniec\u0113m&hellip;\n","protected":false},"author":2,"featured_media":103796,"comment_status":"","ping_status":"","sticky":false,"template":"","format":"standard","meta":{"footnotes":""},"categories":[12],"tags":[23,28,29,32,33,22,30,31,35,39,38,36,37,34,40,20,26,27,24,25,21],"class_list":{"0":"post-103795","1":"post","2":"type-post","3":"status-publish","4":"format-standard","5":"has-post-thumbnail","7":"category-latvija","8":"tag-aktualitates","9":"tag-breaking-news","10":"tag-breakingnews","11":"tag-featured-news","12":"tag-featurednews","13":"tag-headlines","14":"tag-latest-news","15":"tag-latestnews","16":"tag-latvia","17":"tag-latvian","18":"tag-latviesu","19":"tag-latviesu-valoda","20":"tag-latviesuvaloda","21":"tag-latvija","22":"tag-lv","23":"tag-news","24":"tag-popularakas-zinas","25":"tag-popularakaszinas","26":"tag-top-stories","27":"tag-topstories","28":"tag-zinas"},"share_on_mastodon":{"url":"https:\/\/pubeurope.com\/@lv\/115891789017115316","error":""},"_links":{"self":[{"href":"https:\/\/www.europesays.com\/lv\/wp-json\/wp\/v2\/posts\/103795","targetHints":{"allow":["GET"]}}],"collection":[{"href":"https:\/\/www.europesays.com\/lv\/wp-json\/wp\/v2\/posts"}],"about":[{"href":"https:\/\/www.europesays.com\/lv\/wp-json\/wp\/v2\/types\/post"}],"author":[{"embeddable":true,"href":"https:\/\/www.europesays.com\/lv\/wp-json\/wp\/v2\/users\/2"}],"replies":[{"embeddable":true,"href":"https:\/\/www.europesays.com\/lv\/wp-json\/wp\/v2\/comments?post=103795"}],"version-history":[{"count":0,"href":"https:\/\/www.europesays.com\/lv\/wp-json\/wp\/v2\/posts\/103795\/revisions"}],"wp:featuredmedia":[{"embeddable":true,"href":"https:\/\/www.europesays.com\/lv\/wp-json\/wp\/v2\/media\/103796"}],"wp:attachment":[{"href":"https:\/\/www.europesays.com\/lv\/wp-json\/wp\/v2\/media?parent=103795"}],"wp:term":[{"taxonomy":"category","embeddable":true,"href":"https:\/\/www.europesays.com\/lv\/wp-json\/wp\/v2\/categories?post=103795"},{"taxonomy":"post_tag","embeddable":true,"href":"https:\/\/www.europesays.com\/lv\/wp-json\/wp\/v2\/tags?post=103795"}],"curies":[{"name":"wp","href":"https:\/\/api.w.org\/{rel}","templated":true}]}}