{"id":103797,"date":"2026-01-14T05:26:07","date_gmt":"2026-01-14T05:26:07","guid":{"rendered":"https:\/\/www.europesays.com\/lv\/103797\/"},"modified":"2026-01-14T05:26:07","modified_gmt":"2026-01-14T05:26:07","slug":"ir-bijusi-periodi-kad-es-tiesam-pati-sevi-aiz-matiem-izrauju-no-nekurienes-santa","status":"publish","type":"post","link":"https:\/\/www.europesays.com\/lv\/103797\/","title":{"rendered":"Ir biju\u0161i periodi, kad es tie\u0161\u0101m pati sevi aiz matiem izrauju no nekurienes \u2014 Santa"},"content":{"rendered":"<p>\t\t\t\t\t\t\t\t\t\tPieturz\u012bmes<\/p>\n<ul>&#13;<\/p>\n<li>Beigusi\u00a0Latvijas Valsts konservatorijas\u00a0Kult\u016bras un m\u0101kslas zin\u0101t\u0146u fakult\u0101ti.<\/li>\n<p>&#13;<\/p>\n<li>Str\u0101d\u0101jusi M\u0101kslas darbinieku nam\u0101 R\u012bg\u0101, Neatkar\u012bgaj\u0101 te\u0101tr\u012b Kabata,\u00a0Jaunaj\u0101 R\u012bgas te\u0101tr\u012b un da\u017e\u0101dos projektu te\u0101tros.<\/li>\n<p>&#13;<\/p>\n<li>Ar izr\u0101di Marl\u0113na D\u012btriha. Caurbraucot, kur\u0101 Raimonda bija titullom\u0101, 2001. gad\u0101 tika atkl\u0101ts te\u0101tra klubs Austrumu robe\u017ea.<\/li>\n<p>&#13;<\/p>\n<li>Vada R\u012bgas Tehnisk\u0101s universit\u0101tes studentu te\u0101tri Sp\u0113le.<\/li>\n<p>&#13;<\/p>\n<li>Grupas D\u0101mu pops dal\u012bbniece.<\/li>\n<p>&#13;<\/p>\n<li>Dzejas gr\u0101matu R\u0113tas. Zelts un Neremdin\u0101mi autore.<\/li>\n<p>&#13;<\/p>\n<li>Ierakst\u012bjusi albumus Lab\u0101k\u0101s dienas un Neatskaties, V\u0113stules rokrakst\u0101 smalk\u0101.<\/li>\n<p>&#13;<\/p>\n<li>D\u0113ls Reinis, mazb\u0113rni Ronja un Hermanis.<\/li>\n<p>&#13;\n<\/ul>\n<p>Raimonda, kuru notikumu j\u016bs nosauktu par p\u0101rsteidzo\u0161\u0101ko aizvad\u012bt\u0101 gada laik\u0101?<\/p>\n<p>Man jau liekas, ka katra diena ir j\u0101nodz\u012bvo kaut k\u0101 sakar\u012bgi. Kad tev ir 63 gadi, tu saproti, ka laiks ir nom\u0113r\u012bts un izm\u0113r\u012bts. K\u0101d\u0101 br\u012bd\u012b s\u0101c r\u0113\u0137in\u0101t, ka dz\u012bve, iesp\u0113jams, ir pus\u0113, tad s\u0101c dom\u0101t \u2013 vai tagad ir nodz\u012bvotas jau divas tre\u0161da\u013cas un palikusi v\u0113l viena? Un tad ir jaut\u0101jums \u2013 k\u0101 piepild\u012bt to p\u0113d\u0113jo tre\u0161da\u013cu ar sakar\u012bgiem notikumiem, negau\u017eoties par to, ka tik maz t\u0101 laika, un nep\u0101rdz\u012bvojot par to, cik daudz ziepju ir sav\u0101r\u012bts un ka vajadz\u0113ja visu dar\u012bt cit\u0101di. Katru dienu m\u0113s esam nulles punkt\u0101.<\/p>\n<blockquote><p>&#13;<\/p>\n<p>Ja j\u016btos iztuk\u0161ota, auksta un skumja, man pietiek pr\u0101ta sev pateikt: tas ir nevis t\u0101p\u0113c, ka mani neviens nem\u012bl, bet t\u0101p\u0113c, ka es nevienu nem\u012blu.<\/p>\n<p>&#13;\n<\/p><\/blockquote>\n<p>Bet iepriek\u0161\u0113jais gads man bija labs un darb\u012bgs. Izn\u0101ca nedaudz pafilm\u0113ties, izveidoju izr\u0101di Pops, roks un laul\u012bba ar J\u0101ni Jar\u0101nu un Gunti Veitu, jaunu izr\u0101di ar\u012b RTU studentu te\u0101tr\u012b Sp\u0113le, dzeju un dziesmu programmas ar aktieriem. Pats galvenais notikums ir \u0161ovs P\u0101rdziedi mani, kas tie\u0161\u0101m man ir liels izaicin\u0101jums. Un man ir br\u012bni\u0161\u0137\u012bga \u0123imene! Esmu om\u012bte \u2013 n\u0113, \u0101m\u012bte \u2013 Ronjai un Hermanim, abi aug griezdamies. Mans d\u0113ls Reinis un Krist\u012bne ir br\u012bni\u0161\u0137\u012bgi vec\u0101ki! M\u0113\u0123inu dar\u012bt sakar\u012bgas lietas, lai darbi un notikumi ietu uz priek\u0161u, un kopum\u0101 man liekas, ka man ir \u013coti labs raksturs, izvairos no konfliktiem, vienm\u0113r m\u0113\u0123inu atrast zelta vidusce\u013cu, esmu laba citiem cilv\u0113kiem. Mans raksturs n\u0101k par sliktu vien\u012bgi man pa\u0161ai.<\/p>\n<p>T\u0101 jau saka, ka cilv\u0113ki, kuri cen\u0161as vienm\u0113r b\u016bt labi pret citiem, nodara p\u0101ri sev\u2026<\/p>\n","protected":false},"excerpt":{"rendered":"Pieturz\u012bmes &#13; Beigusi\u00a0Latvijas Valsts konservatorijas\u00a0Kult\u016bras un m\u0101kslas zin\u0101t\u0146u fakult\u0101ti. &#13; Str\u0101d\u0101jusi M\u0101kslas darbinieku nam\u0101 R\u012bg\u0101, Neatkar\u012bgaj\u0101 te\u0101tr\u012b Kabata,\u00a0Jaunaj\u0101&hellip;\n","protected":false},"author":2,"featured_media":103798,"comment_status":"","ping_status":"","sticky":false,"template":"","format":"standard","meta":{"footnotes":""},"categories":[19],"tags":[89,90,35,39,38,36,37,34,40],"class_list":{"0":"post-103797","1":"post","2":"type-post","3":"status-publish","4":"format-standard","5":"has-post-thumbnail","7":"category-izklaide","8":"tag-entertainment","9":"tag-izklaide","10":"tag-latvia","11":"tag-latvian","12":"tag-latviesu","13":"tag-latviesu-valoda","14":"tag-latviesuvaloda","15":"tag-latvija","16":"tag-lv"},"share_on_mastodon":{"url":"https:\/\/pubeurope.com\/@lv\/115891796878008284","error":""},"_links":{"self":[{"href":"https:\/\/www.europesays.com\/lv\/wp-json\/wp\/v2\/posts\/103797","targetHints":{"allow":["GET"]}}],"collection":[{"href":"https:\/\/www.europesays.com\/lv\/wp-json\/wp\/v2\/posts"}],"about":[{"href":"https:\/\/www.europesays.com\/lv\/wp-json\/wp\/v2\/types\/post"}],"author":[{"embeddable":true,"href":"https:\/\/www.europesays.com\/lv\/wp-json\/wp\/v2\/users\/2"}],"replies":[{"embeddable":true,"href":"https:\/\/www.europesays.com\/lv\/wp-json\/wp\/v2\/comments?post=103797"}],"version-history":[{"count":0,"href":"https:\/\/www.europesays.com\/lv\/wp-json\/wp\/v2\/posts\/103797\/revisions"}],"wp:featuredmedia":[{"embeddable":true,"href":"https:\/\/www.europesays.com\/lv\/wp-json\/wp\/v2\/media\/103798"}],"wp:attachment":[{"href":"https:\/\/www.europesays.com\/lv\/wp-json\/wp\/v2\/media?parent=103797"}],"wp:term":[{"taxonomy":"category","embeddable":true,"href":"https:\/\/www.europesays.com\/lv\/wp-json\/wp\/v2\/categories?post=103797"},{"taxonomy":"post_tag","embeddable":true,"href":"https:\/\/www.europesays.com\/lv\/wp-json\/wp\/v2\/tags?post=103797"}],"curies":[{"name":"wp","href":"https:\/\/api.w.org\/{rel}","templated":true}]}}