{"id":103801,"date":"2026-01-14T05:30:07","date_gmt":"2026-01-14T05:30:07","guid":{"rendered":"https:\/\/www.europesays.com\/lv\/103801\/"},"modified":"2026-01-14T05:30:07","modified_gmt":"2026-01-14T05:30:07","slug":"gaisa-temperatura-valsti-no-7-lidz-17-gradiem-tresdienas-vakara-kurzeme-saksies-sniegputenis-raksts","status":"publish","type":"post","link":"https:\/\/www.europesays.com\/lv\/103801\/","title":{"rendered":"Gaisa temperat\u016bra valst\u012b no -7 l\u012bdz -17 gr\u0101diem, tre\u0161dienas vakar\u0101 Kurzem\u0113 s\u0101ksies sniegputenis \/ Raksts"},"content":{"rendered":"<p>Tre\u0161dienas vakar\u0101 Latvijas rietumos, s\u0101kot no Dienvidkurzemes piekrastes, gaid\u0101ms sniegputenis, prognoz\u0113 sinopti\u0137i.<\/p>\n<p>Neliels sniegvilksnis viet\u0101m s\u0101ksies agr\u0101k \u2013\u00a0no p\u0113cpusdienas valsts rietumu un centr\u0101laj\u0101 da\u013c\u0101 gaid\u0101mas dienvidaustrumu v\u0113ja br\u0101zmas l\u012bdz 9-14 metriem sekund\u0113.<\/p>\n<p>M\u0101ko\u0146i da\u013c\u0113ji kl\u0101s Latvijas debesis, daudzviet sp\u012bd\u0113s saule. Gaisa temperat\u016bra dienas vid\u016b b\u016bs -6..-11 gr\u0101di, viet\u0101m Latgal\u0113 l\u012bdz -13 gr\u0101diem. V\u0113j\u0101 sals \u0161\u0137it\u012bs liel\u0101ks.<\/p>\n<p>R\u012bg\u0101 nav gaid\u0101mi nokri\u0161\u0146i, p\u016bt\u012bs m\u0113rens dienvidaustrumu v\u0113j\u0161 un gaiss iesils l\u012bdz -7..-8 gr\u0101diem.<\/p>\n<p>Laikapst\u0101k\u013cus nosaka paaugstin\u0101ta spiediena apgabals, no rietumiem tuvojas atmosf\u0113ras fronte. Gaisa spiediens j\u016bras l\u012bmen\u012b no 1019 hektopask\u0101liem Latvijas rietumos l\u012bdz 1026 hektopask\u0101liem austrumos.<\/p>\n<p>Tre\u0161dienas r\u012bt\u0101\u00a0plkst. 5 gaisa temperat\u016bra Latvijas Vides, \u0123eolo\u0123ijas un meteorolo\u0123ijas centra (LV\u0122MC) nov\u0113rojumu t\u012bkl\u0101 bija no -7,1 gr\u0101da Kolk\u0101 l\u012bdz -15,5 gr\u0101diem Sta\u013c\u0123en\u0113, bet atbilsto\u0161i &#8220;Latvijas Valsts ce\u013cu&#8221; datiem zem\u0101k\u0101 temperat\u016bra tobr\u012bd bija -17,5 gr\u0101di uz \u0161osejas starp Jelgavu un Olaini.<\/p>\n<p>P\u016b\u0161 l\u0113ns l\u012bdz m\u0113rens dienvidu, dienvidaustrumu v\u0113j\u0161, da\u017eviet austrumu novados saglab\u0101jas bezv\u0113j\u0161. Gaisa kvalit\u0101te sv\u0101rst\u0101s no labas l\u012bdz sliktai.<\/p>\n<p>Debesis m\u0101ko\u0146ainas, bet daudzviet Zemgal\u0113, k\u0101 ar\u012b viet\u0101m Kurzem\u0113 un Vidzem\u0113 m\u0101ko\u0146i ir izkl\u012bdu\u0161i. Bez b\u016btiskiem nokri\u0161\u0146iem.<\/p>\n<p>Sniega biezums nov\u0113rojumu stacij\u0101s no 5-7 centimetriem Kolk\u0101, M\u0113rsrag\u0101, Daugavgr\u012bv\u0101, Aina\u017eos un R\u016bjien\u0101 l\u012bdz 25 centimetriem Dagd\u0101 un Kr\u0101slavas novada Piedruj\u0101.<\/p>\n<p>R\u012bg\u0101 agr\u0101 r\u012bt\u0101 skaidrs laiks, p\u016b\u0161 dienvidu, dienvidaustrumu v\u0113j\u0161 ar \u0101trumu divi tr\u012bs metri sekund\u0113, gaisa temperat\u016bra -10,5 gr\u0101di pils\u0113tas centr\u0101 un -14 gr\u0101di lidost\u0101.<\/p>\n<p>Maksim\u0101l\u0101 gaisa temperat\u016bra otrdien LV\u0122MC nov\u0113rojumu t\u012bkl\u0101 bija no -2,5 gr\u0101diem Kolk\u0101 l\u012bdz -9,2 gr\u0101diem Rucav\u0101.<\/p>\n<p>                    Valodas k\u013c\u016bda rakst\u0101?<\/p>\n<p class=\"d-none d-md-block\">Iez\u012bm\u0113jiet tekstu un spiediet Ctrl+Enter, lai nos\u016bt\u012btu labojamo teksta fragmentu redaktoram! Par faktu k\u013c\u016bd\u0101m l\u016bdzam zi\u0146ot e-past\u0101 <a href=\"https:\/\/www.lsm.lv\/cdn-cgi\/l\/email-protection\" class=\"__cf_email__\" data-cfemail=\"6d1f08090c060e04070c2d011e0043011b\" rel=\"nofollow noopener\" target=\"_blank\">[email\u00a0protected]<\/a>.<\/p>\n<p class=\"d-md-none\">Iez\u012bm\u0113jiet tekstu un spiediet uz Zi\u0146ot par k\u013c\u016bdu pogas, lai nos\u016bt\u012btu labojamo teksta fragmentu redaktoram!<\/p>\n<p>\n                    Zi\u0146ot par k\u013c\u016bdu\n                <\/p>\n","protected":false},"excerpt":{"rendered":"Tre\u0161dienas vakar\u0101 Latvijas rietumos, s\u0101kot no Dienvidkurzemes piekrastes, gaid\u0101ms sniegputenis, prognoz\u0113 sinopti\u0137i. Neliels sniegvilksnis viet\u0101m s\u0101ksies agr\u0101k \u2013\u00a0no&hellip;\n","protected":false},"author":2,"featured_media":103802,"comment_status":"","ping_status":"","sticky":false,"template":"","format":"standard","meta":{"footnotes":""},"categories":[12],"tags":[23,28,29,32,33,22,30,31,35,39,38,36,37,34,40,20,26,27,24,25,21],"class_list":{"0":"post-103801","1":"post","2":"type-post","3":"status-publish","4":"format-standard","5":"has-post-thumbnail","7":"category-latvija","8":"tag-aktualitates","9":"tag-breaking-news","10":"tag-breakingnews","11":"tag-featured-news","12":"tag-featurednews","13":"tag-headlines","14":"tag-latest-news","15":"tag-latestnews","16":"tag-latvia","17":"tag-latvian","18":"tag-latviesu","19":"tag-latviesu-valoda","20":"tag-latviesuvaloda","21":"tag-latvija","22":"tag-lv","23":"tag-news","24":"tag-popularakas-zinas","25":"tag-popularakaszinas","26":"tag-top-stories","27":"tag-topstories","28":"tag-zinas"},"share_on_mastodon":{"url":"https:\/\/pubeurope.com\/@lv\/115891812680397345","error":""},"_links":{"self":[{"href":"https:\/\/www.europesays.com\/lv\/wp-json\/wp\/v2\/posts\/103801","targetHints":{"allow":["GET"]}}],"collection":[{"href":"https:\/\/www.europesays.com\/lv\/wp-json\/wp\/v2\/posts"}],"about":[{"href":"https:\/\/www.europesays.com\/lv\/wp-json\/wp\/v2\/types\/post"}],"author":[{"embeddable":true,"href":"https:\/\/www.europesays.com\/lv\/wp-json\/wp\/v2\/users\/2"}],"replies":[{"embeddable":true,"href":"https:\/\/www.europesays.com\/lv\/wp-json\/wp\/v2\/comments?post=103801"}],"version-history":[{"count":0,"href":"https:\/\/www.europesays.com\/lv\/wp-json\/wp\/v2\/posts\/103801\/revisions"}],"wp:featuredmedia":[{"embeddable":true,"href":"https:\/\/www.europesays.com\/lv\/wp-json\/wp\/v2\/media\/103802"}],"wp:attachment":[{"href":"https:\/\/www.europesays.com\/lv\/wp-json\/wp\/v2\/media?parent=103801"}],"wp:term":[{"taxonomy":"category","embeddable":true,"href":"https:\/\/www.europesays.com\/lv\/wp-json\/wp\/v2\/categories?post=103801"},{"taxonomy":"post_tag","embeddable":true,"href":"https:\/\/www.europesays.com\/lv\/wp-json\/wp\/v2\/tags?post=103801"}],"curies":[{"name":"wp","href":"https:\/\/api.w.org\/{rel}","templated":true}]}}