{"id":103803,"date":"2026-01-14T05:31:04","date_gmt":"2026-01-14T05:31:04","guid":{"rendered":"https:\/\/www.europesays.com\/lv\/103803\/"},"modified":"2026-01-14T05:31:04","modified_gmt":"2026-01-14T05:31:04","slug":"spelgoni-bez-apkures-un-elektribas-kijiva-smagaka-ziema-kops-krievijas-pilna-apmera-iebrukuma-raksts","status":"publish","type":"post","link":"https:\/\/www.europesays.com\/lv\/103803\/","title":{"rendered":"Spelgon\u012b bez apkures un elektr\u012bbas. Kijiv\u0101 smag\u0101k\u0101 ziema kop\u0161 Krievijas pilna apm\u0113ra iebrukuma \/ Raksts"},"content":{"rendered":"<p>Smag\u0101ko ziemu kop\u0161 pilna apm\u0113ra iebrukuma s\u0101kuma \u0161obr\u012bd piedz\u012bvo Kijiva, kas joproj\u0101m m\u0113\u0123ina atg\u016bties no Krievijas 9. janv\u0101ra uzbrukumos nodar\u012btajiem post\u012bjumiem. Laik\u0101, kad gaisa temperat\u016bra turas zem m\u012bnus 10 gr\u0101diem, da\u013c\u0101 galvaspils\u0113tas \u0113ku joproj\u0101m nav apkures un nopietni trauc\u0113ta ar\u012b elektroapg\u0101de.<\/p>\n<p>Spelgon\u012b bez apkures un elektr\u012bbas. Kijiv\u0101 smag\u0101k\u0101 ziema kop\u0161 Krievijas pilna apm\u0113ra iebrukuma<\/p>\n<p style=\"margin-left:0cm; margin-right:0cm\">Nakts uz 9.\u00a0janv\u0101ri Kijiv\u0101 bija viena no smag\u0101kaj\u0101m, k\u0101da\u00a0piedz\u012bvotas pilna apm\u0113ra iebrukuma laik\u0101.\u00a0Uz Ukrainu palaisti 242 da\u017e\u0101da tipa kaujas droni un 36 ballistisk\u0101s un sp\u0101rnot\u0101s ra\u0137etes. Skaitliski tas ne tuvu nav liel\u0101kais r\u0101d\u012bt\u0101js, ta\u010du post\u012bjumu zi\u0146\u0101 uzbrukums tiek raksturots k\u0101 viens no smag\u0101kajiem.\u00a0\u00a0<\/p>\n<p style=\"margin-left:0cm; margin-right:0cm\">Aptuveni puse no vair\u0101k nek\u0101 tr\u012bs miljonu cilv\u0113ku liel\u0101s galvaspils\u0113tas palika bez apkures. Daudzviet pazuda ar\u012b elektr\u012bba un \u016bdens.\u00a0<\/p>\n<blockquote>\n<p style=\"margin-left:0cm; margin-right:0cm\">Kijivas m\u0113rs Vit\u0101lijs Kli\u010dko aicin\u0101jis pils\u0113tas iedz\u012bvot\u0101jus, kam ir iesp\u0113ja, uz laiku pamest galvaspils\u0113tu, bet gl\u0101b\u0161anas dienesti jau vair\u0101kas diennaktis str\u0101d\u0101, lai dz\u012bvok\u013cos atgrieztu elektr\u012bbu un siltumu.\u00a0<\/p>\n<\/blockquote>\n<p style=\"margin-left:0cm; margin-right:0cm\"><img decoding=\"async\" src=\"https:\/\/www.europesays.com\/lv\/wp-content\/uploads\/2026\/01\/sgjs.jpg\" alt=\"Nesalau\u017eam\u012bbas punkts Ukrainas galvaspils\u0113t\u0101 Kijiv\u0101\"\/>Nesalau\u017eam\u012bbas punkts Ukrainas galvaspils\u0113t\u0101 Kijiv\u0101<\/p>\n<p>Foto: Indra Sprance \/ Latvijas Radio<\/p>\n<\/p>\n<p style=\"margin-left:0cm; margin-right:0cm\">&#8220;Situ\u0101cija \u0161obr\u012bd ir sare\u017e\u0123\u012bta. Ir p\u0101rr\u0101vumi elektr\u012bbas padev\u0113, ir p\u0101rr\u0101vumi siltumapg\u0101des padev\u0113, bet visi atbild\u012bgie dienesti, komun\u0101lie dienesti str\u0101d\u0101 un m\u0113\u0123ina p\u0113c iesp\u0113jas \u0101tr\u0101k lokaliz\u0113t probl\u0113mas,&#8221; intervij\u0101 Latvijas Radio st\u0101sta Kijivas valsts administr\u0101cijas D\u0146ipro rajona vad\u012bt\u0101js Andrijs Paladijs. &#8220;Papildus \u0161aj\u0101 viet\u0101 ir izveidoti tr\u012bs sild\u012b\u0161an\u0101s punkti. Pl\u0101nojam uzst\u0101d\u012bt v\u0113l vienu, lai dotu iesp\u0113ju cilv\u0113kiem sasild\u012bties un uzl\u0101d\u0113t savas viedier\u012bces, iedzert siltu t\u0113ju.&#8221;<\/p>\n<p style=\"margin-left:0cm; margin-right:0cm\">Paladija p\u0101rraudz\u012bt\u0101 Kijivas da\u013ca atrodas pils\u0113tas kreisaj\u0101 krast\u0101, kas ir starp t\u0101m viet\u0101m pils\u0113t\u0101, kas vissmag\u0101k izj\u016bt uzbrukuma sekas.\u00a0Cik laika vajadz\u0113s visu post\u012bjumu nov\u0113r\u0161anai, amatpersona pagaid\u0101m izvair\u0101s prognoz\u0113t. Ta\u010du vi\u0146\u0161 atz\u012bst \u2013\u00a0Kijiv\u0101 pien\u0101kusi smag\u0101k\u0101 ziema kop\u0161 pilna apm\u0113ra iebrukuma s\u0101kuma.\u00a0<\/p>\n<blockquote>\n<p style=\"margin-left:0cm; margin-right:0cm\">&#8220;Krievija pak\u0101peniski palielina uzbrukumu skaitu. Ra\u0137e\u0161u, &#8220;\u0160ahed&#8221; uzbrukumi gandr\u012bz jau vairs neaps\u012bkst. Past\u0101v\u012bgi uzbr\u016bk tie\u0161i valsts kritiskajai infrastrukt\u016brai, un atbilsto\u0161i ir \u0161\u0101das sekas,&#8221; vi\u0146\u0161 skaidro.<\/p>\n<\/blockquote>\n<p style=\"margin-left:0cm; margin-right:0cm\"><img decoding=\"async\" src=\"https:\/\/www.europesays.com\/lv\/wp-content\/uploads\/2026\/01\/sgjm.jpg\" alt=\"Cilv\u0113ki sild\u0101s Nesalau\u017eam\u012bbas punkt\u0101 Kijiv\u0101, D\u0146ipro rajon\u0101\"\/>Cilv\u0113ki sild\u0101s Nesalau\u017eam\u012bbas punkt\u0101 Kijiv\u0101, D\u0146ipro rajon\u0101<\/p>\n<p>Foto: Indra Sprance \/ Latvijas Radio<\/p>\n<\/p>\n<p style=\"margin-left:0cm; margin-right:0cm\">Nesalau\u017eam\u012bbas punkts Rusanivk\u0101, D\u0146ipro rajon\u0101, atrodas daudzst\u0101vu dz\u012bvojamo \u0113ku kvart\u0101la vid\u016b. Tas sast\u0101v no div\u0101m telt\u012bm, kas ar \u0123eneratoru pal\u012bdz\u012bbu tiek apkurin\u0101tas. Dienas vid\u016b tur ir pilns ar cilv\u0113kiem.\u00a0<\/p>\n<p style=\"margin-left:0cm; margin-right:0cm\">&#8220;\u0160odien var teikt, ka pirmo reizi kara laik\u0101 atn\u0101cu uz Nesalau\u017eam\u012bbas punktu, jo situ\u0101cija ir kritiska! Mums vair\u0101kas dienas nebija siltuma, bet bija drusku elektr\u012bba. Tagad siltumapg\u0101de dz\u012bvok\u013cos ir atjaunojusies, ir ar\u012b \u016bdens, bet jau veselu dienu nav elektr\u012bbas un visas ener\u0123ijas bankas un viedier\u012bces ir tuk\u0161as,&#8221; st\u0101sta viet\u0113j\u0101 iedz\u012bvot\u0101ja Rima.\u00a0<\/p>\n<p style=\"margin-left:0cm; margin-right:0cm\">&#8220;Mums nav elektr\u012bbas jau otro dienu. Siltuma ar\u012b nav. Karstais \u016bdens uz br\u012bdi bija, tagad nav. \u0160obr\u012bd nav ne karst\u0101 \u016bdens, ne apkures,&#8221; pau\u017e Oleksijs.\u00a0<\/p>\n<p>&#8220;Sare\u017e\u0123\u012bts st\u0101voklis,&#8221; v\u0113rt\u0113 Anna. &#8220;Ir tikai g\u0101ze. Apkures nav. Vakar drusku palaida apkuri, bet ne \u012bpa\u0161i silda. Mazliet. Bet elektr\u012bbas nav jau tre\u0161o dienu. \u013boti cie\u0161am t\u0101 d\u0113\u013c.&#8221;\u00a0\u00a0<\/p>\n<blockquote>\n<p>Cilv\u0113ki st\u0101sta, ka termometra stabi\u0146\u0161 dz\u012bvok\u013cos nokrities l\u012bdz desmit l\u012bdz 14 gr\u0101diem.\u00a0Uzp\u016b\u0161ot gais\u0101, istab\u0101 ir redzami garai\u0146i. Lai nenosaltu, izmantojot da\u017e\u0101das metodes.\u00a0<\/p>\n<\/blockquote>\n<p style=\"margin-left:0cm; margin-right:0cm\">&#8220;Paldies Dievam, ka m\u0113s ar v\u012bru neuztais\u012bj\u0101m remontu un neuzlik\u0101m moderno indukcijas pl\u012bti. Mums ir palikusi vec\u0101 g\u0101zes pl\u012bts un m\u0113s tagad esam t\u0101di mala\u010di! Es izvilku veco dzelzs t\u0113jkannu, kas man uz balkona st\u0101v\u0113ja. Nomazg\u0101ju to un tagad sild\u0101mies. Tais\u012bju cepe\u0161kr\u0101sni va\u013c\u0101 un kopum\u0101 gatavoju cepe\u0161kr\u0101sn\u012b un p\u0113c tam sild\u0101m telpas,&#8221; st\u0101sta Rima.\u00a0<\/p>\n<p style=\"margin-left:0cm; margin-right:0cm\">Savuk\u0101rt Oleksijs ap\u0123\u0113rbis siltas dr\u0113bes \u2013\u00a0visu, kas bija. Ar\u012b vi\u0146\u0161 dz\u012bvokli sild\u012bja ar g\u0101zi:\u00a0<\/p>\n<p style=\"margin-left:0cm; margin-right:0cm\">&#8220;Tas \u012bpa\u0161i nepal\u012bdz \u2013\u00a0vienalga bija \u013coti auksts dz\u012bvokl\u012b. Mums v\u0113l ir ka\u0137is \u2013 sfinksas \u0161\u0137irne, t\u0101ds pliks. M\u0113s vi\u0146u v\u012bst\u012bj\u0101m cie\u0161i, pie sevis spied\u0101m, kad gul\u0113j\u0101m, jo vi\u0146am bija pavisam gr\u016bti. Uztais\u012bj\u0101m vi\u0146am no seg\u0101m t\u0101du k\u0101 ligzdu. Tagad vi\u0146am viss labi, bet var\u0113ja nosalt, jo vi\u0146am visp\u0101r nav spalvu.&#8221;<\/p>\n<p style=\"margin-left:0cm; margin-right:0cm\">Ar\u012b Anna atz\u012bst, ka ir gr\u016bti, ir \u013coti sare\u017e\u0123\u012bti, ta\u010du vi\u0146a joproj\u0101m cer uz Ukrainas uzvaru.\u00a0<\/p>\n<p style=\"margin-left:0cm; margin-right:0cm\">Nesalau\u017eam\u012bbas telt\u012b Latvijas Radio sastapa ar\u012b Kijivas domes deput\u0101tu Tarasu Krivoru\u010dko, kas ieradies kl\u0101tien\u0113 iepaz\u012bties ar situ\u0101ciju. Vi\u0146\u0161 st\u0101sta, ka \u0161itu\u0101cija \u0161\u012b pils\u0113tas rajona daudzst\u0101vu dz\u012bvojamaj\u0101s m\u0101j\u0101s ir da\u017e\u0101da atkar\u012bb\u0101 no t\u0101, kura termoeletrostacija apg\u0101d\u0101 konkr\u0113to dz\u012bvojamo \u0113ku.<\/p>\n<p style=\"margin-left:0cm; margin-right:0cm\"><img decoding=\"async\" src=\"https:\/\/www.europesays.com\/lv\/wp-content\/uploads\/2026\/01\/sgjr.jpg\" alt=\"Kijivas domes deput\u0101ts Tarass Krivoru\u010dko\"\/>Kijivas domes deput\u0101ts Tarass Krivoru\u010dko<\/p>\n<p>Foto: Indra Sprance \/ Latvijas Radio<\/p>\n<\/p>\n<p style=\"margin-left:0cm; margin-right:0cm\">&#8220;\u0160obr\u012bd visi sp\u0113ki velt\u012bti, lai atgrieztu vismaz siltumu \u0113k\u0101m,&#8221; vi\u0146\u0161 nor\u0101da. &#8220;Ener\u0123\u0113ti\u0137i pie t\u0101 str\u0101d\u0101. Ceram, ka to izdosies atrisin\u0101t tuv\u0101ko dienu laik\u0101.\u00a0 Ar katru dienu pils\u0113t\u0101 situ\u0101cija uzlabojas, lai cik smaga t\u0101 b\u016btu. Vien\u012bgais, ceram ar\u012b uz m\u016bsu pretgaisa aizsardz\u012bbu un pretra\u0137e\u0161u vien\u012bb\u0101m, jo ir inform\u0101cija, ka ienaidnieks gatavo jaunus uzbrukumus un tad situ\u0101cija var\u0113tu noz\u012bm\u012bgi pasliktin\u0101ties.&#8221;\u00a0<\/p>\n<p style=\"margin-left:0cm; margin-right:0cm\">Lai ar\u012b sals, nemit\u012bgie elektr\u012bbas un \u016bdens padeves p\u0101rr\u0101vumi p\u0113d\u0113jo dienu laik\u0101 nopietni p\u0101rbauda Kijivas iedz\u012bvot\u0101ju iztur\u012bbu, noska\u0146ojums Nesalau\u017eam\u012bbas punkt\u0101 ir mier\u012bgs. Pamest pils\u0113tu uz laiku apsver tikai viena no uzrun\u0101taj\u0101m sieviet\u0113m. P\u0101r\u0113jie noska\u0146oju\u0161ies visu iztur\u0113t un sagaid\u012bt pavasari.\u00a0<\/p>\n<p style=\"margin-left:0cm; margin-right:0cm\">&#8220;Man nav, uz kurieni braukt prom,&#8221; saka Oleksijs. &#8220;Es dz\u012bvoju ar t\u0113vu, kur\u0161 ir pensij\u0101. M\u0113s tur\u0113simies Kijiv\u0101. Cer\u0113sim, ka b\u016bs lab\u0101k. Ziema nav m\u016b\u017e\u012bga!&#8221;\u00a0<\/p>\n<p style=\"margin-left:0cm; margin-right:0cm\">&#8220;Dr\u012bz\u00a0m\u0113s var\u0113sim uz\u0146emt seri\u0101lu ar nosaukumu &#8220;Palikt dz\u012bvam!&#8221;,&#8221; savuk\u0101rt ironiz\u0113 Rima. &#8220;M\u0113s jau dr\u012bz var\u0113sim konsult\u0113t,\u00a0k\u0101 izdz\u012bvot.&#8221;<\/p>\n","protected":false},"excerpt":{"rendered":"Smag\u0101ko ziemu kop\u0161 pilna apm\u0113ra iebrukuma s\u0101kuma \u0161obr\u012bd piedz\u012bvo Kijiva, kas joproj\u0101m m\u0113\u0123ina atg\u016bties no Krievijas 9. janv\u0101ra&hellip;\n","protected":false},"author":2,"featured_media":103804,"comment_status":"","ping_status":"","sticky":false,"template":"","format":"standard","meta":{"footnotes":""},"categories":[5],"tags":[23,28,29,32,33,22,30,31,35,39,38,36,37,34,40,20,26,27,24,25,21],"class_list":{"0":"post-103803","1":"post","2":"type-post","3":"status-publish","4":"format-standard","5":"has-post-thumbnail","7":"category-aktualitates","8":"tag-aktualitates","9":"tag-breaking-news","10":"tag-breakingnews","11":"tag-featured-news","12":"tag-featurednews","13":"tag-headlines","14":"tag-latest-news","15":"tag-latestnews","16":"tag-latvia","17":"tag-latvian","18":"tag-latviesu","19":"tag-latviesu-valoda","20":"tag-latviesuvaloda","21":"tag-latvija","22":"tag-lv","23":"tag-news","24":"tag-popularakas-zinas","25":"tag-popularakaszinas","26":"tag-top-stories","27":"tag-topstories","28":"tag-zinas"},"share_on_mastodon":{"url":"https:\/\/pubeurope.com\/@lv\/115891816630150740","error":""},"_links":{"self":[{"href":"https:\/\/www.europesays.com\/lv\/wp-json\/wp\/v2\/posts\/103803","targetHints":{"allow":["GET"]}}],"collection":[{"href":"https:\/\/www.europesays.com\/lv\/wp-json\/wp\/v2\/posts"}],"about":[{"href":"https:\/\/www.europesays.com\/lv\/wp-json\/wp\/v2\/types\/post"}],"author":[{"embeddable":true,"href":"https:\/\/www.europesays.com\/lv\/wp-json\/wp\/v2\/users\/2"}],"replies":[{"embeddable":true,"href":"https:\/\/www.europesays.com\/lv\/wp-json\/wp\/v2\/comments?post=103803"}],"version-history":[{"count":0,"href":"https:\/\/www.europesays.com\/lv\/wp-json\/wp\/v2\/posts\/103803\/revisions"}],"wp:featuredmedia":[{"embeddable":true,"href":"https:\/\/www.europesays.com\/lv\/wp-json\/wp\/v2\/media\/103804"}],"wp:attachment":[{"href":"https:\/\/www.europesays.com\/lv\/wp-json\/wp\/v2\/media?parent=103803"}],"wp:term":[{"taxonomy":"category","embeddable":true,"href":"https:\/\/www.europesays.com\/lv\/wp-json\/wp\/v2\/categories?post=103803"},{"taxonomy":"post_tag","embeddable":true,"href":"https:\/\/www.europesays.com\/lv\/wp-json\/wp\/v2\/tags?post=103803"}],"curies":[{"name":"wp","href":"https:\/\/api.w.org\/{rel}","templated":true}]}}