{"id":103807,"date":"2026-01-14T05:35:07","date_gmt":"2026-01-14T05:35:07","guid":{"rendered":"https:\/\/www.europesays.com\/lv\/103807\/"},"modified":"2026-01-14T05:35:07","modified_gmt":"2026-01-14T05:35:07","slug":"tramps-bridina-par-loti-stipru-ricibu-ja-irana-pakartu-demonstrantus","status":"publish","type":"post","link":"https:\/\/www.europesays.com\/lv\/103807\/","title":{"rendered":"Tramps br\u012bdina par &#8220;\u013coti stipru r\u012bc\u012bbu&#8221;, ja Ir\u0101na pak\u0101rtu demonstrantus"},"content":{"rendered":"<p>Ir\u0101nas varas iest\u0101des uzst\u0101ja, ka t\u0101s atguvu\u0161as kontroli p\u0101r valsti p\u0113c masu protestiem, kas kop\u0161 ceturtdienas notiku\u0161i katru nakti vis\u0101 valst\u012b un rad\u012bju\u0161i vienu no liel\u0101kaj\u0101m probl\u0113m\u0101m Ir\u0101nas klerik\u0101lajai vad\u012bbai, kop\u0161 t\u0101 ieguva varu p\u0113c Ir\u0101nas isl\u0101ma revol\u016bcijas 1979. gad\u0101.<\/p>\n<p>Cilv\u0113kties\u012bbu organiz\u0101cijas aps\u016bdz Ir\u0101nas vald\u012bbu, ka t\u0101 no\u0161\u0101vusi daudzus protest\u0113t\u0101jus un sl\u0113pj represiju m\u0113rogu, blo\u0137\u0113jot internetu.<\/p>\n<p>Tramps, kur\u0161 iepriek\u0161 bija sol\u012bjis Ir\u0101nas protestu dal\u012bbniekiem, ka &#8220;pal\u012bdz\u012bba ir ce\u013c\u0101&#8221;, pazi\u0146oja telekan\u0101lam &#8220;CBS News&#8221;, ka <a href=\"https:\/\/www.tvnet.lv\/term\/555410\/asv\" class=\"topicLink\" target=\"_blank\" rel=\"nofollow noopener\">ASV<\/a> r\u012bkosies, ja <a href=\"https:\/\/www.tvnet.lv\/term\/555447\/irana\" class=\"topicLink\" target=\"_blank\" rel=\"nofollow noopener\">Ir\u0101na<\/a> s\u0101ks pak\u0101rt protest\u0113t\u0101jus.<\/p>\n<p>Teher\u0101nas prokurori pirms tam pazi\u0146oja, ka Ir\u0101nas varas iest\u0101des da\u017eiem aiztur\u0113tajiem protest\u0113t\u0101jiem izvirz\u012bs aps\u016bdz\u012bbas &#8220;karo\u0161an\u0101 pret Dievu&#8221; (&#8220;moharabeh&#8221;). Ir\u0101n\u0101 tas ir noziegums, par kuru draud n\u0101vessods.<\/p>\n<p>&#8220;M\u0113s \u013coti stipri r\u012bkosimies, ja vi\u0146i to dar\u012bs,&#8221; sac\u012bja Tramps, kur\u0161 vair\u0101kk\u0101rt draud\u0113jis Ir\u0101nai ar milit\u0101ru intervenci.<\/p>\n<p>&#8220;Kad vi\u0146i s\u0101k nogalin\u0101t t\u016bksto\u0161iem cilv\u0113ku &#8211; un tagad j\u016bs man st\u0101st\u0101t par pak\u0101r\u0161anu. Redz\u0113sim, k\u0101 vi\u0146iem tas izdosies,&#8221; sac\u012bja Tramps.<\/p>\n<p>Ir\u0101n\u0101 otrdien tika atjaunoti starptautiskie telefona sakari, bet tikai izejo\u0161ajiem zvaniem. Sarunu kvalit\u0101te bija slikta, un t\u0101s bie\u017ei tika p\u0101rtrauktas.<\/p>\n","protected":false},"excerpt":{"rendered":"Ir\u0101nas varas iest\u0101des uzst\u0101ja, ka t\u0101s atguvu\u0161as kontroli p\u0101r valsti p\u0113c masu protestiem, kas kop\u0161 ceturtdienas notiku\u0161i katru&hellip;\n","protected":false},"author":2,"featured_media":103808,"comment_status":"","ping_status":"","sticky":false,"template":"","format":"standard","meta":{"footnotes":""},"categories":[14],"tags":[23,57,292,28,29,32,33,22,2562,30,31,35,39,38,36,37,34,40,20,26,27,23835,24,25,54,55,56,21,58],"class_list":{"0":"post-103807","1":"post","2":"type-post","3":"status-publish","4":"format-standard","5":"has-post-thumbnail","7":"category-zinas-no-arvalstim","8":"tag-aktualitates","9":"tag-arvalstim","10":"tag-asv","11":"tag-breaking-news","12":"tag-breakingnews","13":"tag-featured-news","14":"tag-featurednews","15":"tag-headlines","16":"tag-irana","17":"tag-latest-news","18":"tag-latestnews","19":"tag-latvia","20":"tag-latvian","21":"tag-latviesu","22":"tag-latviesu-valoda","23":"tag-latviesuvaloda","24":"tag-latvija","25":"tag-lv","26":"tag-news","27":"tag-popularakas-zinas","28":"tag-popularakaszinas","29":"tag-saspilejums-asv-un-iranas-attiecibas","30":"tag-top-stories","31":"tag-topstories","32":"tag-world","33":"tag-world-news","34":"tag-worldnews","35":"tag-zinas","36":"tag-zinas-no-arvalstim"},"share_on_mastodon":{"url":"https:\/\/pubeurope.com\/@lv\/115891833003788788","error":""},"_links":{"self":[{"href":"https:\/\/www.europesays.com\/lv\/wp-json\/wp\/v2\/posts\/103807","targetHints":{"allow":["GET"]}}],"collection":[{"href":"https:\/\/www.europesays.com\/lv\/wp-json\/wp\/v2\/posts"}],"about":[{"href":"https:\/\/www.europesays.com\/lv\/wp-json\/wp\/v2\/types\/post"}],"author":[{"embeddable":true,"href":"https:\/\/www.europesays.com\/lv\/wp-json\/wp\/v2\/users\/2"}],"replies":[{"embeddable":true,"href":"https:\/\/www.europesays.com\/lv\/wp-json\/wp\/v2\/comments?post=103807"}],"version-history":[{"count":0,"href":"https:\/\/www.europesays.com\/lv\/wp-json\/wp\/v2\/posts\/103807\/revisions"}],"wp:featuredmedia":[{"embeddable":true,"href":"https:\/\/www.europesays.com\/lv\/wp-json\/wp\/v2\/media\/103808"}],"wp:attachment":[{"href":"https:\/\/www.europesays.com\/lv\/wp-json\/wp\/v2\/media?parent=103807"}],"wp:term":[{"taxonomy":"category","embeddable":true,"href":"https:\/\/www.europesays.com\/lv\/wp-json\/wp\/v2\/categories?post=103807"},{"taxonomy":"post_tag","embeddable":true,"href":"https:\/\/www.europesays.com\/lv\/wp-json\/wp\/v2\/tags?post=103807"}],"curies":[{"name":"wp","href":"https:\/\/api.w.org\/{rel}","templated":true}]}}