{"id":103811,"date":"2026-01-14T05:37:15","date_gmt":"2026-01-14T05:37:15","guid":{"rendered":"https:\/\/www.europesays.com\/lv\/103811\/"},"modified":"2026-01-14T05:37:15","modified_gmt":"2026-01-14T05:37:15","slug":"nakti-vietam-bus-lidz-20-gradu-sals-tresdiena-bus-saulaina-raksts","status":"publish","type":"post","link":"https:\/\/www.europesays.com\/lv\/103811\/","title":{"rendered":"Nakt\u012b viet\u0101m b\u016bs l\u012bdz -20 gr\u0101du sals; tre\u0161diena b\u016bs saulaina \/ Raksts"},"content":{"rendered":"<p>N\u0101kamaj\u0101 nakt\u012b temperat\u016bra viet\u0101m var sasniegt -20 gr\u0101du atz\u012bmi, bet tre\u0161diena b\u016bs saulaina, liecina prognozes.<\/p>\n<p>Nakt\u012b debesis liel\u0101koties b\u016bs m\u0101ko\u0146ainas, bet viet\u0101m t\u0101s skaidrosies, da\u017eviet gaid\u0101ma migla un sarma. P\u016bt\u012bs l\u0113ns main\u012bga virziena v\u0113j\u0161.<\/p>\n<p>Minim\u0101l\u0101 gaisa temperat\u016bra nakt\u012b -17&#8230;-12 gr\u0101di, viet\u0101m, debes\u012bm skaidrojoties, l\u012bdz -20 gr\u0101diem, bet piekrast\u0113\u00a0silt\u0101ks \u2013\u00a0l\u012bdz -11&#8230;-8\u00a0gr\u0101diem.<\/p>\n<p>Diena liel\u0101kaj\u0101 Latvijas da\u013c\u0101 b\u016bs saulaina, p\u0113cpusdien\u0101 no dienvidrietumiem m\u0101ko\u0146u k\u013c\u016bs vair\u0101k, vakarpus\u0113 Kurzem\u0113 s\u0101ks snigt un nedaudz putin\u0101t.<\/p>\n<p>Pastiprin\u0101sies dienvidaustrumu v\u0113j\u0161, p\u0113cpusdien\u0101 Latvijas rietumu un centr\u0101laj\u0101 da\u013c\u0101 br\u0101zm\u0101s 10\u201315 metri sekund\u0113, R\u012bgas l\u012b\u010da piekrast\u0113 Kurzem\u0113 l\u012bdz 18 metriem sekund\u0113.\u00a0<\/p>\n<p>Maksim\u0101l\u0101 gaisa temperat\u016bra -11&#8230;-6 gr\u0101di.<\/p>\n<p>R\u012bg\u0101 nokri\u0161\u0146i nav gaid\u0101mi, nakt\u012b un no r\u012bta iesp\u0113jama d\u016bmaka, migla un sarma. Dien\u0101 sp\u012bd\u0113s saule. Nakt\u012b l\u0113ns main\u012bga virziena v\u0113j\u0161, dien\u0101 m\u0113rens dienvidaustrumu v\u0113j\u0161, p\u0113cpusdien\u0101 br\u0101zm\u0101s 12\u201314 metri sekund\u0113. Minim\u0101l\u0101 gaisa temperat\u016bra nakt\u012b ap -10 gr\u0101diem, maksim\u0101l\u0101 dien\u0101 ap -8 gr\u0101diem.<\/p>\n<p>                    Valodas k\u013c\u016bda rakst\u0101?<\/p>\n<p class=\"d-none d-md-block\">Iez\u012bm\u0113jiet tekstu un spiediet Ctrl+Enter, lai nos\u016bt\u012btu labojamo teksta fragmentu redaktoram! Par faktu k\u013c\u016bd\u0101m l\u016bdzam zi\u0146ot e-past\u0101 <a href=\"https:\/\/www.lsm.lv\/cdn-cgi\/l\/email-protection\" class=\"__cf_email__\" data-cfemail=\"96e4f3f2f7fdf5fffcf7d6fae5fbb8fae0\" rel=\"nofollow noopener\" target=\"_blank\">[email\u00a0protected]<\/a>.<\/p>\n<p class=\"d-md-none\">Iez\u012bm\u0113jiet tekstu un spiediet uz Zi\u0146ot par k\u013c\u016bdu pogas, lai nos\u016bt\u012btu labojamo teksta fragmentu redaktoram!<\/p>\n<p>\n                    Zi\u0146ot par k\u013c\u016bdu\n                <\/p>\n","protected":false},"excerpt":{"rendered":"N\u0101kamaj\u0101 nakt\u012b temperat\u016bra viet\u0101m var sasniegt -20 gr\u0101du atz\u012bmi, bet tre\u0161diena b\u016bs saulaina, liecina prognozes. Nakt\u012b debesis liel\u0101koties&hellip;\n","protected":false},"author":2,"featured_media":103812,"comment_status":"","ping_status":"","sticky":false,"template":"","format":"standard","meta":{"footnotes":""},"categories":[5],"tags":[23,28,29,32,33,22,30,31,35,39,38,36,37,34,40,20,26,27,24,25,21],"class_list":{"0":"post-103811","1":"post","2":"type-post","3":"status-publish","4":"format-standard","5":"has-post-thumbnail","7":"category-aktualitates","8":"tag-aktualitates","9":"tag-breaking-news","10":"tag-breakingnews","11":"tag-featured-news","12":"tag-featurednews","13":"tag-headlines","14":"tag-latest-news","15":"tag-latestnews","16":"tag-latvia","17":"tag-latvian","18":"tag-latviesu","19":"tag-latviesu-valoda","20":"tag-latviesuvaloda","21":"tag-latvija","22":"tag-lv","23":"tag-news","24":"tag-popularakas-zinas","25":"tag-popularakaszinas","26":"tag-top-stories","27":"tag-topstories","28":"tag-zinas"},"share_on_mastodon":{"url":"https:\/\/pubeurope.com\/@lv\/115891840178409768","error":""},"_links":{"self":[{"href":"https:\/\/www.europesays.com\/lv\/wp-json\/wp\/v2\/posts\/103811","targetHints":{"allow":["GET"]}}],"collection":[{"href":"https:\/\/www.europesays.com\/lv\/wp-json\/wp\/v2\/posts"}],"about":[{"href":"https:\/\/www.europesays.com\/lv\/wp-json\/wp\/v2\/types\/post"}],"author":[{"embeddable":true,"href":"https:\/\/www.europesays.com\/lv\/wp-json\/wp\/v2\/users\/2"}],"replies":[{"embeddable":true,"href":"https:\/\/www.europesays.com\/lv\/wp-json\/wp\/v2\/comments?post=103811"}],"version-history":[{"count":0,"href":"https:\/\/www.europesays.com\/lv\/wp-json\/wp\/v2\/posts\/103811\/revisions"}],"wp:featuredmedia":[{"embeddable":true,"href":"https:\/\/www.europesays.com\/lv\/wp-json\/wp\/v2\/media\/103812"}],"wp:attachment":[{"href":"https:\/\/www.europesays.com\/lv\/wp-json\/wp\/v2\/media?parent=103811"}],"wp:term":[{"taxonomy":"category","embeddable":true,"href":"https:\/\/www.europesays.com\/lv\/wp-json\/wp\/v2\/categories?post=103811"},{"taxonomy":"post_tag","embeddable":true,"href":"https:\/\/www.europesays.com\/lv\/wp-json\/wp\/v2\/tags?post=103811"}],"curies":[{"name":"wp","href":"https:\/\/api.w.org\/{rel}","templated":true}]}}