{"id":103815,"date":"2026-01-14T05:41:18","date_gmt":"2026-01-14T05:41:18","guid":{"rendered":"https:\/\/www.europesays.com\/lv\/103815\/"},"modified":"2026-01-14T05:41:18","modified_gmt":"2026-01-14T05:41:18","slug":"tramps-pazino-par-tarifu-noteiksanu-iranas-tirdzniecibas-partneriem-raksts","status":"publish","type":"post","link":"https:\/\/www.europesays.com\/lv\/103815\/","title":{"rendered":"Tramps pazi\u0146o par tarifu noteik\u0161anu Ir\u0101nas tirdzniec\u012bbas partneriem \/ Raksts"},"content":{"rendered":"<p>Turpinoties protestiem Ir\u0101n\u0101, viens no galvenajiem jaut\u0101jumiem \u0161obr\u012bd ir \u2013 k\u0101da b\u016bs ASV reakcija. Kam\u0113r ASV prezidents Donalds Tramps izsver milit\u0101r\u0101s opcijas, vi\u0146\u0161 pazi\u0146ojis par 25 % ievedmuitas noteik\u0161anu jebkurai valstij, kas tirgojas ar Ir\u0101nu.\u00a0<\/p>\n<p>R\u012bkojums st\u0101jies sp\u0113k\u0101 nekav\u0113joties. Ir\u0101nas galvenie tirdzniec\u012bbas partneri ir \u0136\u012bna, Turcija, Apvienotie Ar\u0101bu Emir\u0101ti un Ir\u0101ka. Protams, tie nav vien\u012bgie, ta\u010du Baltais nams nav nor\u0101d\u012bjis, pret kuriem Ir\u0101nas partneriem tarifs ieviests.<\/p>\n<blockquote>\n<p>Cilv\u0113kties\u012bbu organiz\u0101cijas zi\u0146o, ka protestos pieaug boj\u0101g\u0101ju\u0161o skaits. \u0160obr\u012bd apl\u0113ses liecina par teju 650 miru\u0161ajiem un t\u016bksto\u0161iem aiztur\u0113to.<\/p>\n<\/blockquote>\n<p>Bet, run\u0101jot par milit\u0101raj\u0101m opcij\u0101m, gaisa triecieni esot viens no daudzajiem variantiem, kas tiek apsv\u0113rti, t\u0101 izteikusies Balt\u0101 nama preses sekret\u0101re Kerolaina Levita. Aizkulis\u0113s tikm\u0113r starp Va\u0161ingtonu un Teher\u0101nu nodibin\u0101ts kontakts, un Levita piebilda, ka Ir\u0101na \u0161\u0101d\u0101s priv\u0101t\u0101s sarun\u0101s ie\u0146em \u013coti at\u0161\u0137ir\u012bgu toni sal\u012bdzin\u0101jum\u0101 ar saviem publiskajiem pazi\u0146ojumiem. Un publiskaj\u0101 telp\u0101 Ir\u0101na diezgan asi nor\u0101d\u012bjusi, ka nepiek\u0101psies, valsti aizst\u0101v\u0113s un dos atbildi ASV, ja t\u0101 nolems v\u0113rsties pret Ir\u0101nu milit\u0101ri.\u00a0<\/p>\n<p>Vair\u0101ki ASV senatori no ab\u0101m partij\u0101m ap\u0161auba vai milit\u0101ra r\u012bc\u012bba pret Ir\u0101nu b\u016btu lab\u0101kais r\u012bc\u012bbas variants. Mediji iepriek\u0161 v\u0113st\u012bja, ka milit\u0101rpersonas un diplom\u0101tisk\u0101s amatpersonas \u0161odien inform\u0113s Trampu par r\u012bc\u012bbas iesp\u0113j\u0101m attiec\u012bb\u0101 uz Ir\u0101nu, tostarp kiberuzbrukumiem un iesp\u0113jam\u0101m milit\u0101r\u0101m darb\u012bb\u0101m.\u00a0<\/p>\n<p>KONTEKSTS:<\/p>\n<p>Ir\u0101na ar vair\u0101k nek\u0101 90 miljoniem iedz\u012bvot\u0101ju ir viena no liel\u0101kaj\u0101m un ietekm\u012bg\u0101kaj\u0101m valst\u012bm Tuvo Austrumu re\u0123ion\u0101. Gadsimtiem ilgi t\u0101 bijusi paz\u012bstama k\u0101 Persija. 1979. gad\u0101 isl\u0101ma fundament\u0101listi <a href=\"https:\/\/lr1.lsm.lv\/lv\/raksts\/siis-dienas-aciim\/revolucija-irana-1979.gada-rodas-jauna-valsts-islama-republika.a119668\/\" target=\"_blank\" rel=\"nofollow noopener\">sar\u012bkoja revol\u016bciju<\/a>, kuras rezult\u0101t\u0101 tika g\u0101zta monarhija un izveidota Ir\u0101nas Isl\u0101ma Republika. Ir\u0101n\u0101 pie varas nostiprin\u0101j\u0101s teokr\u0101tisks re\u017e\u012bms, kur\u0101 galven\u0101 loma ir isl\u0101ma gar\u012bdzniekiem. \u0160is re\u017e\u012bms ir apspiedis opoz\u012bciju, ierobe\u017eojis sievie\u0161u ties\u012bbas un vaj\u0101jis da\u017e\u0101das minorit\u0101tes.\u00a0<\/p>\n<p>Ir\u0101nai ir vienas no liel\u0101kaj\u0101m naftas un g\u0101zes rezerv\u0113m pasaul\u0113, bet aizdomas rosin\u0101ju\u0161i t\u0101s centieni att\u012bst\u012bt <a href=\"https:\/\/www.lsm.lv\/raksts\/zinas\/arzemes\/17.06.2025-lsm-skaidro-kas-ir-iranas-kodolprogramma-un-kapec-izraela-nevelas-pielaut-tas-attistibu.a603474\/\" class=\"lsm-link\" data-type=\"article\" data-id=\"603474\" rel=\"nofollow noopener\" target=\"_blank\">atomener\u0123ijas programmu<\/a>. Izra\u0113la un citi Ir\u0101nas pretinieki uzskata, ka Teher\u0101nas re\u017e\u012bma patiesais m\u0113r\u0137is ir ieg\u016bt kodoliero\u010dus.\u00a0<\/p>\n<p>Izra\u0113la un ASV ap\u0146\u0113mu\u0161\u0101s nepie\u013caut \u0161\u0101da scen\u0101rija \u012bsteno\u0161anu, t\u0101d\u0113\u013c 2025. gada j\u016bnij\u0101 <a href=\"https:\/\/www.lsm.lv\/raksts\/zinas\/arzemes\/22.06.2025-asv-iesaistas-kara-pret-iranu-uzbruk-vairakiem-kodolprogrammas-objektiem.a604216\/\" class=\"lsm-link\" data-type=\"article\" data-id=\"604216\" rel=\"nofollow noopener\" target=\"_blank\">veica triecienus<\/a> pret Ir\u0101nas kodolprogrammas objektiem.\u00a0<\/p>\n<p>Izra\u0113la uzskata Ir\u0101nu par savu galveno ienaidnieci, jo Teher\u0101nas re\u017e\u012bms <a href=\"https:\/\/www.lsm.lv\/raksts\/zinas\/arzemes\/07.02.2024-izraelas-armija-publisko-pieradijumus-par-tiesu-iranas-finansejumu-hamas.a541940\/\" class=\"lsm-link\" data-type=\"article\" data-id=\"541940\" rel=\"nofollow noopener\" target=\"_blank\">finans\u0113<\/a> t\u0101das teroristu organiz\u0101cijas k\u0101 &#8220;Hizbull\u0101h&#8221; un &#8220;Ham\u0101s&#8221;.\u00a0<\/p>\n<p>Ir\u0101nu vair\u0101kk\u0101rt ir satricin\u0101ju\u0161i sabiedr\u012bbas protesti, it sevi\u0161\u0137i p\u0113c jaunietes <a href=\"https:\/\/www.lsm.lv\/raksts\/zinas\/arzemes\/protesti-pec-22-gadus-vecas-amini-naves-cik-tie-ir-nozimigi-un-vai-iespejams-iranas-maidans.a477040\/\" class=\"lsm-link\" data-type=\"article\" data-id=\"477040\" rel=\"nofollow noopener\" target=\"_blank\">Mahsas Amini n\u0101ves 2022. gad\u0101<\/a>, bet valdo\u0161ais re\u017e\u012bms ir sp\u0113jis notur\u0113ties pie varas.\u00a0<\/p>\n<p>2025. gada nogal\u0113 un 2026. gada s\u0101kum\u0101 protesti <a href=\"https:\/\/www.lsm.lv\/raksts\/zinas\/arzemes\/08.01.2026-iedzivotaju-protesti-un-trampa-draudi-iebrukt-vai-iranas-rezims-notures-varas-grozus.a629073\/\" class=\"lsm-link\" data-type=\"article\" data-id=\"629073\" rel=\"nofollow noopener\" target=\"_blank\">ats\u0101ku\u0161ies ar jaunu sparu<\/a>; \u0161oreiz iedz\u012bvot\u0101jus visvair\u0101k satrauc augst\u0101 infl\u0101cija un ekonomikas kr\u012bze. Valdo\u0161\u0101 re\u017e\u012bma pretinieki aicina g\u0101zt \u0101jatollu H\u0101menej\u012b\u00a0un <a href=\"https:\/\/www.lsm.lv\/raksts\/zinas\/arzemes\/09.01.2026-tukstosiem-protestetaju-irana-aicina-gazt-valdoso-rezimu-un-nodot-varu-pedeja-saha-delam-pahlavi.a629228\/\" class=\"lsm-link\" data-type=\"article\" data-id=\"629228\" rel=\"nofollow noopener\" target=\"_blank\">nodot varu<\/a> p\u0113d\u0113j\u0101 Ir\u0101nas monarha d\u0113lam Rezam Pehlavi.<\/p>\n<p>                    Valodas k\u013c\u016bda rakst\u0101?<\/p>\n<p class=\"d-none d-md-block\">Iez\u012bm\u0113jiet tekstu un spiediet Ctrl+Enter, lai nos\u016bt\u012btu labojamo teksta fragmentu redaktoram! Par faktu k\u013c\u016bd\u0101m l\u016bdzam zi\u0146ot e-past\u0101 <a href=\"https:\/\/www.lsm.lv\/cdn-cgi\/l\/email-protection\" class=\"__cf_email__\" data-cfemail=\"15677071747e767c7f74557966783b7963\" rel=\"nofollow noopener\" target=\"_blank\">[email\u00a0protected]<\/a>.<\/p>\n<p class=\"d-md-none\">Iez\u012bm\u0113jiet tekstu un spiediet uz Zi\u0146ot par k\u013c\u016bdu pogas, lai nos\u016bt\u012btu labojamo teksta fragmentu redaktoram!<\/p>\n<p>\n                    Zi\u0146ot par k\u013c\u016bdu\n                <\/p>\n","protected":false},"excerpt":{"rendered":"Turpinoties protestiem Ir\u0101n\u0101, viens no galvenajiem jaut\u0101jumiem \u0161obr\u012bd ir \u2013 k\u0101da b\u016bs ASV reakcija. Kam\u0113r ASV prezidents Donalds&hellip;\n","protected":false},"author":2,"featured_media":103816,"comment_status":"","ping_status":"","sticky":false,"template":"","format":"standard","meta":{"footnotes":""},"categories":[14],"tags":[23,57,28,29,32,33,22,30,31,35,39,38,36,37,34,40,20,26,27,24,25,54,55,56,21,58],"class_list":{"0":"post-103815","1":"post","2":"type-post","3":"status-publish","4":"format-standard","5":"has-post-thumbnail","7":"category-zinas-no-arvalstim","8":"tag-aktualitates","9":"tag-arvalstim","10":"tag-breaking-news","11":"tag-breakingnews","12":"tag-featured-news","13":"tag-featurednews","14":"tag-headlines","15":"tag-latest-news","16":"tag-latestnews","17":"tag-latvia","18":"tag-latvian","19":"tag-latviesu","20":"tag-latviesu-valoda","21":"tag-latviesuvaloda","22":"tag-latvija","23":"tag-lv","24":"tag-news","25":"tag-popularakas-zinas","26":"tag-popularakaszinas","27":"tag-top-stories","28":"tag-topstories","29":"tag-world","30":"tag-world-news","31":"tag-worldnews","32":"tag-zinas","33":"tag-zinas-no-arvalstim"},"share_on_mastodon":{"url":"https:\/\/pubeurope.com\/@lv\/115891855841054507","error":""},"_links":{"self":[{"href":"https:\/\/www.europesays.com\/lv\/wp-json\/wp\/v2\/posts\/103815","targetHints":{"allow":["GET"]}}],"collection":[{"href":"https:\/\/www.europesays.com\/lv\/wp-json\/wp\/v2\/posts"}],"about":[{"href":"https:\/\/www.europesays.com\/lv\/wp-json\/wp\/v2\/types\/post"}],"author":[{"embeddable":true,"href":"https:\/\/www.europesays.com\/lv\/wp-json\/wp\/v2\/users\/2"}],"replies":[{"embeddable":true,"href":"https:\/\/www.europesays.com\/lv\/wp-json\/wp\/v2\/comments?post=103815"}],"version-history":[{"count":0,"href":"https:\/\/www.europesays.com\/lv\/wp-json\/wp\/v2\/posts\/103815\/revisions"}],"wp:featuredmedia":[{"embeddable":true,"href":"https:\/\/www.europesays.com\/lv\/wp-json\/wp\/v2\/media\/103816"}],"wp:attachment":[{"href":"https:\/\/www.europesays.com\/lv\/wp-json\/wp\/v2\/media?parent=103815"}],"wp:term":[{"taxonomy":"category","embeddable":true,"href":"https:\/\/www.europesays.com\/lv\/wp-json\/wp\/v2\/categories?post=103815"},{"taxonomy":"post_tag","embeddable":true,"href":"https:\/\/www.europesays.com\/lv\/wp-json\/wp\/v2\/tags?post=103815"}],"curies":[{"name":"wp","href":"https:\/\/api.w.org\/{rel}","templated":true}]}}