{"id":103817,"date":"2026-01-14T05:43:07","date_gmt":"2026-01-14T05:43:07","guid":{"rendered":"https:\/\/www.europesays.com\/lv\/103817\/"},"modified":"2026-01-14T05:43:07","modified_gmt":"2026-01-14T05:43:07","slug":"pieaug-protestos-irana-nogalinato-skaits-raksts","status":"publish","type":"post","link":"https:\/\/www.europesays.com\/lv\/103817\/","title":{"rendered":"Pieaug protestos Ir\u0101n\u0101 nogalin\u0101to skaits \/ Raksts"},"content":{"rendered":"<p>Pla\u0161a uzman\u012bba joproj\u0101m piev\u0113rsta ar\u012b Ir\u0101nai. ASV prezidents Donalds Tramps aicin\u0101jis protest\u0113t\u0101jus valst\u012b turpin\u0101t ies\u0101kto, sakot, ka pal\u012bdz\u012bba ir ce\u013c\u0101. Valst\u012b aug boj\u0101g\u0101ju\u0161o skaits, ir zi\u0146as par vair\u0101k nek\u0101 2500 nogalin\u0101tajiem.<\/p>\n<p>\u0160is upuru skaits ir liel\u0101ks nek\u0101 jebkur\u0101 cit\u0101 protestu vai nemieru viln\u012b Ir\u0101n\u0101 desmitiem gadu laik\u0101 un atg\u0101dina haosu 1979. gada isl\u0101ma revol\u016bcijas gait\u0101.<\/p>\n<p>Akt\u012bvistu organiz\u0101cija zi\u0146oja, ka 2403 no nogalin\u0101tajiem bija protest\u0113t\u0101ji, bet 147 bija saist\u012bti ar vald\u012bbu. Ir g\u0101ju\u0161i boj\u0101 12 b\u0113rni, k\u0101 ar\u012b devi\u0146i civiliedz\u012bvot\u0101ji, kuri nepiedal\u012bj\u0101s protestos.<\/p>\n<p>Vair\u0101k nek\u0101 18 000 cilv\u0113ku ir aiztur\u0113ti, zi\u0146oja &#8220;Human Rights Activists News Agency&#8221;.<\/p>\n<p>Ir\u0101n\u0101 pa\u0161laik ieviests nepieredz\u0113ti liels sakaru atsl\u0113gums, lai mazin\u0101tu protestus. Bet \u012alona Maska uz\u0146\u0113mums &#8220;SpaceX&#8221; s\u0101cis pied\u0101v\u0101t bezmaksas &#8220;Starlink&#8221; satel\u012bta pakalpojumus Ir\u0101n\u0101, atce\u013cot abon\u0113\u0161anas maksu valst\u012b. Lai gan &#8220;Starlink&#8221; uztv\u0113r\u0113ji Ir\u0101n\u0101 ir aizliegti, daudzi no tiem ir neleg\u0101li ievesti p\u0101ri valsts robe\u017e\u0101m.<\/p>\n<p>Tikm\u0113r Eiropas Savien\u012bbas vad\u012bt\u0101ja Urzula fon der Leiena pazi\u0146oja, ka bloks strauji virz\u0101s uz turpm\u0101ku sankciju izstr\u0101di pret Ir\u0101nu. Ierosin\u0101t\u0101s sankcijas ietvertu akt\u012bvu iesald\u0113\u0161anu person\u0101m, kas iesaist\u012btas nesenaj\u0101 apspie\u0161an\u0101.<\/p>\n<p>KONTEKSTS:<\/p>\n<p>Ir\u0101na ar vair\u0101k nek\u0101 90 miljoniem iedz\u012bvot\u0101ju ir viena no liel\u0101kaj\u0101m un ietekm\u012bg\u0101kaj\u0101m valst\u012bm Tuvo Austrumu re\u0123ion\u0101. Gadsimtiem ilgi t\u0101 bijusi paz\u012bstama k\u0101 Persija. 1979. gad\u0101 isl\u0101ma fundament\u0101listi\u00a0<a href=\"https:\/\/lr1.lsm.lv\/lv\/raksts\/siis-dienas-aciim\/revolucija-irana-1979.gada-rodas-jauna-valsts-islama-republika.a119668\/\" target=\"_blank\" rel=\"nofollow noopener\">sar\u012bkoja revol\u016bciju<\/a>, kuras rezult\u0101t\u0101 tika g\u0101zta monarhija un izveidota Ir\u0101nas Isl\u0101ma Republika. Ir\u0101n\u0101 pie varas nostiprin\u0101j\u0101s teokr\u0101tisks re\u017e\u012bms, kur\u0101 galven\u0101 loma ir isl\u0101ma gar\u012bdzniekiem. \u0160is re\u017e\u012bms ir apspiedis opoz\u012bciju, ierobe\u017eojis sievie\u0161u ties\u012bbas un vaj\u0101jis da\u017e\u0101das minorit\u0101tes.\u00a0<\/p>\n<p>Ir\u0101nai ir vienas no liel\u0101kaj\u0101m naftas un g\u0101zes rezerv\u0113m pasaul\u0113, bet aizdomas rosin\u0101ju\u0161i t\u0101s centieni att\u012bst\u012bt\u00a0<a data-id=\"603474\" data-type=\"article\" href=\"https:\/\/www.lsm.lv\/raksts\/zinas\/arzemes\/17.06.2025-lsm-skaidro-kas-ir-iranas-kodolprogramma-un-kapec-izraela-nevelas-pielaut-tas-attistibu.a603474\/\" class=\"lsm-link\" rel=\"nofollow noopener\" target=\"_blank\">atomener\u0123ijas programmu<\/a>. Izra\u0113la un citi Ir\u0101nas pretinieki uzskata, ka Teher\u0101nas re\u017e\u012bma patiesais m\u0113r\u0137is ir ieg\u016bt kodoliero\u010dus.\u00a0<\/p>\n<p>Izra\u0113la un ASV ap\u0146\u0113mu\u0161\u0101s nepie\u013caut \u0161\u0101da scen\u0101rija \u012bsteno\u0161anu, t\u0101d\u0113\u013c 2025. gada j\u016bnij\u0101\u00a0<a data-id=\"604216\" data-type=\"article\" href=\"https:\/\/www.lsm.lv\/raksts\/zinas\/arzemes\/22.06.2025-asv-iesaistas-kara-pret-iranu-uzbruk-vairakiem-kodolprogrammas-objektiem.a604216\/\" class=\"lsm-link\" rel=\"nofollow noopener\" target=\"_blank\">veica triecienus<\/a>\u00a0pret Ir\u0101nas kodolprogrammas objektiem.\u00a0<\/p>\n<p>Izra\u0113la uzskata Ir\u0101nu par savu galveno ienaidnieci, jo Teher\u0101nas re\u017e\u012bms\u00a0<a data-id=\"541940\" data-type=\"article\" href=\"https:\/\/www.lsm.lv\/raksts\/zinas\/arzemes\/07.02.2024-izraelas-armija-publisko-pieradijumus-par-tiesu-iranas-finansejumu-hamas.a541940\/\" class=\"lsm-link\" rel=\"nofollow noopener\" target=\"_blank\">finans\u0113<\/a>\u00a0t\u0101das teroristu organiz\u0101cijas k\u0101 &#8220;Hizbull\u0101h&#8221; un &#8220;Ham\u0101s&#8221;.\u00a0<\/p>\n<p>Ir\u0101nu vair\u0101kk\u0101rt ir satricin\u0101ju\u0161i sabiedr\u012bbas protesti, it sevi\u0161\u0137i p\u0113c jaunietes\u00a0<a data-id=\"477040\" data-type=\"article\" href=\"https:\/\/www.lsm.lv\/raksts\/zinas\/arzemes\/protesti-pec-22-gadus-vecas-amini-naves-cik-tie-ir-nozimigi-un-vai-iespejams-iranas-maidans.a477040\/\" class=\"lsm-link\" rel=\"nofollow noopener\" target=\"_blank\">Mahsas Amini n\u0101ves 2022. gad\u0101<\/a>, bet valdo\u0161ais re\u017e\u012bms ir sp\u0113jis notur\u0113ties pie varas.\u00a0<\/p>\n<p>2025. gada nogal\u0113 un 2026. gada s\u0101kum\u0101 protesti\u00a0<a data-id=\"629073\" data-type=\"article\" href=\"https:\/\/www.lsm.lv\/raksts\/zinas\/arzemes\/08.01.2026-iedzivotaju-protesti-un-trampa-draudi-iebrukt-vai-iranas-rezims-notures-varas-grozus.a629073\/\" class=\"lsm-link\" rel=\"nofollow noopener\" target=\"_blank\">ats\u0101ku\u0161ies ar jaunu sparu<\/a>; \u0161oreiz iedz\u012bvot\u0101jus visvair\u0101k satrauc augst\u0101 infl\u0101cija un ekonomikas kr\u012bze. Valdo\u0161\u0101 re\u017e\u012bma pretinieki aicina g\u0101zt \u0101jatollu H\u0101menej\u012b\u00a0un\u00a0<a data-id=\"629228\" data-type=\"article\" href=\"https:\/\/www.lsm.lv\/raksts\/zinas\/arzemes\/09.01.2026-tukstosiem-protestetaju-irana-aicina-gazt-valdoso-rezimu-un-nodot-varu-pedeja-saha-delam-pahlavi.a629228\/\" class=\"lsm-link\" rel=\"nofollow noopener\" target=\"_blank\">nodot varu<\/a>\u00a0p\u0113d\u0113j\u0101 Ir\u0101nas monarha d\u0113lam Rezam Pehlavi.<\/p>\n<p>                    Valodas k\u013c\u016bda rakst\u0101?<\/p>\n<p class=\"d-none d-md-block\">Iez\u012bm\u0113jiet tekstu un spiediet Ctrl+Enter, lai nos\u016bt\u012btu labojamo teksta fragmentu redaktoram! Par faktu k\u013c\u016bd\u0101m l\u016bdzam zi\u0146ot e-past\u0101 <a href=\"https:\/\/www.lsm.lv\/cdn-cgi\/l\/email-protection\" class=\"__cf_email__\" data-cfemail=\"cbb9aeafaaa0a8a2a1aa8ba7b8a6e5a7bd\" rel=\"nofollow noopener\" target=\"_blank\">[email\u00a0protected]<\/a>.<\/p>\n<p class=\"d-md-none\">Iez\u012bm\u0113jiet tekstu un spiediet uz Zi\u0146ot par k\u013c\u016bdu pogas, lai nos\u016bt\u012btu labojamo teksta fragmentu redaktoram!<\/p>\n<p>\n                    Zi\u0146ot par k\u013c\u016bdu\n                <\/p>\n","protected":false},"excerpt":{"rendered":"Pla\u0161a uzman\u012bba joproj\u0101m piev\u0113rsta ar\u012b Ir\u0101nai. ASV prezidents Donalds Tramps aicin\u0101jis protest\u0113t\u0101jus valst\u012b turpin\u0101t ies\u0101kto, sakot, ka pal\u012bdz\u012bba&hellip;\n","protected":false},"author":2,"featured_media":100910,"comment_status":"","ping_status":"","sticky":false,"template":"","format":"standard","meta":{"footnotes":""},"categories":[5],"tags":[23,28,29,32,33,22,30,31,35,39,38,36,37,34,40,20,26,27,24,25,21],"class_list":{"0":"post-103817","1":"post","2":"type-post","3":"status-publish","4":"format-standard","5":"has-post-thumbnail","7":"category-aktualitates","8":"tag-aktualitates","9":"tag-breaking-news","10":"tag-breakingnews","11":"tag-featured-news","12":"tag-featurednews","13":"tag-headlines","14":"tag-latest-news","15":"tag-latestnews","16":"tag-latvia","17":"tag-latvian","18":"tag-latviesu","19":"tag-latviesu-valoda","20":"tag-latviesuvaloda","21":"tag-latvija","22":"tag-lv","23":"tag-news","24":"tag-popularakas-zinas","25":"tag-popularakaszinas","26":"tag-top-stories","27":"tag-topstories","28":"tag-zinas"},"share_on_mastodon":{"url":"https:\/\/pubeurope.com\/@lv\/115891863731528481","error":""},"_links":{"self":[{"href":"https:\/\/www.europesays.com\/lv\/wp-json\/wp\/v2\/posts\/103817","targetHints":{"allow":["GET"]}}],"collection":[{"href":"https:\/\/www.europesays.com\/lv\/wp-json\/wp\/v2\/posts"}],"about":[{"href":"https:\/\/www.europesays.com\/lv\/wp-json\/wp\/v2\/types\/post"}],"author":[{"embeddable":true,"href":"https:\/\/www.europesays.com\/lv\/wp-json\/wp\/v2\/users\/2"}],"replies":[{"embeddable":true,"href":"https:\/\/www.europesays.com\/lv\/wp-json\/wp\/v2\/comments?post=103817"}],"version-history":[{"count":0,"href":"https:\/\/www.europesays.com\/lv\/wp-json\/wp\/v2\/posts\/103817\/revisions"}],"wp:featuredmedia":[{"embeddable":true,"href":"https:\/\/www.europesays.com\/lv\/wp-json\/wp\/v2\/media\/100910"}],"wp:attachment":[{"href":"https:\/\/www.europesays.com\/lv\/wp-json\/wp\/v2\/media?parent=103817"}],"wp:term":[{"taxonomy":"category","embeddable":true,"href":"https:\/\/www.europesays.com\/lv\/wp-json\/wp\/v2\/categories?post=103817"},{"taxonomy":"post_tag","embeddable":true,"href":"https:\/\/www.europesays.com\/lv\/wp-json\/wp\/v2\/tags?post=103817"}],"curies":[{"name":"wp","href":"https:\/\/api.w.org\/{rel}","templated":true}]}}