{"id":103818,"date":"2026-01-14T05:52:08","date_gmt":"2026-01-14T05:52:08","guid":{"rendered":"https:\/\/www.europesays.com\/lv\/103818\/"},"modified":"2026-01-14T05:52:08","modified_gmt":"2026-01-14T05:52:08","slug":"janvara-sakums-bijis-26-gradus-aukstaks-neka-ierasts-sals-latvija-varetu-turpinaties-lidz-februarim","status":"publish","type":"post","link":"https:\/\/www.europesays.com\/lv\/103818\/","title":{"rendered":"Janv\u0101ra s\u0101kums bijis 2,6 gr\u0101dus aukst\u0101ks nek\u0101 ierasts; Sals Latvij\u0101 var\u0113tu turpin\u0101ties l\u012bdz febru\u0101rim"},"content":{"rendered":"<p>         <img decoding=\"async\" src=\"https:\/\/www.europesays.com\/lv\/wp-content\/uploads\/2026\/01\/13189cc78ad2f871e2d12f0713cb5eceba.jpg\" class=\"img-responsive post-image\" alt=\"Janv\u0101ra s\u0101kums bijis 2,6 gr\u0101dus aukst\u0101ks nek\u0101 ierasts; Sals Latvij\u0101 var\u0113tu turpin\u0101ties l\u012bdz febru\u0101rim\"\/>      <\/p>\n<blockquote><p>&#13;<\/p>\n<p style=\"text-align: justify;\">Janv\u0101ra pirm\u0101s dek\u0101des vid\u0113j\u0101 gaisa temperat\u016bra valst\u012b bija -5,3 gr\u0101di jeb 2,6 gr\u0101dus zem\u0101ka par normu, liecina Latvijas Vides, \u0123eolo\u0123ijas un meteorolo\u0123ijas centra apkopot\u0101 inform\u0101cija.\u00a0Vismaz l\u012bdz febru\u0101ra s\u0101kumam gaisa temperat\u016bra Latvij\u0101 saglab\u0101sies zem normas, liecina pa\u0161reiz\u0113j\u0101s laika prognozes.<\/p>\n<p>&#13;\n<\/p><\/blockquote>\n<p>&#13;<br \/>\n&#13;<br \/>\n<br \/>\nMinim\u0101l\u0101 gaisa temperat\u016bra valsts nov\u0113rojumu stacij\u0101s bija -18,2 gr\u0101di 8. janv\u0101r\u012b Rucav\u0101, savuk\u0101rt atbilsto\u0161i &#8220;Latvijas Valsts ce\u013cu&#8221; datiem Jaungada nakt\u012b Veclaicen\u0113 termometra stabi\u0146\u0161 nosl\u012bd\u0113ja l\u012bdz -22,3 gr\u0101diem.<\/p>\n<p>Augst\u0101k\u0101 gaisa temperat\u016bra gada s\u0101kum\u0101 bija +4,1 gr\u0101ds 2. janv\u0101r\u012b Liep\u0101j\u0101.<\/p>\n<p>Nokri\u0161\u0146u daudzums janv\u0101ra pirmaj\u0101 dek\u0101d\u0113 valst\u012b vid\u0113ji bija 16,2 milimetri jeb 88% no normas. Visvair\u0101k nokri\u0161\u0146u &#8211; 48,8 milimetri &#8211; bija Rucav\u0101, bet vismaz\u0101k sniga M\u0113rsrag\u0101, kur re\u0123istr\u0113ti 4,9 milimetri nokri\u0161\u0146u.<\/p>\n<p>&#13;<br \/>\n\u00a0&#13;<br \/>\n&#13;<\/p>\n<blockquote><p>&#13;<\/p>\n<p style=\"text-align: justify;\">Visu valsti p\u0101rkl\u0101ja sniega sega, visbiez\u0101k\u0101 t\u0101 bija 5. janv\u0101r\u012b Rucav\u0101 &#8211; 30 centimetri.<\/p>\n<p>&#13;\n<\/p><\/blockquote>\n<p>&#13;<br \/>\n&#13;<\/p>\n<p>&#13;<br \/>\nVid\u0113jais relat\u012bvais gaisa mitrums bija 87% &#8211; no 85% Kolk\u0101, M\u0113rsrag\u0101 un R\u016bjien\u0101 l\u012bdz 91% Al\u016bksn\u0113. Stipr\u0101k\u0101s v\u0113ja br\u0101zmas &#8211; 23,2 metri sekund\u0113 &#8211; tika nov\u0113rotas 9. janv\u0101r\u012b Daugavgr\u012bv\u0101.<\/p>\n<p>&#13;<br \/>\n\u00a0&#13;<br \/>\n&#13;<\/p>\n<blockquote><p>&#13;<\/p>\n<p style=\"text-align: justify;\">Saska\u0146\u0101 ar Eiropas Vid\u0113ja termi\u0146a laika progno\u017eu centra datiem n\u0101kam\u0101s tr\u012bs ned\u0113\u013cas Latvij\u0101 b\u016bs aukst\u0101kas nek\u0101 ierasts. Iesp\u0113jams, p\u0113c 20. janv\u0101ra iepl\u016bd\u012bs liels sals no Sib\u012brijas &#8211; gaisa temperat\u016bra br\u012b\u017eiem var pazemin\u0101ties l\u012bdz -30 gr\u0101diem.<\/p>\n<p>&#13;\n<\/p><\/blockquote>\n<p>&#13;<br \/>\n&#13;<br \/>\n<br \/>\nTuv\u0101kaj\u0101s nakt\u012bs viet\u0101m valst\u012b, galvenok\u0101rt austrumu novados, izkl\u012bstot m\u0101ko\u0146iem, termometra stabi\u0146\u0161 var nosl\u012bd\u0113t nedaudz zem -20 gr\u0101diem.<\/p>\n<p>Sagaid\u0101ms, ka janv\u0101ra otraj\u0101 pus\u0113 b\u016bs maz nokri\u0161\u0146u un bie\u017ei sp\u012bd\u0113s saule. Stipr\u0101ka snig\u0161ana, k\u0101 ar\u012b putenis gaid\u0101ms 14. janv\u0101ra vakar\u0101 un nakt\u012b uz 15. janv\u0101ri Rietumlatvij\u0101, s\u0101kot no Dienvidkurzemes piekrastes.<\/p>\n<p>&#13;<br \/>\n&#13;<\/p>\n<blockquote><p>&#13;<\/p>\n<p style=\"text-align: justify;\">\u0160is m\u0113nesis Latvij\u0101, visticam\u0101k, b\u016bs aukst\u0101kais janv\u0101ris kop\u0161 2016. vai pat 2010. gada.<\/p>\n<p>&#13;\n<\/p><\/blockquote>\n<p>&#13;<br \/>\n&#13;<\/p>\n<p>\u00a0<\/p>\n<p>&#13;<br \/>\nFoto: J\u0113kabpils novads\/Facebook    <\/p>\n","protected":false},"excerpt":{"rendered":"&#13; Janv\u0101ra pirm\u0101s dek\u0101des vid\u0113j\u0101 gaisa temperat\u016bra valst\u012b bija -5,3 gr\u0101di jeb 2,6 gr\u0101dus zem\u0101ka par normu, liecina&hellip;\n","protected":false},"author":2,"featured_media":103819,"comment_status":"","ping_status":"","sticky":false,"template":"","format":"standard","meta":{"footnotes":""},"categories":[12],"tags":[23,28,29,32,33,22,30,31,35,39,38,36,37,34,40,20,26,27,24,25,21],"class_list":{"0":"post-103818","1":"post","2":"type-post","3":"status-publish","4":"format-standard","5":"has-post-thumbnail","7":"category-latvija","8":"tag-aktualitates","9":"tag-breaking-news","10":"tag-breakingnews","11":"tag-featured-news","12":"tag-featurednews","13":"tag-headlines","14":"tag-latest-news","15":"tag-latestnews","16":"tag-latvia","17":"tag-latvian","18":"tag-latviesu","19":"tag-latviesu-valoda","20":"tag-latviesuvaloda","21":"tag-latvija","22":"tag-lv","23":"tag-news","24":"tag-popularakas-zinas","25":"tag-popularakaszinas","26":"tag-top-stories","27":"tag-topstories","28":"tag-zinas"},"share_on_mastodon":{"url":"https:\/\/pubeurope.com\/@lv\/115891899142112621","error":""},"_links":{"self":[{"href":"https:\/\/www.europesays.com\/lv\/wp-json\/wp\/v2\/posts\/103818","targetHints":{"allow":["GET"]}}],"collection":[{"href":"https:\/\/www.europesays.com\/lv\/wp-json\/wp\/v2\/posts"}],"about":[{"href":"https:\/\/www.europesays.com\/lv\/wp-json\/wp\/v2\/types\/post"}],"author":[{"embeddable":true,"href":"https:\/\/www.europesays.com\/lv\/wp-json\/wp\/v2\/users\/2"}],"replies":[{"embeddable":true,"href":"https:\/\/www.europesays.com\/lv\/wp-json\/wp\/v2\/comments?post=103818"}],"version-history":[{"count":0,"href":"https:\/\/www.europesays.com\/lv\/wp-json\/wp\/v2\/posts\/103818\/revisions"}],"wp:featuredmedia":[{"embeddable":true,"href":"https:\/\/www.europesays.com\/lv\/wp-json\/wp\/v2\/media\/103819"}],"wp:attachment":[{"href":"https:\/\/www.europesays.com\/lv\/wp-json\/wp\/v2\/media?parent=103818"}],"wp:term":[{"taxonomy":"category","embeddable":true,"href":"https:\/\/www.europesays.com\/lv\/wp-json\/wp\/v2\/categories?post=103818"},{"taxonomy":"post_tag","embeddable":true,"href":"https:\/\/www.europesays.com\/lv\/wp-json\/wp\/v2\/tags?post=103818"}],"curies":[{"name":"wp","href":"https:\/\/api.w.org\/{rel}","templated":true}]}}