{"id":103826,"date":"2026-01-14T05:59:06","date_gmt":"2026-01-14T05:59:06","guid":{"rendered":"https:\/\/www.europesays.com\/lv\/103826\/"},"modified":"2026-01-14T05:59:06","modified_gmt":"2026-01-14T05:59:06","slug":"valsts-un-pasvaldibu-iestades-2026-gada-samazinas-piemaksu-apmeru-raksts","status":"publish","type":"post","link":"https:\/\/www.europesays.com\/lv\/103826\/","title":{"rendered":"Valsts un pa\u0161vald\u012bbu iest\u0101d\u0113s 2026.\u00a0gad\u0101 samazin\u0101s piemaksu apm\u0113ru \/ Raksts"},"content":{"rendered":"<p>No 2026.\u00a0gada valsts un pa\u0161vald\u012bbu iest\u0101d\u0113s samazin\u0101s piemaksu apm\u0113rus darbiniekiem, otrdien, 13.\u00a0janv\u0101r\u012b nol\u0113ma vald\u012bb\u0101.<\/p>\n<p>Ja l\u012bdz \u0161im piemaksas var\u0113ja sasniegt l\u012bdz 30\u00a0% no algas, tad turpm\u0101k liel\u0101kaj\u0101 da\u013c\u0101 gad\u012bjumu t\u0101s b\u016bs ne vair\u0101k k\u0101 20\u00a0%. Vienlaikus noteikti ar\u012b iz\u0146\u0113mumi, kurus piemaksu samazin\u0101jums neskars.<\/p>\n<p>L\u0113mums pie\u0146emts, lai ietaup\u012btu bud\u017eeta l\u012bdzek\u013cus un nodro\u0161in\u0101tu finans\u0113jumu dro\u0161\u012bbas priorit\u0101t\u0113m. Valsts kanceleja noteikumu projekt\u0101 nor\u0101d\u012bja, ka valsts p\u0101rvald\u0113 piemaksas joproj\u0101m tiek izmantotas p\u0101r\u0101k pla\u0161i \u2013 apm\u0113ram pus\u0113 gad\u012bjumu, lai gan iepriek\u0161\u0113j\u0101s reformas m\u0113r\u0137is bija maks\u0101t liel\u0101ku pamatalgu, nevis regul\u0101ras piemaksas.<\/p>\n<blockquote>\n<p>Vald\u012bba nol\u0113ma, ka 2026.\u00a0gad\u0101 valsts un pa\u0161vald\u012bbu instit\u016bcij\u0101s pie\u0161\u0137iram\u0101s piemaksas apm\u0113rs tiek samazin\u0101ts par 10\u00a0% \u2013 maksim\u0101lo 30\u00a0% viet\u0101 var\u0113s pie\u0161\u0137irt tikai 20\u00a0%.\u00a0<\/p>\n<\/blockquote>\n<p>T\u0101s\u00a0var\u0113s pie\u0161\u0137irt amatperson\u0101m, kuras aizvieto promb\u016btn\u0113 eso\u0161u kol\u0113\u0123i, pilda papildu pien\u0101kumus vai\u00a0sniedz noz\u012bm\u012bgu ieguld\u012bjumu iest\u0101des strat\u0113\u0123isko m\u0113r\u0137u sasnieg\u0161an\u0101.<\/p>\n<p>Ar\u012b prokuroriem piemaksas griesti tiks samazin\u0101ti l\u012bdz 20\u00a0%, tostarp gad\u012bjumos, kad vi\u0146i aizvieto citus vai sta\u017e\u0113jas augst\u0101k\u0101 amat\u0101.<\/p>\n<p>Kop\u0113j\u0101 piemaksu summa gad\u0101 nedr\u012bkst\u0113s p\u0101rsniegt 20\u00a0% no algas.<\/p>\n<p>Piemaksas nesamazin\u0101s<\/p>\n<p>Vienlaikus noteikumos saglab\u0101ti vair\u0101ki iz\u0146\u0113mumi, kuros piemaksu apm\u0113rs var b\u016bt liel\u0101ks, \u0146emot v\u0113r\u0101 attiec\u012bgo amatu specifiku un valsts dro\u0161\u012bbas intereses.<\/p>\n<p>Piem\u0113ram, \u0101rstniec\u012bbas person\u0101m, kas aizvieto promb\u016btn\u0113 eso\u0161us kol\u0113\u0123us vai pilda vakanta amata pien\u0101kumus, piemaksas ar\u012b turpm\u0101k var\u0113s sasniegt l\u012bdz 50\u00a0% no m\u0113ne\u0161algas.<\/p>\n<p>L\u012bdz\u012bgi iz\u0146\u0113mumi paredz\u0113ti karav\u012briem un Iek\u0161lietu ministrijas sist\u0113mas amatperson\u0101m ar speci\u0101lo dienesta pak\u0101pi par pedago\u0123isko darbu, k\u0101 ar\u012b valsts dro\u0161\u012bbas iest\u0101\u017eu amatperson\u0101m, kur\u0101m piemaksu maksim\u0101lais apm\u0113rs noteikts l\u012bdz 30\u00a0%\u00a0jeb\u00a0saglab\u0101jas iepriek\u0161\u0113j\u0101 apm\u0113r\u0101.<\/p>\n<p>Kas lems par piemaks\u0101m?<\/p>\n<p>Noteikumos preciz\u0113ta ar\u012b piemaksu pie\u0161\u0137ir\u0161anas k\u0101rt\u012bba, nosakot, ka individu\u0101lo piemaksas apm\u0113ru, pamatojumu un laikposmu nosaka iest\u0101des vad\u012bt\u0101js vai vi\u0146a pilnvarota amatpersona, izv\u0113rt\u0113jot darba apjoma pieaugumu, intensit\u0101ti, ieguld\u012bjumu, izpildes termi\u0146us vai darba noz\u012bm\u012bgumu.<\/p>\n<p>Noteikumi st\u0101sies sp\u0113k\u0101 2026.\u00a0gada 15.\u00a0janv\u0101r\u012b. Ja piemaksas, kas pie\u0161\u0137irtas l\u012bdz 2026.\u00a0gada 14.\u00a0janv\u0101rim, p\u0101rsniedz jaunajos noteikumos paredz\u0113tos apm\u0113rus, t\u0101s no 2026. gada 15. janv\u0101ra tiks samazin\u0101tas atbilsto\u0161i noteiktajai k\u0101rt\u012bbai.<\/p>\n<p>                    Valodas k\u013c\u016bda rakst\u0101?<\/p>\n<p class=\"d-none d-md-block\">Iez\u012bm\u0113jiet tekstu un spiediet Ctrl+Enter, lai nos\u016bt\u012btu labojamo teksta fragmentu redaktoram! Par faktu k\u013c\u016bd\u0101m l\u016bdzam zi\u0146ot e-past\u0101 <a href=\"https:\/\/www.lsm.lv\/cdn-cgi\/l\/email-protection\" class=\"__cf_email__\" data-cfemail=\"a9dbcccdc8c2cac0c3c8e9c5dac487c5df\" rel=\"nofollow noopener\" target=\"_blank\">[email\u00a0protected]<\/a>.<\/p>\n<p class=\"d-md-none\">Iez\u012bm\u0113jiet tekstu un spiediet uz Zi\u0146ot par k\u013c\u016bdu pogas, lai nos\u016bt\u012btu labojamo teksta fragmentu redaktoram!<\/p>\n<p>\n                    Zi\u0146ot par k\u013c\u016bdu\n                <\/p>\n","protected":false},"excerpt":{"rendered":"No 2026.\u00a0gada valsts un pa\u0161vald\u012bbu iest\u0101d\u0113s samazin\u0101s piemaksu apm\u0113rus darbiniekiem, otrdien, 13.\u00a0janv\u0101r\u012b nol\u0113ma vald\u012bb\u0101. Ja l\u012bdz \u0161im piemaksas&hellip;\n","protected":false},"author":2,"featured_media":23094,"comment_status":"","ping_status":"","sticky":false,"template":"","format":"standard","meta":{"footnotes":""},"categories":[5],"tags":[23,28,29,32,33,22,30,31,35,39,38,36,37,34,40,20,26,27,24,25,21],"class_list":{"0":"post-103826","1":"post","2":"type-post","3":"status-publish","4":"format-standard","5":"has-post-thumbnail","7":"category-aktualitates","8":"tag-aktualitates","9":"tag-breaking-news","10":"tag-breakingnews","11":"tag-featured-news","12":"tag-featurednews","13":"tag-headlines","14":"tag-latest-news","15":"tag-latestnews","16":"tag-latvia","17":"tag-latvian","18":"tag-latviesu","19":"tag-latviesu-valoda","20":"tag-latviesuvaloda","21":"tag-latvija","22":"tag-lv","23":"tag-news","24":"tag-popularakas-zinas","25":"tag-popularakaszinas","26":"tag-top-stories","27":"tag-topstories","28":"tag-zinas"},"share_on_mastodon":{"url":"https:\/\/pubeurope.com\/@lv\/115891926636577007","error":""},"_links":{"self":[{"href":"https:\/\/www.europesays.com\/lv\/wp-json\/wp\/v2\/posts\/103826","targetHints":{"allow":["GET"]}}],"collection":[{"href":"https:\/\/www.europesays.com\/lv\/wp-json\/wp\/v2\/posts"}],"about":[{"href":"https:\/\/www.europesays.com\/lv\/wp-json\/wp\/v2\/types\/post"}],"author":[{"embeddable":true,"href":"https:\/\/www.europesays.com\/lv\/wp-json\/wp\/v2\/users\/2"}],"replies":[{"embeddable":true,"href":"https:\/\/www.europesays.com\/lv\/wp-json\/wp\/v2\/comments?post=103826"}],"version-history":[{"count":0,"href":"https:\/\/www.europesays.com\/lv\/wp-json\/wp\/v2\/posts\/103826\/revisions"}],"wp:featuredmedia":[{"embeddable":true,"href":"https:\/\/www.europesays.com\/lv\/wp-json\/wp\/v2\/media\/23094"}],"wp:attachment":[{"href":"https:\/\/www.europesays.com\/lv\/wp-json\/wp\/v2\/media?parent=103826"}],"wp:term":[{"taxonomy":"category","embeddable":true,"href":"https:\/\/www.europesays.com\/lv\/wp-json\/wp\/v2\/categories?post=103826"},{"taxonomy":"post_tag","embeddable":true,"href":"https:\/\/www.europesays.com\/lv\/wp-json\/wp\/v2\/tags?post=103826"}],"curies":[{"name":"wp","href":"https:\/\/api.w.org\/{rel}","templated":true}]}}