{"id":103829,"date":"2026-01-14T06:07:11","date_gmt":"2026-01-14T06:07:11","guid":{"rendered":"https:\/\/www.europesays.com\/lv\/103829\/"},"modified":"2026-01-14T06:07:11","modified_gmt":"2026-01-14T06:07:11","slug":"viss-pasliktinajas-triju-dienu-laika-basketbolistes-sirdsdraudzene-par-ulas-dzivi-un-aiziesanu-santa","status":"publish","type":"post","link":"https:\/\/www.europesays.com\/lv\/103829\/","title":{"rendered":"\u00abViss pasliktin\u0101j\u0101s triju dienu laik\u0101\u2026\u00bb Basketbolistes sirdsdraudzene par U\u013cas dz\u012bvi un aizie\u0161anu \u2014 Santa"},"content":{"rendered":"<p>\t\t\t\t\u00a0<\/p>\n<p>\u00abNenojautu, ka vi\u0146a tik dr\u012bz aizies\u2026\u00bb<\/p>\n<p>P\u0113d\u0113jie m\u016b\u017ea gadi U\u013cjanai Semjonovai vesel\u012bbas likstu d\u0113\u013c nebija viegli. \u00abAr mani pa\u0161laik ir t\u0101, ka slimoju, un visas savas dienas pavadu dz\u012bvokl\u012b R\u012bgas centr\u0101, nekur \u0101rpus m\u0101j\u0101m nedodos,\u00bb v\u0113l pirms da\u017eiem m\u0113ne\u0161iem Priv\u0101tajai Dz\u012bvei\u00a0st\u0101st\u012bja pati U\u013ca. Vi\u0146a aizraut\u012bgi turpin\u0101ja sekot l\u012bdzi notikumiem basketbola pasaul\u0113 un \u013coti gaid\u012bja uz ekr\u0101niem non\u0101kam m\u0101kslas filmu par savu dz\u012bvi.<\/p>\n<p>\u00abJ\u016btos pagodin\u0101ta, ka man tiks velt\u012bta filma. Pagaid\u0101m neesmu redz\u0113jusi neko no t\u0101s. Es \u013coti gaidu filmu, un man ir interesanti uzzin\u0101t, k\u0101da t\u0101 b\u016bs,\u00bb p\u0113rn sac\u012bja U\u013cjana. Viestura Kairi\u0161a re\u017eis\u0113taj\u0101 kinolent\u0113 U\u013ca galveno \u2013 Semjonovas \u2013 lomu sp\u0113l\u0113 talant\u012bgais aktieris K\u0101rlis Arnolds Avots. Diem\u017e\u0113l pirmizr\u0101de, kas pl\u0101nota jau \u0161ogad, notiks bez U\u013cas\u2026 8. janv\u0101r\u012b vi\u0146a aizg\u0101ja no \u0161\u012bs pasaules.<\/p>\n<p>U\u013cjanas draudzene, \u017eurn\u0101liste un bijus\u012b basketboliste Inita Kresa-Katkovska Priv\u0101tajai Dz\u012bvei\u00a0st\u0101sta: \u00abU\u013cai strauji progres\u0113ja vesel\u012bbas probl\u0113mas. Saprotu, ka viss pasliktin\u0101j\u0101s triju dienu laik\u0101. T\u0101s bija insulta sekas. Slimn\u012bc\u0101 vi\u0146a aizg\u0101ja m\u016b\u017e\u012bb\u0101.\u00bb<\/p>\n<p>Inita tur\u0113ja r\u016bpi par U\u013cu, regul\u0101ri apciemoja, abas bie\u017ei sazvan\u012bj\u0101s. \u00abEsmu viena no cilv\u0113kiem, kas vi\u0146ai pal\u012bdz\u0113ja taj\u0101 gr\u016bt\u0101kaj\u0101 posm\u0101, bet noteikti es nebiju vien\u012bg\u0101. P\u0113d\u0113jo reizi sazvan\u012bj\u0101mies Ziemassv\u0113tkos. Nenojautu, ka vi\u0146a tik dr\u012bz un strauji aizies. Atceros, k\u0101 U\u013ca man teica: \u00abEsmu attais\u012bjusi va\u013c\u0101 tavu marin\u0113to gur\u0137\u012b\u0161u burku, \u013coti gar\u0161\u012bgi!\u00bb Pied\u0101v\u0101ju atnest v\u0113l k\u0101du burku gur\u0137u, varb\u016bt v\u012brie\u0161u zapti vai ko citu, kas vi\u0146ai b\u016btu vajadz\u012bgs,\u00bb atminas Inita.<\/p>\n<p>\u00a0<\/p>\n<p>Milz\u012bgs labest\u012bbas simbols<\/p>\n<p>Inita ar U\u013cjanu iepazin\u0101s 1977. gad\u0101 \u2013 laik\u0101, kad abas sp\u0113l\u0113ja Latvijas sievie\u0161u basketbola klub\u0101 R\u012bgas TTT. \u00abKad pievienojos komandai, man bija 19 gadi, bet U\u013cjana jau bija slaven\u012bba. M\u016bsu sadarb\u012bba gan bija minim\u0101la, jo maz sp\u0113l\u0113ju, bet U\u013cai daudz laika aiz\u0146\u0113ma gatavo\u0161an\u0101s olimpi\u0101d\u0113m. U\u013ca bija c\u012bn\u012bt\u0101ja. Uz laukuma bija ar\u012b br\u012b\u017ei, kad vi\u0146a bija \u013coti nervoza. Ta\u010du p\u0113c puslaika var\u0113ja pieiet kl\u0101t un teikt: \u00abNe\u0146em galv\u0101. Es to sarun\u0101ju emociju karstum\u0101.\u00bb Neviens \u0123\u0113nijs jau nav balts un p\u016bkains. Bet uz vi\u0146u var\u0113ja pa\u013cauties. Ja kaut ko pateica, tad izdar\u012bja,\u00bb atceras Kresa-Katkovska.<\/p>\n<p>Tuv\u0101ka draudz\u012bba ab\u0101m izveidoj\u0101s v\u0113l\u0101k, kad U\u013cjana jau bija nosl\u0113gusi basketbolistes karjeru. \u00abEs ar\u012b biju beigusi sp\u0113l\u0113t un tolaik biju jauna sporta \u017eurn\u0101liste, kas veido raid\u012bjumu par olimpie\u0161u ikdienu. U\u013cjanai bija pateikts, ka izlasei vi\u0146a vairs nav vajadz\u012bga. Atceros, k\u0101jas traumas d\u0113\u013c vi\u0146a gul\u0113ja slimn\u012bc\u0101. Ar radio report\u0101\u017eu pal\u012bdz\u012bbu uzsv\u0113ru to, ka t\u0101du cilv\u0113ku k\u0101 U\u013ca, kas p\u0113c sportista karjeras beig\u0101m ir glu\u017ei k\u0101 izsviesti no laivas, ir daudz,\u00bb st\u0101sta vi\u0146a.<\/p>\n<p>        <a href=\"https:\/\/www.europesays.com\/lv\/wp-content\/uploads\/2026\/01\/94be6ca7e3c1.jpg\"><img decoding=\"async\" alt=\"TTT meitenes \u2013 U\u013cjana ar Initu Kresu-Katkovsku un Ilzi Brumermani.\" class=\"no-convert\" src=\"https:\/\/www.europesays.com\/lv\/wp-content\/uploads\/2026\/01\/94be6ca7e3c1.jpg\"\/><\/a><\/p>\n<p> Foto: No izdevniec\u012bbas \u00ab\u017durn\u0101ls Santa\u00bb arh\u012bva<\/p>\n<p>TTT meitenes \u2013 U\u013cjana ar Initu Kresu-Katkovsku un Ilzi Brumermani.<\/p>\n<p>\u00a0<\/p>\n<p>Semjonova gan neiesl\u012bga sevis \u017e\u0113lo\u0161an\u0101, bet gan s\u0101ka pal\u012bdz\u0113t citiem. 1996. gad\u0101 s\u0101ka darboties Latvijas Olimpie\u0161u soci\u0101lais fonds, kura vad\u012bt\u0101ja un seja bija U\u013cjana. \u00abFonds katru gadu R\u012bgas Latvie\u0161u biedr\u012bbas nam\u0101 r\u012bkoja Ziemassv\u0113tku egl\u012bti, lai iepriecin\u0101tu sporta veter\u0101nus. U\u013ca bija Ziemassv\u0113tku r\u016b\u0137\u012btis, \u2013 kam\u0113r vien k\u0101jas klaus\u012bja, vi\u0146a g\u0101d\u0101ja paci\u0146as un pati brauca pie katra ciemos. Vi\u0146a bija \u012bsts labest\u012bbas simbols, tie\u0161i t\u0101p\u0113c ar\u012b baud\u012bja tautas m\u012blest\u012bbu, un visi to sauca par U\u013cas fondu,\u00bb atceras \u017eurn\u0101liste. Daudzi atminas ar\u012b to, ka tad, kad Latvija c\u012bn\u012bj\u0101s par neatkar\u012bbu no PSRS, Semjonova \u013coti iesaist\u012bj\u0101s. \u00abU\u013cjana tautie\u0161us aicin\u0101ja nost\u0101ties barik\u0101\u017eu pareizaj\u0101 pus\u0113. M\u0113s Olimpiskaj\u0101 komitej\u0101 kop\u0101 sm\u0113r\u0113j\u0101m maiz\u012btes, kuras nes\u0101m uz Ministru kabinetu, ko sarg\u0101ja bobslejisti,\u00bb atmi\u0146\u0101s kav\u0113jas U\u013cas draudzene.<\/p>\n<p>\u00a0<\/p>\n<p>Dz\u012bves izska\u0146\u0101 apr\u016bp\u0113ja m\u0101sasmeita<\/p>\n<p>Semjonovas dzimtas saknes mekl\u0113jamas Latgal\u0113, Medumos. \u00abNe visi zina to, ka paties\u012bb\u0101 vi\u0146a ir dzimusi Lietuv\u0101, Zarasos. T\u0101 notika, jo slimn\u012bca Lietuv\u0101 vi\u0146as \u0123imenei bija tuv\u0101k nek\u0101 Daugavpil\u012b. T\u0113vs mammu zirgu paj\u016bg\u0101 aizveda uz Zarasiem, kur piedzima U\u013ca. T\u0101p\u0113c lietuvie\u0161i vi\u0146u sauc par sav\u0113jo,\u00bb atkl\u0101j Inita Kresa-Katkovska. Semjonova auga kop\u0101 ar \u010detriem br\u0101\u013ciem un m\u0101su. Viens no br\u0101\u013ciem b\u016bs kl\u0101t ar\u012b U\u013cas b\u0113ru ceremonij\u0101.<\/p>\n<p>\u00abDom\u0101ju, ka daudzi uz atvad\u012b\u0161anos nes\u012bs dzeltenus ziedus \u2013 tie vi\u0146ai asoci\u0113j\u0101s ar\u00a0 sauli. Protams, vi\u0146a priec\u0101j\u0101s ar\u012b par sarkanu ziedu pu\u0161\u0137i,\u00bb atceras \u017eurn\u0101liste.<\/p>\n<p>        <a href=\"https:\/\/www.europesays.com\/lv\/wp-content\/uploads\/2026\/01\/63bd07df8042.jpg\"><img decoding=\"async\" alt=\"U\u013ca dzelteno ziedu ielenkum\u0101.\" class=\"no-convert\" src=\"https:\/\/www.europesays.com\/lv\/wp-content\/uploads\/2026\/01\/63bd07df8042.jpg\"\/><\/a><\/p>\n<p> Foto: No izdevniec\u012bbas \u00ab\u017durn\u0101ls Santa\u00bb arh\u012bva<\/p>\n<p>U\u013ca dzelteno ziedu ielenkum\u0101.<\/p>\n<p>\u00a0<\/p>\n<p>Dz\u012bves smag\u0101kaj\u0101 posm\u0101 sportisti apr\u016bp\u0113ja U\u013cas m\u0101sasmeita. \u00abM\u0101sa ar savu meitu bija U\u013cas tuv\u0101kie radi. Radinieces vi\u0146u m\u012b\u013ci sauca par babu U\u013cu,\u00bb teic \u017eurn\u0101liste. Lai gan Semjonovai pa\u0161ai savu \u0123imeni neizdev\u0101s izveidot, par m\u012blest\u012bbas un uzman\u012bbas tr\u016bkumu vi\u0146a nevar\u0113ja s\u016bdz\u0113ties. \u00abPar U\u013cu interes\u0113j\u0101s Latvij\u0101 un \u0101rzem\u0113s, un vi\u0146ai ar\u012b patika uzman\u012bba,\u00bb pasmaida Inita.<\/p>\n<p>\u017durn\u0101la Priv\u0101t\u0101 Dz\u012bve jaun\u0101kaj\u0101 numur\u0101 lasi ar\u012b Gun\u0101ra J\u0101kobsona un Raimonda V\u0113jo\u0146a atmi\u0146u st\u0101stus par le\u0123end\u0101ro basketbolisti!<\/p>\n<p>&#13;<\/p>\n<ul>&#13;<\/p>\n<li>\u00abNesp\u0113j\u0101m pal\u012bdz\u0113t&#8230;\u00bb Ikstenas m\u0101sa par Noras m\u016b\u017ea izska\u0146u<\/li>\n<p>&#13;<\/p>\n<li>Artu Skuju un T\u0101li Eipuru atlai\u017e no darba TV<\/li>\n<p>&#13;<\/p>\n<li>10 amizanti fakti, ko daudzi nezina par Maestro Paulu<\/li>\n<p>&#13;<\/p>\n<li>Juris \u017dagars par p\u0101rmai\u0146\u0101m Dailes \u0161tat\u0101<\/li>\n<p>&#13;<\/p>\n<li>U\u013cjanas Semjonovas dz\u012bv\u012bba izdzisa tr\u012bs dien\u0101s<\/li>\n<p>&#13;<\/p>\n<li>Aija Andrejeva atkl\u0101j, ko uzd\u0101vin\u0101jusi sev 40. jubilej\u0101<\/li>\n<p>&#13;<\/p>\n<li>\u0112rk\u0161\u0137u \u0161ova zvaigzne Ksenija J\u0113kabpil\u012b nones ce\u013caz\u012bmes<\/li>\n<p>&#13;<\/p>\n<li>K\u0101 p\u0113c dz\u012bvesbiedres n\u0101ves dz\u012bvo J\u0101nis Jenzis<\/li>\n<p>&#13;\n<\/ul>\n<p>\t&#13;<br \/>\n\t&#13;<br \/>\n\t\t\t\t<img decoding=\"async\" class=\"no-convert\" data-init=\"lazy-image\" src=\"https:\/\/www.europesays.com\/lv\/wp-content\/uploads\/2026\/01\/17682117336964c5158f37a.jpg\" alt=\"Priv\u0101t\u0101 Dzive nr02\/2026\" style=\"margin-top: 15px;\"\/>&#13;<br \/>\n\t\t\t&#13;<br \/>\n&#13;<\/p>\n","protected":false},"excerpt":{"rendered":"\u00a0 \u00abNenojautu, ka vi\u0146a tik dr\u012bz aizies\u2026\u00bb P\u0113d\u0113jie m\u016b\u017ea gadi U\u013cjanai Semjonovai vesel\u012bbas likstu d\u0113\u013c nebija viegli. \u00abAr&hellip;\n","protected":false},"author":2,"featured_media":103830,"comment_status":"","ping_status":"","sticky":false,"template":"","format":"standard","meta":{"footnotes":""},"categories":[17],"tags":[35,39,38,36,37,34,40,67],"class_list":{"0":"post-103829","1":"post","2":"type-post","3":"status-publish","4":"format-standard","5":"has-post-thumbnail","7":"category-sports","8":"tag-latvia","9":"tag-latvian","10":"tag-latviesu","11":"tag-latviesu-valoda","12":"tag-latviesuvaloda","13":"tag-latvija","14":"tag-lv","15":"tag-sports"},"share_on_mastodon":{"url":"https:\/\/pubeurope.com\/@lv\/115891958105274286","error":""},"_links":{"self":[{"href":"https:\/\/www.europesays.com\/lv\/wp-json\/wp\/v2\/posts\/103829","targetHints":{"allow":["GET"]}}],"collection":[{"href":"https:\/\/www.europesays.com\/lv\/wp-json\/wp\/v2\/posts"}],"about":[{"href":"https:\/\/www.europesays.com\/lv\/wp-json\/wp\/v2\/types\/post"}],"author":[{"embeddable":true,"href":"https:\/\/www.europesays.com\/lv\/wp-json\/wp\/v2\/users\/2"}],"replies":[{"embeddable":true,"href":"https:\/\/www.europesays.com\/lv\/wp-json\/wp\/v2\/comments?post=103829"}],"version-history":[{"count":0,"href":"https:\/\/www.europesays.com\/lv\/wp-json\/wp\/v2\/posts\/103829\/revisions"}],"wp:featuredmedia":[{"embeddable":true,"href":"https:\/\/www.europesays.com\/lv\/wp-json\/wp\/v2\/media\/103830"}],"wp:attachment":[{"href":"https:\/\/www.europesays.com\/lv\/wp-json\/wp\/v2\/media?parent=103829"}],"wp:term":[{"taxonomy":"category","embeddable":true,"href":"https:\/\/www.europesays.com\/lv\/wp-json\/wp\/v2\/categories?post=103829"},{"taxonomy":"post_tag","embeddable":true,"href":"https:\/\/www.europesays.com\/lv\/wp-json\/wp\/v2\/tags?post=103829"}],"curies":[{"name":"wp","href":"https:\/\/api.w.org\/{rel}","templated":true}]}}