{"id":103833,"date":"2026-01-14T06:11:10","date_gmt":"2026-01-14T06:11:10","guid":{"rendered":"https:\/\/www.europesays.com\/lv\/103833\/"},"modified":"2026-01-14T06:11:10","modified_gmt":"2026-01-14T06:11:10","slug":"nespeja-tikt-gala-ar-to-ko-sastradajis-valmiera-virietis-izdara-liktenigu-izveli","status":"publish","type":"post","link":"https:\/\/www.europesays.com\/lv\/103833\/","title":{"rendered":"Nesp\u0113ja tikt gal\u0101 ar to, ko sastr\u0101d\u0101jis\u2026 Valmier\u0101 v\u012brietis izdara likten\u012bgu izv\u0113li"},"content":{"rendered":"<p>\u201cTe vakar bija t\u0101ds bars cilv\u0113ku, ka es visp\u0101r nesapratu nek\u0101. Tagad es mazg\u0101ju. \u0160ito v\u0113l neko neesmu dar\u012bjusi. Kur tie visi gabali paliku\u0161i, es nek\u0101 nesapratu, es nemaz nebiju \u0161in\u012b istab\u0101, jo vi\u0146\u0161 te gul\u0113ja, man ne\u013c\u0101va aiztikt neko,\u201d saka mamma.<\/p>\n<p>Kop\u0161 nelaimes ir pag\u0101ju\u0161as 20 stundas, skatu, kas pav\u0113r\u0101s ien\u0101kot d\u0113la dz\u012bvokl\u012b, sieviete atceras ar asar\u0101m: \u201cEs ierados plkst. 14.00 dien\u0101, un nevaru attais\u012bt \u0161\u012bs durvis. Bet vi\u0146\u0161, izr\u0101d\u0101s te uz ce\u013cgaliem, bet galvi\u0146a bija te uz mali\u0146as. Un t\u0101 vi\u0146\u0161 te gul\u0113ja aizspiedis durvis ar k\u0101j\u0101m. Un es nevar\u0113ju tikt iek\u0161\u0101. Es jau sajutu kaut ko nelabu, tad es aizskr\u0113ju uz miliciju.\u201d<\/p>\n<p>P\u0113c 10 min\u016bt\u0113m sieviete dz\u012bvokl\u012b atgriez\u0101s ar operat\u012bvajiem dienestiem. Istab\u0101, kur\u0101 atrad\u0101s d\u0113ls bija par\u0101d\u012bjusies d\u016bmu smaka. Gl\u0101b\u0113ji uzlauza durvis, ta\u010du gl\u0101bt v\u012brie\u0161a dz\u012bv\u012bbu bija par v\u0113lu: \u201cPa\u0146\u0113mis no \u0101ras met\u0101la spain\u012b\u0161us, kur liek atkritumus, sab\u0113ris laikam ogles grila, un tad dedzin\u0101jis, tvanu tais\u012bja. -Un j\u016bs tobr\u012bd nebij\u0101t m\u0101j\u0101s, vi\u0146\u0161 viens pats. Draudzen\u012bte vi\u0146am bija. Draudzene aizg\u0101ja plkst. 5.00 uz darbu, un tad vi\u0146\u0161 to visu sadar\u012bja, kam\u0113r vi\u0146as nav.\u201d<\/p>\n<p>Kundze ar no\u017e\u0113lu atdz\u012bst, ka notiku\u0161ais nav nejau\u0161\u012bba, bet gan apzin\u0101ts m\u0113r\u0137is padar\u012bt sev galu. 47 gadu laik\u0101 v\u012brietim biju\u0161as da\u017e\u0101das probl\u0113mas \u2013 iepriek\u0161\u0113j\u0101s attiec\u012bb\u0101s kl\u0101teso\u0161s bija alkohols un vardarb\u012bba, ar\u012b aiz cietuma rest\u0113m b\u016bts ne vienu reizi vien. M\u0101te st\u0101sta, ka d\u0113ls nesp\u0113jis tikt p\u0101ri tam, ko pats \u0161o gadu laik\u0101 sastr\u0101d\u0101jis.<\/p>\n<p>\u201cNu, vi\u0146am t\u0101da dz\u012bv\u012bte san\u0101ca nesmuka. Viens nedarbs p\u0113c otra nedarba, \u0161\u0137ir\u0161an\u0101s, depresija. Faktiski vi\u0146am bija j\u0101\u0101rst\u0113jas. (DP: Bet vi\u0146\u0161 m\u0113\u0123in\u0101ja l\u016bgt pal\u012bdz\u012bbu?) N\u0113, vi\u0146\u0161 neatdz\u012bst, ka vi\u0146am kaut kas vainas. Ne vi\u0146\u0161 dz\u0113r\u0101js, ne vi\u0146\u0161 kas. (DP: Un iepriek\u0161 kaut k\u0101di l\u012bdz\u012bgi gad\u012bjumi ar\u012b bija?) Bija j\u0101. Z\u0101les dz\u0113ra, vienreiz bija g\u0101zi atv\u0113ris te va\u013c\u0101 un gul\u0113ja uz t\u0101s gulti\u0146as. Bet nekas vi\u0146am nesan\u0101ca nomirt, vi\u0146\u0161 br\u012bn\u0101s,\u201d saka v\u012brie\u0161a mamma.<\/p>\n<p class=\"ad-desc ad-desc-main\">Saturs turpin\u0101s p\u0113c rekl\u0101mas<\/p>\n<p class=\"ad-desc ad-desc-sec\">Rekl\u0101ma<\/p>\n<p>Vi\u0146a turpina: \u201cAi, tur tik daudz j\u0101st\u0101sta\u2026 Es pati analiz\u0113ju visu to lietu, un dom\u0101ju \u2013 k\u0101p\u0113c, k\u0101p\u0113c, k\u0101p\u0113c un kur t\u0101 probl\u0113ma, un kur tas bija. Bet m\u0113s jau vi\u0146u vair\u0101k nosod\u012bj\u0101m, pab\u0101r\u0101m, nek\u0101 pal\u012bdz\u0113j\u0101m. T\u0101 tas notiek dz\u012bv\u0113.\u201d<\/p>\n<p>Otrdien kundzei j\u0101dodas uz autopsiju tur ar\u012b pazi\u0146os, vai d\u0113ls aizg\u0101jis m\u016b\u017e\u012bb\u0101, saelpojoties d\u016bmus, vai medikamentu d\u0113\u013c. Par sievietes sirdsmieru un vesel\u012bbu turpin\u0101s r\u016bp\u0113ties meita.<\/p>\n<p class=\"tv3-fw-500\">Zi\u0146o par k\u013c\u016bdu rakst\u0101<\/p>\n<p class=\"d-md-block d-none\">Iez\u012bm\u0113 k\u013c\u016bdaino tekstu un spied Ctrl+Enter.<\/p>\n<p class=\"d-md-none d-block\">Iez\u012bm\u0113 k\u013c\u016bdaino tekstu un zi\u0146o par to!<\/p>\n","protected":false},"excerpt":{"rendered":"\u201cTe vakar bija t\u0101ds bars cilv\u0113ku, ka es visp\u0101r nesapratu nek\u0101. Tagad es mazg\u0101ju. \u0160ito v\u0113l neko neesmu&hellip;\n","protected":false},"author":2,"featured_media":103834,"comment_status":"","ping_status":"","sticky":false,"template":"","format":"standard","meta":{"footnotes":""},"categories":[5],"tags":[23,28,29,25042,32,33,22,30,31,35,39,38,36,37,34,40,20,26,27,24,25,21],"class_list":{"0":"post-103833","1":"post","2":"type-post","3":"status-publish","4":"format-standard","5":"has-post-thumbnail","7":"category-aktualitates","8":"tag-aktualitates","9":"tag-breaking-news","10":"tag-breakingnews","11":"tag-dzivokla-ugunsgrekspasnavibavalmiera","12":"tag-featured-news","13":"tag-featurednews","14":"tag-headlines","15":"tag-latest-news","16":"tag-latestnews","17":"tag-latvia","18":"tag-latvian","19":"tag-latviesu","20":"tag-latviesu-valoda","21":"tag-latviesuvaloda","22":"tag-latvija","23":"tag-lv","24":"tag-news","25":"tag-popularakas-zinas","26":"tag-popularakaszinas","27":"tag-top-stories","28":"tag-topstories","29":"tag-zinas"},"share_on_mastodon":{"url":"https:\/\/pubeurope.com\/@lv\/115891973938188403","error":""},"_links":{"self":[{"href":"https:\/\/www.europesays.com\/lv\/wp-json\/wp\/v2\/posts\/103833","targetHints":{"allow":["GET"]}}],"collection":[{"href":"https:\/\/www.europesays.com\/lv\/wp-json\/wp\/v2\/posts"}],"about":[{"href":"https:\/\/www.europesays.com\/lv\/wp-json\/wp\/v2\/types\/post"}],"author":[{"embeddable":true,"href":"https:\/\/www.europesays.com\/lv\/wp-json\/wp\/v2\/users\/2"}],"replies":[{"embeddable":true,"href":"https:\/\/www.europesays.com\/lv\/wp-json\/wp\/v2\/comments?post=103833"}],"version-history":[{"count":0,"href":"https:\/\/www.europesays.com\/lv\/wp-json\/wp\/v2\/posts\/103833\/revisions"}],"wp:featuredmedia":[{"embeddable":true,"href":"https:\/\/www.europesays.com\/lv\/wp-json\/wp\/v2\/media\/103834"}],"wp:attachment":[{"href":"https:\/\/www.europesays.com\/lv\/wp-json\/wp\/v2\/media?parent=103833"}],"wp:term":[{"taxonomy":"category","embeddable":true,"href":"https:\/\/www.europesays.com\/lv\/wp-json\/wp\/v2\/categories?post=103833"},{"taxonomy":"post_tag","embeddable":true,"href":"https:\/\/www.europesays.com\/lv\/wp-json\/wp\/v2\/tags?post=103833"}],"curies":[{"name":"wp","href":"https:\/\/api.w.org\/{rel}","templated":true}]}}