{"id":103839,"date":"2026-01-14T06:15:11","date_gmt":"2026-01-14T06:15:11","guid":{"rendered":"https:\/\/www.europesays.com\/lv\/103839\/"},"modified":"2026-01-14T06:15:11","modified_gmt":"2026-01-14T06:15:11","slug":"dienvidkorejas-eksprezidentam-junam-pieprasa-navessodu-1188-lv","status":"publish","type":"post","link":"https:\/\/www.europesays.com\/lv\/103839\/","title":{"rendered":"Dienvidkorejas eksprezidentam Junam pieprasa n\u0101vessodu &#8211; 1188.lv"},"content":{"rendered":"<ol>\n<li><a href=\"https:\/\/news.google.com\/rss\/articles\/CBMijwFBVV95cUxPZEo5WGo2Wi1Sa25ZT29KRTBSUzYxeHpkRmthODNTd1U1NHhiWG1sOGVEYTBQZEJMckc0ZTFGLUxyamlOT2hiOF85MVBRZWRPWWNvTllEVnRzMnVsMFBYN2hoR0NYcHhydzNZc0Vwd0kzd281dTBHeHZPOFBvbjRsNy1JbFExcnZTdU9VUXBkaw?oc=5\" target=\"_blank\" rel=\"nofollow noopener\">Dienvidkorejas eksprezidentam Junam pieprasa n\u0101vessodu<\/a>&nbsp;&nbsp;1188.lv<\/li>\n<li><a href=\"https:\/\/news.google.com\/rss\/articles\/CBMivgFBVV95cUxQZE1UWGJJZDd5eEloUVJHdFNNVUI2YUdxREVacllsQmpKV1AzWGtnVHVBeXlNeHZ1SFVoYjM3ZFFKbHBHY0NLS2o0bEhpNGlfX0dVSmMzVGpRS1VjMFA3YUZsT01rVl9QQ2RzZ1IxRlRUY1VtT25WVndYajJyQ1RLZWp0R2dUZkZESlFvTTZ2a3Z1SDR6bGNVdDVvSFRnOE5RVU1QSkxDbGpOMEhIdHhVb0tOUUVLV25ILWhlTzN3?oc=5\" target=\"_blank\" rel=\"nofollow noopener\">Dienvidkorejas biju\u0161ajam prezidentam Junam pieprasa n\u0101vessodu \/ Raksts<\/a>&nbsp;&nbsp;LSM<\/li>\n<li><a href=\"https:\/\/news.google.com\/rss\/articles\/CBMi6gFBVV95cUxQMEFPdTJqclZqMXdxWXl6Zm5rLThXVFBxZkhTX1FFQ2k5czExaU1XVndXYmFRcUlIRjM1VXc2LUNmaDVZVU1oNUZnSFI2b3FEbVFrSjIyd2hDeHJxUHpZaWJCRUV3aFhtV3lSbWx1X3UtUTY4S0M4cVJ3Y3lRU1BFbGxIWFVncWNlenA2OHVSUmVOejFoOGMzN0NzOXBhX0NpbzZHaGtEUjdQN0diQlM5YkNoMnRSREFUaXpjczY4ZmVMeHJvQWhxeVZvN0Q3bXBiY29pOVlFQ05BRkcxeUlNS3dWSGo2RGxLNHc?oc=5\" target=\"_blank\" rel=\"nofollow noopener\">Piespriest n\u0101vessodu! Dienvidkorejas eksprezidents Juns Sukjols k\u013cuvis par k\u0101rt\u0113jo valsts vad\u012bt\u0101ju, kuru v\u0113las pak\u0101rt<\/a>&nbsp;&nbsp;Jauns.lv<\/li>\n<li><a href=\"https:\/\/news.google.com\/rss\/articles\/CBMilAFBVV95cUxQdF9sN0Z2R2JuRUZmUG9oSXB5REc0RW5BeFJmVUIyLUdxZ2N1XzdBTml0NGY4MU5OMnQyWkJfNl9LaVhtSXlfeXBhZ2xGbVJ6WXFBeFRXcWRqcHVqREs0d3pmRGttbkhra3RoWi11U0RUam5paWt6LWtSQmRjUEhtYWJ1MGxockMxTWxNUDVJOHEtcC1U?oc=5\" target=\"_blank\" rel=\"nofollow noopener\">Dienvidkorejas eksprezidentam pieprasa n\u0101vessodu<\/a>&nbsp;&nbsp;Inbox.lv<\/li>\n<li><a href=\"https:\/\/news.google.com\/rss\/articles\/CBMijAFBVV95cUxNMnBmd2lWOXRlSWd2QUNkZHdTT1RtS3RkeXpZRE1vaXFxX2FiWFM5WDZCSUNZUGJtd0o1ZkI2MmI1cjJiY19lY3RzeEtVV21zY1NCeFMyQXM1Q2hrM0dkMnBIelZ0dnNkY3hYcjBkdmVZSDV2ZEkwbHRrVF9tNjRqYk9KNjV5cUJtbG5aWA?oc=5\" target=\"_blank\" rel=\"nofollow noopener\">Dienvidkorejas biju\u0161ajam prezidentam pieprasa n\u0101vessodu<\/a>&nbsp;&nbsp;TVNET<\/li>\n<\/ol>\n","protected":false},"excerpt":{"rendered":"Dienvidkorejas eksprezidentam Junam pieprasa n\u0101vessodu&nbsp;&nbsp;1188.lv Dienvidkorejas biju\u0161ajam prezidentam Junam pieprasa n\u0101vessodu \/ Raksts&nbsp;&nbsp;LSM Piespriest n\u0101vessodu! Dienvidkorejas eksprezidents Juns&hellip;\n","protected":false},"author":2,"featured_media":103840,"comment_status":"","ping_status":"","sticky":false,"template":"","format":"standard","meta":{"footnotes":""},"categories":[14],"tags":[129,15611,23,57,28,29,32,33,22,30,31,35,39,38,36,37,34,40,20,26,27,15612,15613,24,25,54,55,56,21,58],"class_list":{"0":"post-103839","1":"post","2":"type-post","3":"status-publish","4":"format-standard","5":"has-post-thumbnail","7":"category-zinas-no-arvalstim","8":"tag-__typenameadvicekeyword","9":"tag-id919","10":"tag-aktualitates","11":"tag-arvalstim","12":"tag-breaking-news","13":"tag-breakingnews","14":"tag-featured-news","15":"tag-featurednews","16":"tag-headlines","17":"tag-latest-news","18":"tag-latestnews","19":"tag-latvia","20":"tag-latvian","21":"tag-latviesu","22":"tag-latviesu-valoda","23":"tag-latviesuvaloda","24":"tag-latvija","25":"tag-lv","26":"tag-news","27":"tag-popularakas-zinas","28":"tag-popularakaszinas","29":"tag-slugdienvidkoreja","30":"tag-titledienvidkoreja","31":"tag-top-stories","32":"tag-topstories","33":"tag-world","34":"tag-world-news","35":"tag-worldnews","36":"tag-zinas","37":"tag-zinas-no-arvalstim"},"share_on_mastodon":{"url":"https:\/\/pubeurope.com\/@lv\/115891989557656587","error":""},"_links":{"self":[{"href":"https:\/\/www.europesays.com\/lv\/wp-json\/wp\/v2\/posts\/103839","targetHints":{"allow":["GET"]}}],"collection":[{"href":"https:\/\/www.europesays.com\/lv\/wp-json\/wp\/v2\/posts"}],"about":[{"href":"https:\/\/www.europesays.com\/lv\/wp-json\/wp\/v2\/types\/post"}],"author":[{"embeddable":true,"href":"https:\/\/www.europesays.com\/lv\/wp-json\/wp\/v2\/users\/2"}],"replies":[{"embeddable":true,"href":"https:\/\/www.europesays.com\/lv\/wp-json\/wp\/v2\/comments?post=103839"}],"version-history":[{"count":0,"href":"https:\/\/www.europesays.com\/lv\/wp-json\/wp\/v2\/posts\/103839\/revisions"}],"wp:featuredmedia":[{"embeddable":true,"href":"https:\/\/www.europesays.com\/lv\/wp-json\/wp\/v2\/media\/103840"}],"wp:attachment":[{"href":"https:\/\/www.europesays.com\/lv\/wp-json\/wp\/v2\/media?parent=103839"}],"wp:term":[{"taxonomy":"category","embeddable":true,"href":"https:\/\/www.europesays.com\/lv\/wp-json\/wp\/v2\/categories?post=103839"},{"taxonomy":"post_tag","embeddable":true,"href":"https:\/\/www.europesays.com\/lv\/wp-json\/wp\/v2\/tags?post=103839"}],"curies":[{"name":"wp","href":"https:\/\/api.w.org\/{rel}","templated":true}]}}