{"id":103841,"date":"2026-01-14T06:18:24","date_gmt":"2026-01-14T06:18:24","guid":{"rendered":"https:\/\/www.europesays.com\/lv\/103841\/"},"modified":"2026-01-14T06:18:24","modified_gmt":"2026-01-14T06:18:24","slug":"monopola-viesis-ziedona-muzeja-vaditajs-janis-holsteins-upmanis-lr1-latvijas-radio","status":"publish","type":"post","link":"https:\/\/www.europesays.com\/lv\/103841\/","title":{"rendered":"Monopola viesis Ziedo\u0146a muzeja vad\u012bt\u0101js J\u0101nis Hol\u0161teins-Upmanis \/ LR1 \/ \/ Latvijas Radio"},"content":{"rendered":"<p><a href=\"https:\/\/mapp.latvijasradio.lv\/shared-broadcast?b=125&amp;url=http:\/\/latvijasradio.lsm.lv\/lv\/lr1\/raidijumi\/monopols\/\" target=\"_blank\" rel=\"nofollow noopener\"><img decoding=\"async\" alt=\"Latvijas Radio lietotnes logo\" src=\"https:\/\/www.europesays.com\/lv\/wp-content\/uploads\/2026\/01\/1768371504_312_LR_pod poga.png\" style=\"width: 140px; height: 38px;\"\/><\/a>\u00a0<a href=\"https:\/\/open.spotify.com\/playlist\/0Twm7KID9492VtP1GEjLFr?si=b0039b14955941df\" target=\"_blank\" rel=\"nofollow noopener\"><img decoding=\"async\" alt=\"Klausies lietotn\u0113 Latvijas radio\" src=\"https:\/\/www.europesays.com\/lv\/wp-content\/uploads\/2026\/01\/1768371504_589_LR_pod poga klausies muziku.png\" style=\"width: 139px; height: 38px;\"\/><\/a><\/p>\n<p>J\u0101nis Hol\u0161teins-Upmanis ir dziesminieks, komponists, kas ar skatuves v\u0101rdu Goran Gora m\u016bzik\u0101 darbojas kop\u0161 2002.\u00a0gada. Vi\u0146\u0161 Kult\u016bras koled\u017e\u0101 apguvis amatierte\u0101tru re\u017eisora profesiju, ir Kult\u016bras zi\u0146u vad\u012bt\u0101js Latvijas Telev\u012bzij\u0101.\u00a0Par darbu te\u0101tra m\u016bzikas \u017eanr\u0101 ticis tr\u012bsreiz nomin\u0113ts \u201eSp\u0113lma\u0146u nakts\u201d balvai. J\u0101nis ir prec\u0113jies ar grupas \u201eAstro&#8217;n&#8217;out\u201d solisti M\u0101ru Upmani-Hol\u0161teinu un abi ir vec\u0101ki trim b\u0113rniem. Vi\u0146\u0161 darbojas fond\u0101 \u201eViegli\u201d\u00a0\u2013 piedal\u0101s fonda m\u016bzikas projektos un ir Ziedo\u0146a muzeja rado\u0161ais direktors.<\/p>\n<p>P\u0113c 84 gadiem Latvij\u0101 atgriezusies J\u0101\u0146a Roberta Tillberga glezna \u201eLatvie\u0161u meitene\u201d, un kult\u016brtelpa \u201eOla Foundation\u201d ir vieta, kur t\u0101 ir apskat\u0101ma divus m\u0113ne\u0161us \u2013 no 9. janv\u0101ra l\u012bdz 3. martam. \u0160is ir izcils Purv\u012b\u0161a muzeja un Imanta Ziedo\u0146a fonda \u201eViegli\u201d paveikts darbs, atg\u016bstot pazudu\u0161o da\u013cu no Latvijas kult\u016bras mantojuma, kas glab\u0101j\u0101s V\u0101cij\u0101.<\/p>\n<p>\u00a0<\/p>\n<p>Ieteikt<\/p>\n<p>    Latvijas Radio aicina izteikt savu viedokli par raid\u012bjum\u0101 dzird\u0113to un atbalsta diskusijas klaus\u012bt\u0101ju starp\u0101, tom\u0113r patur ties\u012bbas dz\u0113st koment\u0101rus, kas p\u0101rk\u0101pj cie\u0146pilnas attieksmes un \u0113tiskas r\u012bc\u012bbas robe\u017eas.<a name=\"comments\"\/><\/p>\n","protected":false},"excerpt":{"rendered":"\u00a0 J\u0101nis Hol\u0161teins-Upmanis ir dziesminieks, komponists, kas ar skatuves v\u0101rdu Goran Gora m\u016bzik\u0101 darbojas kop\u0161 2002.\u00a0gada. Vi\u0146\u0161 Kult\u016bras&hellip;\n","protected":false},"author":2,"featured_media":103842,"comment_status":"","ping_status":"","sticky":false,"template":"","format":"standard","meta":{"footnotes":""},"categories":[19],"tags":[89,90,35,39,38,36,37,34,40],"class_list":{"0":"post-103841","1":"post","2":"type-post","3":"status-publish","4":"format-standard","5":"has-post-thumbnail","7":"category-izklaide","8":"tag-entertainment","9":"tag-izklaide","10":"tag-latvia","11":"tag-latvian","12":"tag-latviesu","13":"tag-latviesu-valoda","14":"tag-latviesuvaloda","15":"tag-latvija","16":"tag-lv"},"share_on_mastodon":{"url":"https:\/\/pubeurope.com\/@lv\/115892001374803775","error":""},"_links":{"self":[{"href":"https:\/\/www.europesays.com\/lv\/wp-json\/wp\/v2\/posts\/103841","targetHints":{"allow":["GET"]}}],"collection":[{"href":"https:\/\/www.europesays.com\/lv\/wp-json\/wp\/v2\/posts"}],"about":[{"href":"https:\/\/www.europesays.com\/lv\/wp-json\/wp\/v2\/types\/post"}],"author":[{"embeddable":true,"href":"https:\/\/www.europesays.com\/lv\/wp-json\/wp\/v2\/users\/2"}],"replies":[{"embeddable":true,"href":"https:\/\/www.europesays.com\/lv\/wp-json\/wp\/v2\/comments?post=103841"}],"version-history":[{"count":0,"href":"https:\/\/www.europesays.com\/lv\/wp-json\/wp\/v2\/posts\/103841\/revisions"}],"wp:featuredmedia":[{"embeddable":true,"href":"https:\/\/www.europesays.com\/lv\/wp-json\/wp\/v2\/media\/103842"}],"wp:attachment":[{"href":"https:\/\/www.europesays.com\/lv\/wp-json\/wp\/v2\/media?parent=103841"}],"wp:term":[{"taxonomy":"category","embeddable":true,"href":"https:\/\/www.europesays.com\/lv\/wp-json\/wp\/v2\/categories?post=103841"},{"taxonomy":"post_tag","embeddable":true,"href":"https:\/\/www.europesays.com\/lv\/wp-json\/wp\/v2\/tags?post=103841"}],"curies":[{"name":"wp","href":"https:\/\/api.w.org\/{rel}","templated":true}]}}