{"id":103846,"date":"2026-01-14T06:32:06","date_gmt":"2026-01-14T06:32:06","guid":{"rendered":"https:\/\/www.europesays.com\/lv\/103846\/"},"modified":"2026-01-14T06:32:06","modified_gmt":"2026-01-14T06:32:06","slug":"latvija-palidzes-eiropa-pilotet-depozita-sistemu-lietotam-tekstilam","status":"publish","type":"post","link":"https:\/\/www.europesays.com\/lv\/103846\/","title":{"rendered":"Latvija pal\u012bdz\u0113s Eirop\u0101 pilot\u0113t depoz\u012bta sist\u0113mu lietotam tekstilam"},"content":{"rendered":"<p>Jaun\u0101 iniciat\u012bva, TexMat, atalgos pat\u0113r\u0113t\u0101jus par atk\u0101rtoti lietojamu un p\u0101rstr\u0101d\u0101jumu tekstila pre\u010du nodo\u0161anu, vienlaikus inform\u0113jot ra\u017eot\u0101jus, ja konteiner\u0101 non\u0101ku\u0161ajiem materi\u0101liem nepiecie\u0161ama atkritumu apsaimnieko\u0161ana.<\/p>\n<p>Automatiz\u0113tie viedie konteineri ar\u012b nov\u0113rt\u0113s tekstila pre\u010du kvalit\u0101ti un apkopos inform\u0101ciju par materi\u0101liem, izmantojot digit\u0101l\u0101s produktu pases, kuras dr\u012bzum\u0101 pl\u0101nots ieviest vis\u0101 ES.<\/p>\n<p>Dace Akule, \u201cZa\u013c\u0101s br\u012bv\u012bbas\u201d aprites ekonomikas eksperte tekstila jom\u0101, saka: \u201cPiedaloties projekt\u0101 TexMat, m\u0113s varam Eiropas m\u0113rog\u0101 dal\u012bties ar Latvijas pieredzi papla\u0161in\u0101t\u0101s ra\u017eot\u0101ju atbild\u012bbas jom\u0101.<\/p>\n<blockquote class=\"quote ck-widget\" contenteditable=\"false\">\n<p>Latvija \u0161obr\u012bd ir viena no \u010detr\u0101m ES valst\u012bm, kur \u0161\u012b pieeja jau darbojas tekstila pre\u010du kategorij\u0101.<\/p>\n<\/blockquote>\n<p>Ar lielu interesi p\u0113t\u012bsim, k\u0101 depoz\u012bta-atmaksas modeli, kas jau ir labi zin\u0101ms dz\u0113rienu iepakojuma jom\u0101, var\u0113tu piel\u0101got ar\u012b tekstilizstr\u0101d\u0101jumiem.\u201d<\/p>\n<p>TexMat projektu vada Somijas tehnisk\u0101s p\u0113tniec\u012bbas centrs VTT (\u201cVTT Technical Research Centre of Finland\u201d) un taj\u0101 sadarbojas 14 partneri no septi\u0146\u0101m ES valst\u012bm. Pilota aktivit\u0101tes 2028. gad\u0101 notiks Somij\u0101 un Sp\u0101nij\u0101, lai izp\u0113t\u012btu, k\u0101 sist\u0113mu var\u0113tu papla\u0161in\u0101t vis\u0101 Eirop\u0101.<\/p>\n","protected":false},"excerpt":{"rendered":"Jaun\u0101 iniciat\u012bva, TexMat, atalgos pat\u0113r\u0113t\u0101jus par atk\u0101rtoti lietojamu un p\u0101rstr\u0101d\u0101jumu tekstila pre\u010du nodo\u0161anu, vienlaikus inform\u0113jot ra\u017eot\u0101jus, ja konteiner\u0101&hellip;\n","protected":false},"author":2,"featured_media":103847,"comment_status":"","ping_status":"","sticky":false,"template":"","format":"standard","meta":{"footnotes":""},"categories":[16],"tags":[693,77,76,514,35,39,38,36,37,34,40],"class_list":{"0":"post-103846","1":"post","2":"type-post","3":"status-publish","4":"format-standard","5":"has-post-thumbnail","7":"category-bizness","8":"tag-atkritumi","9":"tag-bizness","10":"tag-business","11":"tag-eiropas-savieniba","12":"tag-latvia","13":"tag-latvian","14":"tag-latviesu","15":"tag-latviesu-valoda","16":"tag-latviesuvaloda","17":"tag-latvija","18":"tag-lv"},"share_on_mastodon":{"url":"https:\/\/pubeurope.com\/@lv\/115892056414137152","error":""},"_links":{"self":[{"href":"https:\/\/www.europesays.com\/lv\/wp-json\/wp\/v2\/posts\/103846","targetHints":{"allow":["GET"]}}],"collection":[{"href":"https:\/\/www.europesays.com\/lv\/wp-json\/wp\/v2\/posts"}],"about":[{"href":"https:\/\/www.europesays.com\/lv\/wp-json\/wp\/v2\/types\/post"}],"author":[{"embeddable":true,"href":"https:\/\/www.europesays.com\/lv\/wp-json\/wp\/v2\/users\/2"}],"replies":[{"embeddable":true,"href":"https:\/\/www.europesays.com\/lv\/wp-json\/wp\/v2\/comments?post=103846"}],"version-history":[{"count":0,"href":"https:\/\/www.europesays.com\/lv\/wp-json\/wp\/v2\/posts\/103846\/revisions"}],"wp:featuredmedia":[{"embeddable":true,"href":"https:\/\/www.europesays.com\/lv\/wp-json\/wp\/v2\/media\/103847"}],"wp:attachment":[{"href":"https:\/\/www.europesays.com\/lv\/wp-json\/wp\/v2\/media?parent=103846"}],"wp:term":[{"taxonomy":"category","embeddable":true,"href":"https:\/\/www.europesays.com\/lv\/wp-json\/wp\/v2\/categories?post=103846"},{"taxonomy":"post_tag","embeddable":true,"href":"https:\/\/www.europesays.com\/lv\/wp-json\/wp\/v2\/tags?post=103846"}],"curies":[{"name":"wp","href":"https:\/\/api.w.org\/{rel}","templated":true}]}}