{"id":103852,"date":"2026-01-14T06:37:06","date_gmt":"2026-01-14T06:37:06","guid":{"rendered":"https:\/\/www.europesays.com\/lv\/103852\/"},"modified":"2026-01-14T06:37:06","modified_gmt":"2026-01-14T06:37:06","slug":"hawks-izbraukuma-parliecinosi-zaude-doncica-un-dzeimsa-lakers-tv3-lv","status":"publish","type":"post","link":"https:\/\/www.europesays.com\/lv\/103852\/","title":{"rendered":"\u201cHawks\u201d izbraukum\u0101 p\u0101rliecino\u0161i zaud\u0113 Don\u010di\u010da un D\u017eeimsa \u201cLakers\u201d &#8211; tv3.lv"},"content":{"rendered":"<ol>\n<li><a href=\"https:\/\/news.google.com\/rss\/articles\/CBMioAFBVV95cUxNNm1jb1hHaFpadXZTYlRFbC10dUdxVDZBdGlTTDFVdHo0V0Y1MklTRHJ4TmQ0dGl0ZjBLUVNUY3daMkRId2xQMlgzdnNBcFVmT0RscnNwQzNobWlUZE1qcjZTM3daZFZXMVJpZE9zWGR0bW14RXRoVm93ams5N3pFWmFobloyTDVpTi13ZnlUdFVoT3lLbk1mekhianhwdkQ4?oc=5\" target=\"_blank\" rel=\"nofollow noopener\">\u201cHawks\u201d izbraukum\u0101 p\u0101rliecino\u0161i zaud\u0113 Don\u010di\u010da un D\u017eeimsa \u201cLakers\u201d<\/a>&nbsp;&nbsp;tv3.lv<\/li>\n<li><a href=\"https:\/\/news.google.com\/rss\/articles\/CBMisAFBVV95cUxNenJFU0F0dDFiM3Rqa09ickpaMnMzV3BQVUVCUUxndEtJVXB2ODdIN1NuVlM4OVFvRzJIdVNwRWlNckI5X2pfSXR6aGQ4M3FZUGxxT2wyWFNWWjBFMURRUTJtczI0VF9tLVBtSDB4THdlaEFvQ0ZRd3BEUER1dloxYXRKU01XQ0p5QVFIQmtlYXhBUzhGLWxXSmJkVlpqTEV4dFd4dHhfNEpidXpwSHpweg?oc=5\" target=\"_blank\" rel=\"nofollow noopener\">D\u017eeimss un Don\u010di\u010ds neatst\u0101j &#8220;Hawks&#8221; cer\u012bbas uz pan\u0101kumu<\/a>&nbsp;&nbsp;Delfi<\/li>\n<li><a href=\"https:\/\/news.google.com\/rss\/articles\/CBMimgFBVV95cUxObzlreEhndVZEMVJpUXpxbDdLRHFmcDlaeE1sM192b2xiamU3VXltLXUxYXJqYm1RV1RNYkhEbnI4cU5KT0NSRGtjcXdYTFRWd2draDFfTTgzZF9QcjV0dE1WS1U3aGZPaHo0ZFNPbUxoSFBsUUhsYkVhZEJhLWRqTzlXTDNmR2xnd0hmMVozZFJxMXlVX1M0WTJB?oc=5\" target=\"_blank\" rel=\"nofollow noopener\">Porzi\u0146\u0123is atkal nesp\u0113l\u0113; &#8220;Hawks&#8221; izc\u012bna uzvaru p\u0101r &#8220;Warriors&#8221;<\/a>&nbsp;&nbsp;Jauns.lv<\/li>\n<li><a href=\"https:\/\/news.google.com\/rss\/articles\/CBMiswFBVV95cUxNZXFwQU5xcmJqY0NSNWJqYTdXZ0hOd3NyUk85UV8zZm5OQjB0b1Z1MjZEdU04Z2gtaGF1V1M4NW1FNXBLbHdFZXBObklOZFhUOVctQVF1aDVCUnJyMk1HOEd5ZXJISEZNQXpsTU1mVzZqU3ViWTBpNGdCUjFaaHFqb1VOSkdfYmhPWHVpZVJrZ0l0MVh2a1BOQ2JCdmpiTllpYVNncDBfQWFLdTJNSUpMSnNDaw?oc=5\" target=\"_blank\" rel=\"nofollow noopener\">K\u0101p\u0113c Porzi\u0146\u0123is vairs nedodas laukum\u0101 Atlantas \u201cHawks\u201d s\u0101kumsast\u0101v\u0101?<\/a>&nbsp;&nbsp;liepajniekiem.lv<\/li>\n<li><a href=\"https:\/\/news.google.com\/rss\/articles\/CBMif0FVX3lxTE1adEpCREFBcnFWUDduaTNjY2FXbFY4Q0d4UmpEUEF3aFhicFpyazdCUzNudk5zeVhJM0FTVXVkaDlYWTloSjhOWVJMZEVKYjFZeVBJcnduM3o0RE0zbGh0MHotZmdIOXFTR01mMEM0VFh4dS1PdC1SNHB1cnNGVXc?oc=5\" target=\"_blank\" rel=\"nofollow noopener\">&#8220;Hawks&#8221; bez Porzi\u0146\u0123a izc\u012bna uzvaru p\u0101r &#8220;Nuggets&#8221;<\/a>&nbsp;&nbsp;Apollo.lv<\/li>\n<\/ol>\n","protected":false},"excerpt":{"rendered":"\u201cHawks\u201d izbraukum\u0101 p\u0101rliecino\u0161i zaud\u0113 Don\u010di\u010da un D\u017eeimsa \u201cLakers\u201d&nbsp;&nbsp;tv3.lv D\u017eeimss un Don\u010di\u010ds neatst\u0101j &#8220;Hawks&#8221; cer\u012bbas uz pan\u0101kumu&nbsp;&nbsp;Delfi Porzi\u0146\u0123is atkal&hellip;\n","protected":false},"author":2,"featured_media":103853,"comment_status":"","ping_status":"","sticky":false,"template":"","format":"standard","meta":{"footnotes":""},"categories":[17],"tags":[25045,35,39,38,36,37,34,40,67],"class_list":{"0":"post-103852","1":"post","2":"type-post","3":"status-publish","4":"format-standard","5":"has-post-thumbnail","7":"category-sports","8":"tag-atlantas-hawkskristaps-porzingislebrons-dzeimsslosandzelosas-lakersluka-doncicsnba","9":"tag-latvia","10":"tag-latvian","11":"tag-latviesu","12":"tag-latviesu-valoda","13":"tag-latviesuvaloda","14":"tag-latvija","15":"tag-lv","16":"tag-sports"},"share_on_mastodon":{"url":"https:\/\/pubeurope.com\/@lv\/115892076031459633","error":""},"_links":{"self":[{"href":"https:\/\/www.europesays.com\/lv\/wp-json\/wp\/v2\/posts\/103852","targetHints":{"allow":["GET"]}}],"collection":[{"href":"https:\/\/www.europesays.com\/lv\/wp-json\/wp\/v2\/posts"}],"about":[{"href":"https:\/\/www.europesays.com\/lv\/wp-json\/wp\/v2\/types\/post"}],"author":[{"embeddable":true,"href":"https:\/\/www.europesays.com\/lv\/wp-json\/wp\/v2\/users\/2"}],"replies":[{"embeddable":true,"href":"https:\/\/www.europesays.com\/lv\/wp-json\/wp\/v2\/comments?post=103852"}],"version-history":[{"count":0,"href":"https:\/\/www.europesays.com\/lv\/wp-json\/wp\/v2\/posts\/103852\/revisions"}],"wp:featuredmedia":[{"embeddable":true,"href":"https:\/\/www.europesays.com\/lv\/wp-json\/wp\/v2\/media\/103853"}],"wp:attachment":[{"href":"https:\/\/www.europesays.com\/lv\/wp-json\/wp\/v2\/media?parent=103852"}],"wp:term":[{"taxonomy":"category","embeddable":true,"href":"https:\/\/www.europesays.com\/lv\/wp-json\/wp\/v2\/categories?post=103852"},{"taxonomy":"post_tag","embeddable":true,"href":"https:\/\/www.europesays.com\/lv\/wp-json\/wp\/v2\/tags?post=103852"}],"curies":[{"name":"wp","href":"https:\/\/api.w.org\/{rel}","templated":true}]}}