{"id":103856,"date":"2026-01-14T06:41:10","date_gmt":"2026-01-14T06:41:10","guid":{"rendered":"https:\/\/www.europesays.com\/lv\/103856\/"},"modified":"2026-01-14T06:41:10","modified_gmt":"2026-01-14T06:41:10","slug":"brivpratigo-skaits-valsts-aizsardzibas-dienesta-ar-katru-gadu-pieaug-lr1-latvijas-radio","status":"publish","type":"post","link":"https:\/\/www.europesays.com\/lv\/103856\/","title":{"rendered":"Br\u012bvpr\u0101t\u012bgo skaits Valsts aizsardz\u012bbas dienest\u0101 ar katru gadu pieaug \/ LR1 \/ \/ Latvijas Radio"},"content":{"rendered":"<p><a href=\"https:\/\/mapp.latvijasradio.lv\/shared-broadcast?b=237&amp;url=http:\/\/latvijasradio.lsm.lv\/lv\/lr1\/raidijumi\/labriit\/\" target=\"_blank\" rel=\"nofollow noopener\"><img decoding=\"async\" alt=\"Latvijas radio lietotnes logo\" src=\"https:\/\/www.europesays.com\/lv\/wp-content\/uploads\/2026\/01\/1768372870_936_LR_pod poga.png\" style=\"width: 140px; height: 38px;\"\/><\/a><\/p>\n<p>\u0160odien, 14. janv\u0101r\u012b, nosl\u0113dz\u0101s br\u012bvpr\u0101t\u012bgo pieteik\u0161an\u0101s Valsts aizsardz\u012bbas dienesta iesaukumam, kas s\u0101ksies \u0161\u012b gada vasar\u0101. \u0160ogad j\u016blija iesaukumam nepiecie\u0161ami 1470 karav\u012bri, un vair\u0101k nek\u0101 t\u016bkstotis jau ir pieteiku\u0161ies br\u012bvpr\u0101t\u012bgi. Bet 21. janv\u0101r\u012b notiks atlase p\u0113c nejau\u0161\u012bbas principa, kur\u0101 tiks samekl\u0113ti tr\u016bksto\u0161ie karav\u012bri. K\u0101 att\u012bst\u0101s iesaukumu dinamika kop\u0161 dienesta iedibin\u0101\u0161anas un k\u0101 tas var\u0113tu virz\u012bties t\u0101l\u0101k?<\/p>\n<p>Br\u012bvpr\u0101t\u012bgo skaits, kas piesak\u0101s Valsts aizsardz\u012bbas dienestam, katru gadu arvien pieaug. Tie, uz kuriem attiec\u0101s iesaukums, ir v\u012brie\u0161i un sievietes vecum\u0101 no 18 l\u012bdz 27 gadiem. Valters Dak\u0161a, kur\u0161 bija pieteicies v\u0113l pirmaj\u0101 iesaukum\u0101, aicina jaunie\u0161us pieteikties dienestam br\u012bvpr\u0101t\u012bgi un st\u0101sta par savu pieredzi.<\/p>\n<p>\u201eTas vi\u0146iem var\u0113tu b\u016bt for\u0161\u0101kais piedz\u012bvojums dz\u012bv\u0113. Vi\u0146i, iesp\u0113jams, tur ieguvu\u0161i vienu vai da\u017eus labus draugus, ieg\u016bs vienu vai daudzas labas m\u0101c\u012bbas, kuras vi\u0146iem noder\u0113s visu dz\u012bvi. Un t\u0101 ir lieliska iesp\u0113ja b\u016bt tuvu kl\u0101t m\u016bsu valstij, piedal\u012bties t\u0101s notikumos un b\u016bt ar\u012b labam cilv\u0113kam, labam t\u0113vam un labam jaunietim. Un tas ir br\u012bni\u0161\u0137\u012bgs piedz\u012bvojums. Protams, ar gr\u016bt\u012bb\u0101m, bet t\u0101s ir p\u0101rvaramas un for\u0161as.\u201d<\/p>\n<p>Iesaukums ir divas reizes gad\u0101. 2023. gad\u0101 j\u016blija iesaukumam bija pieteiku\u0161ies gandr\u012bz 500 jaunie\u0161i, no kuriem 253 tika uz\u0146emti dienest\u0101. (Savuk\u0101rt 2024. gada janv\u0101ra iesaukumam pieteic\u0101s gandr\u012bz 250, bet uz\u0146emti tika 146. J\u016blij\u0101 iesaukumam pieteic\u0101s 515 \u2013 bet dienest\u0101 tika 373 uz\u0146emti br\u012bvpr\u0101t\u012bgie. Bet v\u0113l 63 tika atlas\u012bti p\u0113c nejau\u0161\u012bbas principa. P\u0113rn janv\u0101ra iesaukum\u0101 pieteiku\u0161ies 324, bet uz\u0146emts 241 \u2013 kur tikai viens bija iesaukts atlases k\u0101rt\u012bb\u0101.) Savuk\u0101rt p\u0113rn j\u016blij\u0101 br\u012bvpr\u0101t\u012bgi pieteic\u0101s jau 783, no kuriem uz\u0146emti 566, bet v\u0113l 176 tika uz\u0146emti atlases k\u0101rt\u012bb\u0101. \u0160\u012b gada janv\u0101r\u012b dienest\u0101 tika iesaukti 111 jaunie\u0161i \u2013 78 br\u012bvpr\u0101t\u012bgie, 33 \u2013 atlases k\u0101rt\u012bb\u0101.<\/p>\n<p>Savuk\u0101rt \u0161\u012b gada j\u016blija iesaukum\u0101, kuram pieteik\u0161an\u0101s nosl\u0113dz\u0101s \u0161odien, pl\u0101nots uz\u0146emt dienest\u0101 1470 karav\u012bru. \u0160obr\u012bd, 12. janv\u0101r\u012b, br\u012bvpr\u0101t\u012bgi pieteiku\u0161ies 1353. Attiec\u012bgi p\u0113c \u0161o br\u012bvpr\u0101t\u012bgo p\u0101rbaudes \u2013 kas ietver gan atbilst\u012bbu dienestam no likuma perspekt\u012bvas, gan ar\u012b vesel\u012bbas p\u0101rbaudes, tiks noteikts, cik daudz b\u016bs nepiecie\u0161ams iesaukt atlases k\u0101rt\u012bb\u0101. \u0160\u012b proced\u016bra ir iepl\u0101nota 21. janv\u0101r\u012b.<\/p>\n<p>Ieteikt<\/p>\n<p>    Latvijas Radio aicina izteikt savu viedokli par raid\u012bjum\u0101 dzird\u0113to un atbalsta diskusijas klaus\u012bt\u0101ju starp\u0101, tom\u0113r patur ties\u012bbas dz\u0113st koment\u0101rus, kas p\u0101rk\u0101pj cie\u0146pilnas attieksmes un \u0113tiskas r\u012bc\u012bbas robe\u017eas.<a name=\"comments\"\/><\/p>\n","protected":false},"excerpt":{"rendered":"\u0160odien, 14. janv\u0101r\u012b, nosl\u0113dz\u0101s br\u012bvpr\u0101t\u012bgo pieteik\u0161an\u0101s Valsts aizsardz\u012bbas dienesta iesaukumam, kas s\u0101ksies \u0161\u012b gada vasar\u0101. \u0160ogad j\u016blija iesaukumam&hellip;\n","protected":false},"author":2,"featured_media":103857,"comment_status":"","ping_status":"","sticky":false,"template":"","format":"standard","meta":{"footnotes":""},"categories":[5],"tags":[23,28,29,32,33,22,30,31,35,39,38,36,37,34,40,20,26,27,24,25,21],"class_list":{"0":"post-103856","1":"post","2":"type-post","3":"status-publish","4":"format-standard","5":"has-post-thumbnail","7":"category-aktualitates","8":"tag-aktualitates","9":"tag-breaking-news","10":"tag-breakingnews","11":"tag-featured-news","12":"tag-featurednews","13":"tag-headlines","14":"tag-latest-news","15":"tag-latestnews","16":"tag-latvia","17":"tag-latvian","18":"tag-latviesu","19":"tag-latviesu-valoda","20":"tag-latviesuvaloda","21":"tag-latvija","22":"tag-lv","23":"tag-news","24":"tag-popularakas-zinas","25":"tag-popularakaszinas","26":"tag-top-stories","27":"tag-topstories","28":"tag-zinas"},"share_on_mastodon":{"url":"https:\/\/pubeurope.com\/@lv\/115892091828571861","error":""},"_links":{"self":[{"href":"https:\/\/www.europesays.com\/lv\/wp-json\/wp\/v2\/posts\/103856","targetHints":{"allow":["GET"]}}],"collection":[{"href":"https:\/\/www.europesays.com\/lv\/wp-json\/wp\/v2\/posts"}],"about":[{"href":"https:\/\/www.europesays.com\/lv\/wp-json\/wp\/v2\/types\/post"}],"author":[{"embeddable":true,"href":"https:\/\/www.europesays.com\/lv\/wp-json\/wp\/v2\/users\/2"}],"replies":[{"embeddable":true,"href":"https:\/\/www.europesays.com\/lv\/wp-json\/wp\/v2\/comments?post=103856"}],"version-history":[{"count":0,"href":"https:\/\/www.europesays.com\/lv\/wp-json\/wp\/v2\/posts\/103856\/revisions"}],"wp:featuredmedia":[{"embeddable":true,"href":"https:\/\/www.europesays.com\/lv\/wp-json\/wp\/v2\/media\/103857"}],"wp:attachment":[{"href":"https:\/\/www.europesays.com\/lv\/wp-json\/wp\/v2\/media?parent=103856"}],"wp:term":[{"taxonomy":"category","embeddable":true,"href":"https:\/\/www.europesays.com\/lv\/wp-json\/wp\/v2\/categories?post=103856"},{"taxonomy":"post_tag","embeddable":true,"href":"https:\/\/www.europesays.com\/lv\/wp-json\/wp\/v2\/tags?post=103856"}],"curies":[{"name":"wp","href":"https:\/\/api.w.org\/{rel}","templated":true}]}}