{"id":103858,"date":"2026-01-14T06:43:12","date_gmt":"2026-01-14T06:43:12","guid":{"rendered":"https:\/\/www.europesays.com\/lv\/103858\/"},"modified":"2026-01-14T06:43:12","modified_gmt":"2026-01-14T06:43:12","slug":"latviesu-kalnu-slepotaja-germane-pasaules-kausa-posma-austrija-piedzivo-nepatikamu-kritienu-raksts","status":"publish","type":"post","link":"https:\/\/www.europesays.com\/lv\/103858\/","title":{"rendered":"Latvie\u0161u kalnu sl\u0113pot\u0101ja \u0122\u0113rmane Pasaules kausa posm\u0101 Austrij\u0101 piedz\u012bvo nepat\u012bkamu kritienu \/ Raksts"},"content":{"rendered":"<p>\n                        Vakar, 19:39                    <\/p>\n<p>\n                            Papildin\u0101ts vakar, 20:40                        <\/p>\n<p>Lab\u0101k\u0101 latvie\u0161u kalnu sl\u0113pot\u0101ja D\u017eenifera \u0122\u0113rmane Pasaules kausa slalom\u0101 sept\u012bto posmu Austrij\u0101 nepabeidza, jo piedz\u012bvoja kritienu.<\/p>\n<p>(Papildin\u0101ts ar Lienes Bondares rezult\u0101tu.)<\/p>\n<p>\u0122\u0113rmanei \u0161aj\u0101s sacens\u012bb\u0101s bija 17. numurs, un, lai gan ies\u0101kums bija raits, jau trases pirmaj\u0101 sektor\u0101 k\u013c\u016bda p\u0113c k\u013c\u016bdas ne\u013c\u0101va sav\u0101kt k\u0101j\u0101s, kas rezult\u0113j\u0101s p\u0113c skata nepat\u012bkam\u0101 kritien\u0101. Ies\u0101kum\u0101 m\u016bsu sl\u0113pot\u0101ja atrad\u0101s uz zemes, bet p\u0113c\u0101k sp\u0113ja pa\u0161as sp\u0113kiem trasi atst\u0101t.\u00a0<\/p>\n<p>Sare\u017e\u0123\u012btaj\u0101 tras\u0113 fini\u0161u nesasniedza ar\u012b otra Latvijas kalnu sl\u0113pot\u0101ja Liene Bondare, kas tras\u0113 dev\u0101s ar 74. numuru.<\/p>\n<p>Latviete janv\u0101ra s\u0101kum\u0101 uzst\u0101d\u012bja jaunu neatkar\u012bg\u0101s Latvijas rekordu, Pasaules kausa slaloma sacens\u012bb\u0101s izc\u012bnot 7.\u00a0vietu. Kopum\u0101 \u0161\u012b vi\u0146ai ir veiksm\u012bga sezona, jo bez nosaukt\u0101 pan\u0101kuma vi\u0146ai izdevies v\u0113l divas reizes fini\u0161\u0113t TOP10.\u00a0<\/p>\n<p>Pirms \u0161\u012b posma \u0122\u0113rmane ar 116 izc\u012bn\u012btiem punktiem bija dal\u012bt\u0101 desmitaj\u0101 viet\u0101 slaloma sacens\u012bbu sezonas kopv\u0113rt\u0113jum\u0101.<\/p>\n<p>Kalnu sl\u0113pot\u0101jas l\u012bdz 18. janv\u0101rim kr\u0101j punktus Mil\u0101nas\u2013Kort\u012bnas ziemas olimpisko sp\u0113\u013cu kvalifik\u0101cij\u0101, bet \u0122\u0113rmanei praktiski ir garant\u0113ta olimpisk\u0101 ce\u013caz\u012bme. Kvalifik\u0101cijas termi\u0146a beig\u0101s Pasaules kausa starta list\u0113 saglab\u0101jot\u00a0vietu TOP30, \u0122\u0113rmane nodro\u0161in\u0101s Latvijai otru olimpisko starta kvotu sieviet\u0113m slalom\u0101.<\/p>\n<p>\u0122\u0113rmane 2024.\/2025. gada sezon\u0101 Pasaules kausa posmos slalom\u0101 tr\u012bsreiz fini\u0161\u0113ja astot\u0101, kas l\u012bdz \u0161im bija lab\u0101kais rezult\u0101ts neatkar\u012bg\u0101s Latvijas kalnu sl\u0113po\u0161anas v\u0113stur\u0113. \u0122imenes rekordu Pasaules kausa sacens\u012bb\u0101s D\u017eenifera v\u0113l gan nav labojusi \u2013\u00a0vi\u0146as mamma\u00a0Ulla\u00a0\u0122\u0113rmane\u00a0(tolaik Lodzi\u0146a) v\u0113l PSRS sast\u0101v\u0101 asto\u0146desmito gadu beig\u0101s un 1990.\u00a0gad\u0101 vair\u0101kas reizes Pasaules kausa sacens\u012bb\u0101s bija piecpadsmitniek\u0101 ar 4.\u00a0vietu k\u0101 lab\u0101ko rezult\u0101tu.<\/p>\n<p>                    Valodas k\u013c\u016bda rakst\u0101?<\/p>\n<p class=\"d-none d-md-block\">Iez\u012bm\u0113jiet tekstu un spiediet Ctrl+Enter, lai nos\u016bt\u012btu labojamo teksta fragmentu redaktoram! Par faktu k\u013c\u016bd\u0101m l\u016bdzam zi\u0146ot e-past\u0101 <a href=\"https:\/\/www.lsm.lv\/cdn-cgi\/l\/email-protection\" class=\"__cf_email__\" data-cfemail=\"daa8bfbebbb1b9b3b0bb9ab6a9b7f4b6ac\" rel=\"nofollow noopener\" target=\"_blank\">[email\u00a0protected]<\/a>.<\/p>\n<p class=\"d-md-none\">Iez\u012bm\u0113jiet tekstu un spiediet uz Zi\u0146ot par k\u013c\u016bdu pogas, lai nos\u016bt\u012btu labojamo teksta fragmentu redaktoram!<\/p>\n<p>\n                    Zi\u0146ot par k\u013c\u016bdu\n                <\/p>\n","protected":false},"excerpt":{"rendered":"Vakar, 19:39 Papildin\u0101ts vakar, 20:40 Lab\u0101k\u0101 latvie\u0161u kalnu sl\u0113pot\u0101ja D\u017eenifera \u0122\u0113rmane Pasaules kausa slalom\u0101 sept\u012bto posmu Austrij\u0101 nepabeidza,&hellip;\n","protected":false},"author":2,"featured_media":103859,"comment_status":"","ping_status":"","sticky":false,"template":"","format":"standard","meta":{"footnotes":""},"categories":[17],"tags":[35,39,38,36,37,34,40,67],"class_list":{"0":"post-103858","1":"post","2":"type-post","3":"status-publish","4":"format-standard","5":"has-post-thumbnail","7":"category-sports","8":"tag-latvia","9":"tag-latvian","10":"tag-latviesu","11":"tag-latviesu-valoda","12":"tag-latviesuvaloda","13":"tag-latvija","14":"tag-lv","15":"tag-sports"},"share_on_mastodon":{"url":"https:\/\/pubeurope.com\/@lv\/115892099638793478","error":""},"_links":{"self":[{"href":"https:\/\/www.europesays.com\/lv\/wp-json\/wp\/v2\/posts\/103858","targetHints":{"allow":["GET"]}}],"collection":[{"href":"https:\/\/www.europesays.com\/lv\/wp-json\/wp\/v2\/posts"}],"about":[{"href":"https:\/\/www.europesays.com\/lv\/wp-json\/wp\/v2\/types\/post"}],"author":[{"embeddable":true,"href":"https:\/\/www.europesays.com\/lv\/wp-json\/wp\/v2\/users\/2"}],"replies":[{"embeddable":true,"href":"https:\/\/www.europesays.com\/lv\/wp-json\/wp\/v2\/comments?post=103858"}],"version-history":[{"count":0,"href":"https:\/\/www.europesays.com\/lv\/wp-json\/wp\/v2\/posts\/103858\/revisions"}],"wp:featuredmedia":[{"embeddable":true,"href":"https:\/\/www.europesays.com\/lv\/wp-json\/wp\/v2\/media\/103859"}],"wp:attachment":[{"href":"https:\/\/www.europesays.com\/lv\/wp-json\/wp\/v2\/media?parent=103858"}],"wp:term":[{"taxonomy":"category","embeddable":true,"href":"https:\/\/www.europesays.com\/lv\/wp-json\/wp\/v2\/categories?post=103858"},{"taxonomy":"post_tag","embeddable":true,"href":"https:\/\/www.europesays.com\/lv\/wp-json\/wp\/v2\/tags?post=103858"}],"curies":[{"name":"wp","href":"https:\/\/api.w.org\/{rel}","templated":true}]}}