{"id":103860,"date":"2026-01-14T06:45:20","date_gmt":"2026-01-14T06:45:20","guid":{"rendered":"https:\/\/www.europesays.com\/lv\/103860\/"},"modified":"2026-01-14T06:45:20","modified_gmt":"2026-01-14T06:45:20","slug":"indija-zilonis-nogalinajis-jau-20-cilvekus-meklesana-turpinas","status":"publish","type":"post","link":"https:\/\/www.europesays.com\/lv\/103860\/","title":{"rendered":"Indij\u0101 zilonis nogalin\u0101jis jau 20 cilv\u0113kus \u2013 mekl\u0113\u0161ana turpin\u0101s"},"content":{"rendered":"<p class=\"descr\">Amatpersonas pazi\u0146oja, ka devi\u0146u dienu laik\u0101 Indijas austrumu \u0161tat\u0101 D\u017eharkhandas savva\u013cas zilonis ir nogalin\u0101jis vismaz 20 cilv\u0113kus, piebilstot, ka dz\u012bvnieks v\u0113l nav notverts, zi\u0146o \u201cBBC\u201d.<\/p>\n<p>N\u0101ves gad\u012bjumi notika laik\u0101 no 1. l\u012bdz 9. janv\u0101rim, \u010caibasas un Kolhanas me\u017eu apgabalos, kas ir da\u013ca no liel\u0101kajiem me\u017eiem \u0100zij\u0101.<\/p>\n<p>Re\u0123ion\u0101 jau gadiem ilgi tiek zi\u0146ots par cilv\u0113ku un zilo\u0146u konfliktiem, un amatpersonas un p\u0113tnieki tos saista ar me\u017eu plat\u012bbas samazin\u0101\u0161anos, dz\u012bvot\u0146u sadrumstalot\u012bbu un pastiprin\u0101tu cilv\u0113ku aktivit\u0101ti zilo\u0146u koridoru tuvum\u0101.<\/p>\n<p>Amatpersonas zi\u0146o, ka joproj\u0101m notiek pla\u0161a m\u0113roga mekl\u0113\u0161anas oper\u0101cija, kur\u0101 iesaist\u012bti vair\u0101k nek\u0101 100 me\u017ea darbinieku, lai atrastu ziloni.<\/p>\n<p>&#8220;\u0160\u012b ir bezprecedenta situ\u0101cija. \u0160\u012b ir pirm\u0101 reize, kad \u0161\u0101ds n\u0101ves gad\u012bjumu modelis re\u0123ion\u0101 ir saist\u012bts ar vienu zilo\u0146u t\u0113vi\u0146u,&#8221; sac\u012bja me\u017esaimniec\u012bbas inspektors Kuldips M\u012bna, piebilstot, ka vis\u0101 teritorij\u0101 ir izsludin\u0101ts paaugstin\u0101ts trauksmes st\u0101voklis, lai nov\u0113rstu turpm\u0101kus dz\u012bv\u012bbas un \u012bpa\u0161uma zaud\u0113jumus.<\/p>\n<p>Vi\u0146\u0161 teica, ka vi\u0146u t\u016bl\u012bt\u0113ja priorit\u0101te ir izsekot, notvert un dro\u0161i atgriezt dz\u012bvnieku savva\u013c\u0101.<\/p>\n<p>Rajona miertiesnesis \u010candans Kumars past\u0101st\u012bja, ka starp 20 boj\u0101g\u0101ju\u0161ajiem ir ar\u012b k\u0101ds me\u017ea str\u0101dnieks. Varas iest\u0101des ir pazi\u0146oju\u0161as par naudas kompens\u0101ciju boj\u0101g\u0101ju\u0161o \u0123imen\u0113m.<\/p>\n<p>Liel\u0101k\u0101 da\u013ca n\u0101ves gad\u012bjumu ir notiku\u0161i nakt\u012b, kad iedz\u012bvot\u0101ji sarg\u0101 laukos un \u0161\u0137\u016b\u0146os uzglab\u0101tos lab\u012bbas r\u012bsus &#8211; t\u0101 ir ierasta prakse Indijas laukos.<\/p>\n<p>Vienam no upuriem, 34 gadus vecajam Mangalam Singam Hembramam, uzbrukta net\u0101lu no vi\u0146a m\u0101j\u0101m Bodijari ciemat\u0101, kad vi\u0146\u0161 atgriez\u0101s no darba.<\/p>\n<p>Savuk\u0101rt 62 gadus vecais Urdubs Bahoda tika nogalin\u0101ts, pieskatot savu lauku, zi\u0146oja vi\u0146a \u0123imene. V\u0113l\u0101k taj\u0101 pa\u0161\u0101 nakt\u012b 42 gadus vecais Vi\u0161nu Sundi no kaimi\u0146u ciema tika sam\u012bd\u012bts l\u012bdz n\u0101vei, gu\u013cot \u0101rpus savas m\u0101jas, teica vi\u0146a d\u0113ls.<\/p>\n<p>Cit\u0101 incident\u0101 5. janv\u0101r\u012b zilonis nogalin\u0101ja Kundru Bahodu un vi\u0146a divus b\u0113rnus &#8211; se\u0161us gadus veco Kodamu un asto\u0146us gadus veco Samu. Kundras sieva Pandi teica, ka vi\u0146a izb\u0113ga ar savu ievainoto divus gadus veco meitu un tikai v\u0113l\u0101k uzzin\u0101ja, ka vi\u0146as v\u012brs un divi vec\u0101ki b\u0113rni ir miru\u0161i.<\/p>\n<p>Amatpersonas nor\u0101da, ka zilonis ir jauns, veikls un bie\u017ei maina savu atra\u0161an\u0101s vietu, \u012bpa\u0161i nakt\u012b, t\u0101p\u0113c to ir gr\u016bti izsekot. Gl\u0101b\u0113ji izmanto tradicion\u0101los bungu br\u012bdin\u0101jumus, lai br\u012bdin\u0101tu iedz\u012bvot\u0101jus un iesaka cilv\u0113kiem nakt\u012b nedoties \u0101r\u0101 un negul\u0113t \u0101r\u0101.<\/p>\n<p>S\u0101kotn\u0113jais nov\u0113rt\u0113jums liecina, ka dz\u012bvnieks var\u0113tu b\u016bt p\u0101ro\u0161an\u0101s f\u0101z\u0113, kad <a href=\"https:\/\/nra.lv\/tautaruna\/divaini\/383701-zilonis-lidz-navei-samida-sievieti-un-atkartoti-uzrodas-beru-ceremonijas-laika.htm\" data-item-link=\"true\" data-item-id=\"383701\" rel=\"nofollow noopener\" target=\"_blank\">zilo\u0146u t\u0113vi\u0146i piedz\u012bvo pastiprin\u0101tu agresiju<\/a> paaugstin\u0101ta testosterona l\u012bme\u0146a d\u0113\u013c. Amatpersonas nor\u0101da, ka \u0161\u0101da uzved\u012bba parasti izz\u016bd 15 l\u012bdz 20 dienu laik\u0101.<\/p>\n<p>Vi\u0146i ar\u012b nor\u0101da, ka zilonis, iesp\u0113jams, ir nomald\u012bjies no sava bara, uzsverot nepiecie\u0161am\u012bbu to atrast un \u013caut tam atkal pievienoties citiem zilo\u0146iem me\u017e\u0101.<\/p>\n<p>\t\t\t\t\t\tinfo<\/p>\n<p>Uzzini pirmais<br \/>kas interesants noticis Latvij\u0101 un pasaul\u0113,<br \/>pievienojoties mums <a href=\"https:\/\/t.me\/neatkariga\" rel=\"nofollow\">Telegram<\/a> vai <a href=\"https:\/\/whatsapp.com\/channel\/0029VaMLFUH5K3zLU5s4wm3y\" rel=\"nofollow noopener\" target=\"_blank\">Whatsapp<\/a> kan\u0101l\u0101<\/p>\n","protected":false},"excerpt":{"rendered":"Amatpersonas pazi\u0146oja, ka devi\u0146u dienu laik\u0101 Indijas austrumu \u0161tat\u0101 D\u017eharkhandas savva\u013cas zilonis ir nogalin\u0101jis vismaz 20 cilv\u0113kus, piebilstot,&hellip;\n","protected":false},"author":2,"featured_media":103861,"comment_status":"","ping_status":"","sticky":false,"template":"","format":"standard","meta":{"footnotes":""},"categories":[14],"tags":[23,57,28,29,32,33,22,30,31,35,39,38,36,37,34,40,20,26,27,24,25,54,55,56,21,58],"class_list":{"0":"post-103860","1":"post","2":"type-post","3":"status-publish","4":"format-standard","5":"has-post-thumbnail","7":"category-zinas-no-arvalstim","8":"tag-aktualitates","9":"tag-arvalstim","10":"tag-breaking-news","11":"tag-breakingnews","12":"tag-featured-news","13":"tag-featurednews","14":"tag-headlines","15":"tag-latest-news","16":"tag-latestnews","17":"tag-latvia","18":"tag-latvian","19":"tag-latviesu","20":"tag-latviesu-valoda","21":"tag-latviesuvaloda","22":"tag-latvija","23":"tag-lv","24":"tag-news","25":"tag-popularakas-zinas","26":"tag-popularakaszinas","27":"tag-top-stories","28":"tag-topstories","29":"tag-world","30":"tag-world-news","31":"tag-worldnews","32":"tag-zinas","33":"tag-zinas-no-arvalstim"},"share_on_mastodon":{"url":"https:\/\/pubeurope.com\/@lv\/115892107543062986","error":""},"_links":{"self":[{"href":"https:\/\/www.europesays.com\/lv\/wp-json\/wp\/v2\/posts\/103860","targetHints":{"allow":["GET"]}}],"collection":[{"href":"https:\/\/www.europesays.com\/lv\/wp-json\/wp\/v2\/posts"}],"about":[{"href":"https:\/\/www.europesays.com\/lv\/wp-json\/wp\/v2\/types\/post"}],"author":[{"embeddable":true,"href":"https:\/\/www.europesays.com\/lv\/wp-json\/wp\/v2\/users\/2"}],"replies":[{"embeddable":true,"href":"https:\/\/www.europesays.com\/lv\/wp-json\/wp\/v2\/comments?post=103860"}],"version-history":[{"count":0,"href":"https:\/\/www.europesays.com\/lv\/wp-json\/wp\/v2\/posts\/103860\/revisions"}],"wp:featuredmedia":[{"embeddable":true,"href":"https:\/\/www.europesays.com\/lv\/wp-json\/wp\/v2\/media\/103861"}],"wp:attachment":[{"href":"https:\/\/www.europesays.com\/lv\/wp-json\/wp\/v2\/media?parent=103860"}],"wp:term":[{"taxonomy":"category","embeddable":true,"href":"https:\/\/www.europesays.com\/lv\/wp-json\/wp\/v2\/categories?post=103860"},{"taxonomy":"post_tag","embeddable":true,"href":"https:\/\/www.europesays.com\/lv\/wp-json\/wp\/v2\/tags?post=103860"}],"curies":[{"name":"wp","href":"https:\/\/api.w.org\/{rel}","templated":true}]}}