{"id":103862,"date":"2026-01-14T06:47:08","date_gmt":"2026-01-14T06:47:08","guid":{"rendered":"https:\/\/www.europesays.com\/lv\/103862\/"},"modified":"2026-01-14T06:47:08","modified_gmt":"2026-01-14T06:47:08","slug":"vakarpuse-viena-novada-gaidams-sniegputenis-bet-nedelas-nogale-iespejams-piedzivot-pat-20-gradus","status":"publish","type":"post","link":"https:\/\/www.europesays.com\/lv\/103862\/","title":{"rendered":"Vakarpus\u0113 vien\u0101 novad\u0101 gaid\u0101ms sniegputenis, bet ned\u0113\u013cas nogal\u0113 iesp\u0113jams piedz\u012bvot pat -20 gr\u0101dus"},"content":{"rendered":"<p>            L\u0101cene Ilz\u012bte sav\u0101 25 gadu jubilejas svin\u012bbu pas\u0101kum\u0101 L\u012bgatnes dabas tak\u0101s<\/p>\n<p>Tre\u0161dienas vakar\u0101 Latvijas rietumos, s\u0101kot no Dienvidkurzemes piekrastes, gaid\u0101ms sniegputenis, prognoz\u0113 sinopti\u0137i. Bet k\u0101ds laiks gaid\u0101ms ned\u0113\u013cas nogal\u0113?<\/p>\n<p>        Las\u012bt\u0101kie<br \/>\n        <a data-imagesrc=\"{&quot;300&quot;:&quot;https:\\\/\\\/lastatic.ams3.cdn.digitaloceanspaces.com\\\/2026\\\/01\\\/pexels-andrew-hewitt-24040512-7595577-300x169.jpg&quot;,&quot;1024&quot;:&quot;https:\\\/\\\/lastatic.ams3.cdn.digitaloceanspaces.com\\\/2026\\\/01\\\/pexels-andrew-hewitt-24040512-7595577-1024x576.jpg&quot;,&quot;1536&quot;:&quot;https:\\\/\\\/lastatic.ams3.cdn.digitaloceanspaces.com\\\/2026\\\/01\\\/pexels-andrew-hewitt-24040512-7595577-1536x864.jpg&quot;,&quot;500&quot;:&quot;https:\\\/\\\/lastatic.ams3.cdn.digitaloceanspaces.com\\\/2026\\\/01\\\/pexels-andrew-hewitt-24040512-7595577-500x281.jpg&quot;,&quot;800&quot;:&quot;https:\\\/\\\/lastatic.ams3.cdn.digitaloceanspaces.com\\\/2026\\\/01\\\/pexels-andrew-hewitt-24040512-7595577-800x450.jpg&quot;,&quot;2560&quot;:&quot;https:\\\/\\\/lastatic.ams3.cdn.digitaloceanspaces.com\\\/2026\\\/01\\\/pexels-andrew-hewitt-24040512-7595577-scaled.jpg&quot;}\" data-focuspoint=\"&quot;&quot;\" data-p=\"2493671\" href=\"https:\/\/www.la.lv\/sis-zodiaka-zimes-saskaras-ar-pagrieziena-punktu-dzive-tam-nekad-vairs-nebus-tada-ka-lidz-sim\" class=\"content-item lazy-load\" wp_automatic_readability=\"27\" rel=\"nofollow noopener\" target=\"_blank\"><\/p>\n<p>                                <img decoding=\"async\" src=\"\" alt=\"\" style=\"\" data-imageid=\"\"\/><\/p>\n<p>                                Kokteilis<\/p>\n<p>\n                                                \u0160\u012bs zodiaka z\u012bmes saskaras ar pagrieziena punktu: dz\u012bve t\u0101m nekad vairs neb\u016bs t\u0101da, k\u0101 l\u012bdz \u0161im\n                            <\/p>\n<p><\/a><a data-imagesrc=\"{&quot;300&quot;:&quot;https:\\\/\\\/lastatic.ams3.cdn.digitaloceanspaces.com\\\/2026\\\/01\\\/FotoJet-5-300x200.jpg&quot;,&quot;1024&quot;:&quot;https:\\\/\\\/lastatic.ams3.cdn.digitaloceanspaces.com\\\/2026\\\/01\\\/FotoJet-5-1024x683.jpg&quot;,&quot;1536&quot;:&quot;https:\\\/\\\/lastatic.ams3.cdn.digitaloceanspaces.com\\\/2026\\\/01\\\/FotoJet-5-1536x1024.jpg&quot;,&quot;500&quot;:&quot;https:\\\/\\\/lastatic.ams3.cdn.digitaloceanspaces.com\\\/2026\\\/01\\\/FotoJet-5-500x333.jpg&quot;,&quot;800&quot;:&quot;https:\\\/\\\/lastatic.ams3.cdn.digitaloceanspaces.com\\\/2026\\\/01\\\/FotoJet-5-800x533.jpg&quot;,&quot;1800&quot;:&quot;https:\\\/\\\/lastatic.ams3.cdn.digitaloceanspaces.com\\\/2026\\\/01\\\/FotoJet-5.jpg&quot;}\" data-focuspoint=\"&quot;&quot;\" data-p=\"2491277\" href=\"https:\/\/www.la.lv\/vecums-nav-spriedums-5-pazimes-kas-liecina-ka-jus-novecojat-loti-veiksmigi\" class=\"content-item lazy-load\" wp_automatic_readability=\"27\" rel=\"nofollow noopener\" target=\"_blank\"><\/p>\n<p>                                <img decoding=\"async\" src=\"\" alt=\"\" style=\"\" data-imageid=\"\"\/><\/p>\n<p>\n                                                Vecums nav spriedums: 5 paz\u012bmes, kas liecina, ka j\u016bs novecojat \u013coti veiksm\u012bgi\n                            <\/p>\n<p><\/a><a data-imagesrc=\"{&quot;300&quot;:&quot;https:\\\/\\\/lastatic.ams3.cdn.digitaloceanspaces.com\\\/2017\\\/10\\\/Pauls2_TS_4-300x264.jpg&quot;,&quot;768&quot;:&quot;https:\\\/\\\/lastatic.ams3.cdn.digitaloceanspaces.com\\\/2017\\\/10\\\/Pauls2_TS_4-768x676.jpg&quot;,&quot;80&quot;:&quot;https:\\\/\\\/lastatic.ams3.cdn.digitaloceanspaces.com\\\/2017\\\/10\\\/Pauls2_TS_4-80x48.jpg&quot;,&quot;112&quot;:&quot;https:\\\/\\\/lastatic.ams3.cdn.digitaloceanspaces.com\\\/2017\\\/10\\\/Pauls2_TS_4-112x64.jpg&quot;,&quot;664&quot;:&quot;https:\\\/\\\/lastatic.ams3.cdn.digitaloceanspaces.com\\\/2017\\\/10\\\/Pauls2_TS_4-664x584.jpg&quot;,&quot;182&quot;:&quot;https:\\\/\\\/lastatic.ams3.cdn.digitaloceanspaces.com\\\/2017\\\/10\\\/Pauls2_TS_4-182x160.jpg&quot;,&quot;263&quot;:&quot;https:\\\/\\\/lastatic.ams3.cdn.digitaloceanspaces.com\\\/2017\\\/10\\\/Pauls2_TS_4-263x231.jpg&quot;,&quot;384&quot;:&quot;https:\\\/\\\/lastatic.ams3.cdn.digitaloceanspaces.com\\\/2017\\\/10\\\/Pauls2_TS_4-384x338.jpg&quot;,&quot;118&quot;:&quot;https:\\\/\\\/lastatic.ams3.cdn.digitaloceanspaces.com\\\/2017\\\/10\\\/Pauls2_TS_4-118x70.jpg&quot;,&quot;348&quot;:&quot;https:\\\/\\\/lastatic.ams3.cdn.digitaloceanspaces.com\\\/2017\\\/10\\\/Pauls2_TS_4-348x225.jpg&quot;,&quot;640&quot;:&quot;https:\\\/\\\/lastatic.ams3.cdn.digitaloceanspaces.com\\\/2017\\\/10\\\/Pauls2_TS_4-640x640.jpg&quot;,&quot;90&quot;:&quot;https:\\\/\\\/lastatic.ams3.cdn.digitaloceanspaces.com\\\/2017\\\/10\\\/Pauls2_TS_4-90x58.jpg&quot;,&quot;1000&quot;:&quot;https:\\\/\\\/lastatic.ams3.cdn.digitaloceanspaces.com\\\/2017\\\/10\\\/Pauls2_TS_4.jpg&quot;}\" data-focuspoint=\"&quot;&quot;\" data-p=\"2492257\" href=\"https:\/\/www.la.lv\/slapjs-uzvalka-bailes-no-porzinga-un-brauciens-uz-krematoriju-raimonda-paula-joku-izlase-kas-sasmidina-lidz-asaram\" class=\"content-item lazy-load\" wp_automatic_readability=\"27.5\" rel=\"nofollow noopener\" target=\"_blank\"><\/p>\n<p>                                <img decoding=\"async\" src=\"\" alt=\"\" style=\"\" data-imageid=\"\"\/><\/p>\n<p>                                Kokteilis<\/p>\n<p>\n                                                Slapj\u0161 uzvalk\u0101, bailes no Porzi\u0146\u0123a un brauciens uz krematoriju \u2013 Raimonda Paula joku izlase, kas sasm\u012bdina l\u012bdz asar\u0101m<\/p>\n<p><\/a><br \/>\n        <a class=\"read-more\" href=\"https:\/\/www.la.lv\/top\" rel=\"nofollow noopener\" target=\"_blank\">Las\u012bt citas zi\u0146as<\/a><\/p>\n<p>Neliels sniegvilksnis viet\u0101m s\u0101ksies agr\u0101k \u2013 no p\u0113cpusdienas valsts rietumu un centr\u0101laj\u0101 da\u013c\u0101 gaid\u0101mas dienvidaustrumu v\u0113ja br\u0101zmas l\u012bdz 9-14 metriem sekund\u0113.<\/p>\n<p>M\u0101ko\u0146i da\u013c\u0113ji kl\u0101s Latvijas debesis, daudzviet sp\u012bd\u0113s saule. Gaisa temperat\u016bra dienas vid\u016b b\u016bs -6..-11 gr\u0101di, viet\u0101m Latgal\u0113 l\u012bdz -13 gr\u0101diem. V\u0113j\u0101 sals \u0161\u0137it\u012bs liel\u0101ks.<\/p>\n<p>    CITI \u0160OBR\u012aD LASA<\/p>\n<p>R\u012bg\u0101 nav gaid\u0101mi nokri\u0161\u0146i, p\u016bt\u012bs m\u0113rens dienvidaustrumu v\u0113j\u0161 un gaiss iesils l\u012bdz -7..-8 gr\u0101diem.<\/p>\n<p>Laikapst\u0101k\u013cus nosaka paaugstin\u0101ta spiediena apgabals, no rietumiem tuvojas atmosf\u0113ras fronte. Gaisa spiediens j\u016bras l\u012bmen\u012b no 1019 hektopask\u0101liem Latvijas rietumos l\u012bdz 1026 hektopask\u0101liem austrumos.<\/p>\n<p>\u0160\u012bs ned\u0113\u013cas nogal\u0113 Latvij\u0101 gaid\u0101ms p\u0101rsvar\u0101 saulains laiks, gaisa temperat\u016bra saglab\u0101sies zema, prognoz\u0113 sinopti\u0137i.<\/p>\n<p>Ceturtdien un piektdien Latgal\u0113 sp\u012bd\u0113s saule, citviet valst\u012b b\u016bs daudz m\u0101ko\u0146u un viet\u0101m mazliet snigs, bet sestdien un sv\u0113tdien saulains laiks iesp\u0113jams vis\u0101 Latvij\u0101. P\u016bt\u012bs l\u0113ns l\u012bdz m\u0113rens dienvidu, dienvidaustrumu v\u0113j\u0161.<\/p>\n<p>Tuv\u0101kaj\u0101s nakt\u012bs daudzviet Latgal\u0113, k\u0101 ar\u012b viet\u0101m Vidzem\u0113 gaisa temperat\u016bra pazemin\u0101sies l\u012bdz aptuveni -20 gr\u0101diem, p\u0101r\u0113j\u0101 valst\u012b sals b\u016bs maz\u0101ks. Maksim\u0101l\u0101 gaisa temperat\u016bra dienas laik\u0101 galvenok\u0101rt b\u016bs -4..-9 gr\u0101di, par da\u017eiem gr\u0101diem liel\u0101ks aukstums saglab\u0101sies viet\u0101m austrumu novados.<\/p>\n<p>Sagaid\u0101ms, ka n\u0101kamned\u0113\u013c b\u016bs maz nokri\u0161\u0146u un gaisa temperat\u016bra sv\u0101rst\u012bsies starp vieglu un stipru salu. Saska\u0146\u0101 ar Eiropas Vid\u0113ja termi\u0146a laika progno\u017eu centra datiem janv\u0101ra p\u0113d\u0113j\u0101s divas ned\u0113\u013cas Latvij\u0101 gaid\u0101mas 6-9 gr\u0101dus aukst\u0101kas par normu.<\/p>\n<p>T\u0113mas<\/p>\n<p>    SAIST\u012aTIE RAKSTI<\/p>\n","protected":false},"excerpt":{"rendered":"L\u0101cene Ilz\u012bte sav\u0101 25 gadu jubilejas svin\u012bbu pas\u0101kum\u0101 L\u012bgatnes dabas tak\u0101s Tre\u0161dienas vakar\u0101 Latvijas rietumos, s\u0101kot no Dienvidkurzemes&hellip;\n","protected":false},"author":2,"featured_media":103863,"comment_status":"","ping_status":"","sticky":false,"template":"","format":"standard","meta":{"footnotes":""},"categories":[5],"tags":[23,28,29,32,33,22,30,31,35,39,38,36,37,34,40,20,26,27,24,25,21],"class_list":{"0":"post-103862","1":"post","2":"type-post","3":"status-publish","4":"format-standard","5":"has-post-thumbnail","7":"category-aktualitates","8":"tag-aktualitates","9":"tag-breaking-news","10":"tag-breakingnews","11":"tag-featured-news","12":"tag-featurednews","13":"tag-headlines","14":"tag-latest-news","15":"tag-latestnews","16":"tag-latvia","17":"tag-latvian","18":"tag-latviesu","19":"tag-latviesu-valoda","20":"tag-latviesuvaloda","21":"tag-latvija","22":"tag-lv","23":"tag-news","24":"tag-popularakas-zinas","25":"tag-popularakaszinas","26":"tag-top-stories","27":"tag-topstories","28":"tag-zinas"},"share_on_mastodon":{"url":"https:\/\/pubeurope.com\/@lv\/115892115384233622","error":""},"_links":{"self":[{"href":"https:\/\/www.europesays.com\/lv\/wp-json\/wp\/v2\/posts\/103862","targetHints":{"allow":["GET"]}}],"collection":[{"href":"https:\/\/www.europesays.com\/lv\/wp-json\/wp\/v2\/posts"}],"about":[{"href":"https:\/\/www.europesays.com\/lv\/wp-json\/wp\/v2\/types\/post"}],"author":[{"embeddable":true,"href":"https:\/\/www.europesays.com\/lv\/wp-json\/wp\/v2\/users\/2"}],"replies":[{"embeddable":true,"href":"https:\/\/www.europesays.com\/lv\/wp-json\/wp\/v2\/comments?post=103862"}],"version-history":[{"count":0,"href":"https:\/\/www.europesays.com\/lv\/wp-json\/wp\/v2\/posts\/103862\/revisions"}],"wp:featuredmedia":[{"embeddable":true,"href":"https:\/\/www.europesays.com\/lv\/wp-json\/wp\/v2\/media\/103863"}],"wp:attachment":[{"href":"https:\/\/www.europesays.com\/lv\/wp-json\/wp\/v2\/media?parent=103862"}],"wp:term":[{"taxonomy":"category","embeddable":true,"href":"https:\/\/www.europesays.com\/lv\/wp-json\/wp\/v2\/categories?post=103862"},{"taxonomy":"post_tag","embeddable":true,"href":"https:\/\/www.europesays.com\/lv\/wp-json\/wp\/v2\/tags?post=103862"}],"curies":[{"name":"wp","href":"https:\/\/api.w.org\/{rel}","templated":true}]}}