{"id":103873,"date":"2026-01-14T06:57:06","date_gmt":"2026-01-14T06:57:06","guid":{"rendered":"https:\/\/www.europesays.com\/lv\/103873\/"},"modified":"2026-01-14T06:57:06","modified_gmt":"2026-01-14T06:57:06","slug":"dzelzcela-katastrofa-taizeme-22-bojagajusie-diena","status":"publish","type":"post","link":"https:\/\/www.europesays.com\/lv\/103873\/","title":{"rendered":"Dzelzce\u013ca katastrof\u0101 Taizem\u0113 22 boj\u0101g\u0101ju\u0161ie \/ Diena"},"content":{"rendered":"<p>&#8220;22 cilv\u0113ki g\u0101ja boj\u0101 un vair\u0101k nek\u0101 30 tika ievainoti,&#8221; pav\u0113st\u012bja Nakhonra\u010dasimas provinces policijas p\u0101rst\u0101vis.<\/p>\n<p>&#13;<br \/>\n&#13;<\/p>\n<p>&#8220;Uz vilciena nog\u0101z\u0101s ce\u013camkr\u0101ns, izraisot t\u0101 noskrie\u0161anu no slied\u0113m un aizdeg\u0161anos,&#8221; teikts Nakhonra\u010dasimas provinces sabiedrisko attiec\u012bbu departamenta pazi\u0146ojum\u0101.<\/p>\n<p>&#13;<br \/>\n&#13;<\/p>\n<p>Vilciens bija ce\u013c\u0101 no Bangkokas uz Ubonrat\u010dathani provinci. Taj\u0101 bija 195 cilv\u0113ki.<\/p>\n<p>&#13;<br \/>\n&#13;<\/p>\n<p>Ce\u013camkr\u0101ns tika izmantots \u0101trgaitas dzelzce\u013ca b\u016bv\u0113, kam j\u0101savieno Bangkoka ar Ku\u0146minu \u0136\u012bn\u0101.<\/p>\n<p>&#13;<br \/>\n&#13;<\/p>\n<p>Projekta izmaksas ir 5,4 miljardi dol\u0101ru, un to atbalsta Pekina.<\/p>\n<p>&#13;<\/p>\n","protected":false},"excerpt":{"rendered":"&#8220;22 cilv\u0113ki g\u0101ja boj\u0101 un vair\u0101k nek\u0101 30 tika ievainoti,&#8221; pav\u0113st\u012bja Nakhonra\u010dasimas provinces policijas p\u0101rst\u0101vis. &#13; &#13; &#8220;Uz&hellip;\n","protected":false},"author":2,"featured_media":103874,"comment_status":"","ping_status":"","sticky":false,"template":"","format":"standard","meta":{"footnotes":""},"categories":[14],"tags":[23,57,28,29,32,33,22,30,31,35,39,38,36,37,34,40,20,26,27,24,25,54,55,56,21,58],"class_list":{"0":"post-103873","1":"post","2":"type-post","3":"status-publish","4":"format-standard","5":"has-post-thumbnail","7":"category-zinas-no-arvalstim","8":"tag-aktualitates","9":"tag-arvalstim","10":"tag-breaking-news","11":"tag-breakingnews","12":"tag-featured-news","13":"tag-featurednews","14":"tag-headlines","15":"tag-latest-news","16":"tag-latestnews","17":"tag-latvia","18":"tag-latvian","19":"tag-latviesu","20":"tag-latviesu-valoda","21":"tag-latviesuvaloda","22":"tag-latvija","23":"tag-lv","24":"tag-news","25":"tag-popularakas-zinas","26":"tag-popularakaszinas","27":"tag-top-stories","28":"tag-topstories","29":"tag-world","30":"tag-world-news","31":"tag-worldnews","32":"tag-zinas","33":"tag-zinas-no-arvalstim"},"share_on_mastodon":{"url":"https:\/\/pubeurope.com\/@lv\/115892155092695167","error":""},"_links":{"self":[{"href":"https:\/\/www.europesays.com\/lv\/wp-json\/wp\/v2\/posts\/103873","targetHints":{"allow":["GET"]}}],"collection":[{"href":"https:\/\/www.europesays.com\/lv\/wp-json\/wp\/v2\/posts"}],"about":[{"href":"https:\/\/www.europesays.com\/lv\/wp-json\/wp\/v2\/types\/post"}],"author":[{"embeddable":true,"href":"https:\/\/www.europesays.com\/lv\/wp-json\/wp\/v2\/users\/2"}],"replies":[{"embeddable":true,"href":"https:\/\/www.europesays.com\/lv\/wp-json\/wp\/v2\/comments?post=103873"}],"version-history":[{"count":0,"href":"https:\/\/www.europesays.com\/lv\/wp-json\/wp\/v2\/posts\/103873\/revisions"}],"wp:featuredmedia":[{"embeddable":true,"href":"https:\/\/www.europesays.com\/lv\/wp-json\/wp\/v2\/media\/103874"}],"wp:attachment":[{"href":"https:\/\/www.europesays.com\/lv\/wp-json\/wp\/v2\/media?parent=103873"}],"wp:term":[{"taxonomy":"category","embeddable":true,"href":"https:\/\/www.europesays.com\/lv\/wp-json\/wp\/v2\/categories?post=103873"},{"taxonomy":"post_tag","embeddable":true,"href":"https:\/\/www.europesays.com\/lv\/wp-json\/wp\/v2\/tags?post=103873"}],"curies":[{"name":"wp","href":"https:\/\/api.w.org\/{rel}","templated":true}]}}