{"id":103877,"date":"2026-01-14T06:59:07","date_gmt":"2026-01-14T06:59:07","guid":{"rendered":"https:\/\/www.europesays.com\/lv\/103877\/"},"modified":"2026-01-14T06:59:07","modified_gmt":"2026-01-14T06:59:07","slug":"pasaules-banka-paaugstina-2026-gada-globalas-ekonomikas-izaugsmes-prognozi-raksts","status":"publish","type":"post","link":"https:\/\/www.europesays.com\/lv\/103877\/","title":{"rendered":"Pasaules Banka paaugstina 2026.\u00a0gada glob\u0101l\u0101s ekonomikas izaugsmes prognozi \/ Raksts"},"content":{"rendered":"<p>Pasaules Banka paaugstin\u0101jusi glob\u0101l\u0101s ekonomikas izaugsmes prognozi \u0161im gadam: \u0161ogad pasaules iek\u0161zemes kopprodukta (IKP) pieaugums gaid\u0101ms 2,6\u00a0% apm\u0113r\u0101, un tas ir par 0,2 procentpunktiem vair\u0101k, nek\u0101 tika prognoz\u0113ts j\u016bnij\u0101.\u00a0<\/p>\n<p>Tom\u0113r \u0161is r\u0101d\u012bt\u0101js ir maz\u0101ks sal\u012bdzin\u0101jum\u0101 ar 2025.\u00a0gada pieaugumu \u2013 2,7\u00a0%, un Pasaules Banka br\u012bdina, ka \u0161\u0101 gadsimta divdesmitie gadi &#8220;b\u016bs v\u0101j\u0101k\u0101s glob\u0101l\u0101s izaugsmes desmitgade kop\u0161 pag\u0101ju\u0161\u0101 gadsimta 60.\u00a0gadiem&#8221;.\u00a0<\/p>\n<p>Zi\u0146ojum\u0101 teikts, ka pasaules ekonomika p\u0113d\u0113j\u0101 gada laik\u0101 ir bijusi notur\u012bg\u0101ka, nek\u0101 gaid\u012bts, neraugoties uz\u00a0&#8220;v\u0113sturisko tirdzniec\u012bbas spriedzes un politisk\u0101s nenoteikt\u012bbas eskal\u0101ciju&#8221;.\u00a0<\/p>\n<p>P\u0113rn ASV prezidenta amat\u0101 atgriez\u0101s Donalds Tramps, kur\u0161 ASV tirdzniec\u012bbas partneriem noteica pla\u0161us muitas tarifus, sa\u0161\u016bpojot pieg\u0101des \u0137\u0113des un palielinot nenoteikt\u012bbu ekonomik\u0101.\u00a0<\/p>\n<p>Gaid\u0101ms, ka l\u012bdz ar to\u00a0\u0161ogad glob\u0101l\u0101s tirdzniec\u012bbas izaugsme iev\u0113rojami pal\u0113nin\u0101sies, jo pieaugs tarifu pas\u0101kumu ietekme.\u00a0<\/p>\n<p>Ta\u010du gan jau\u00a0dr\u012bz vien\u00a0valstis piel\u0101gosies un politisk\u0101 nenoteikt\u012bba mazin\u0101sies. Pasaules Banka cer, ka n\u0101kamgad tirdzniec\u012bbas izaugsme atkal pieaugs. Un tas noz\u012bm\u0113, ka augs ar\u012b glob\u0101l\u0101 ekonomika.<\/p>\n<p>                    Valodas k\u013c\u016bda rakst\u0101?<\/p>\n<p class=\"d-none d-md-block\">Iez\u012bm\u0113jiet tekstu un spiediet Ctrl+Enter, lai nos\u016bt\u012btu labojamo teksta fragmentu redaktoram! Par faktu k\u013c\u016bd\u0101m l\u016bdzam zi\u0146ot e-past\u0101 <a href=\"https:\/\/www.lsm.lv\/cdn-cgi\/l\/email-protection\" class=\"__cf_email__\" data-cfemail=\"582a3d3c39333b31323918342b3576342e\" rel=\"nofollow noopener\" target=\"_blank\">[email\u00a0protected]<\/a>.<\/p>\n<p class=\"d-md-none\">Iez\u012bm\u0113jiet tekstu un spiediet uz Zi\u0146ot par k\u013c\u016bdu pogas, lai nos\u016bt\u012btu labojamo teksta fragmentu redaktoram!<\/p>\n<p>\n                    Zi\u0146ot par k\u013c\u016bdu\n                <\/p>\n","protected":false},"excerpt":{"rendered":"Pasaules Banka paaugstin\u0101jusi glob\u0101l\u0101s ekonomikas izaugsmes prognozi \u0161im gadam: \u0161ogad pasaules iek\u0161zemes kopprodukta (IKP) pieaugums gaid\u0101ms 2,6\u00a0% apm\u0113r\u0101,&hellip;\n","protected":false},"author":2,"featured_media":103878,"comment_status":"","ping_status":"","sticky":false,"template":"","format":"standard","meta":{"footnotes":""},"categories":[5],"tags":[23,28,29,32,33,22,30,31,35,39,38,36,37,34,40,20,26,27,24,25,21],"class_list":{"0":"post-103877","1":"post","2":"type-post","3":"status-publish","4":"format-standard","5":"has-post-thumbnail","7":"category-aktualitates","8":"tag-aktualitates","9":"tag-breaking-news","10":"tag-breakingnews","11":"tag-featured-news","12":"tag-featurednews","13":"tag-headlines","14":"tag-latest-news","15":"tag-latestnews","16":"tag-latvia","17":"tag-latvian","18":"tag-latviesu","19":"tag-latviesu-valoda","20":"tag-latviesuvaloda","21":"tag-latvija","22":"tag-lv","23":"tag-news","24":"tag-popularakas-zinas","25":"tag-popularakaszinas","26":"tag-top-stories","27":"tag-topstories","28":"tag-zinas"},"share_on_mastodon":{"url":"","error":""},"_links":{"self":[{"href":"https:\/\/www.europesays.com\/lv\/wp-json\/wp\/v2\/posts\/103877","targetHints":{"allow":["GET"]}}],"collection":[{"href":"https:\/\/www.europesays.com\/lv\/wp-json\/wp\/v2\/posts"}],"about":[{"href":"https:\/\/www.europesays.com\/lv\/wp-json\/wp\/v2\/types\/post"}],"author":[{"embeddable":true,"href":"https:\/\/www.europesays.com\/lv\/wp-json\/wp\/v2\/users\/2"}],"replies":[{"embeddable":true,"href":"https:\/\/www.europesays.com\/lv\/wp-json\/wp\/v2\/comments?post=103877"}],"version-history":[{"count":0,"href":"https:\/\/www.europesays.com\/lv\/wp-json\/wp\/v2\/posts\/103877\/revisions"}],"wp:featuredmedia":[{"embeddable":true,"href":"https:\/\/www.europesays.com\/lv\/wp-json\/wp\/v2\/media\/103878"}],"wp:attachment":[{"href":"https:\/\/www.europesays.com\/lv\/wp-json\/wp\/v2\/media?parent=103877"}],"wp:term":[{"taxonomy":"category","embeddable":true,"href":"https:\/\/www.europesays.com\/lv\/wp-json\/wp\/v2\/categories?post=103877"},{"taxonomy":"post_tag","embeddable":true,"href":"https:\/\/www.europesays.com\/lv\/wp-json\/wp\/v2\/tags?post=103877"}],"curies":[{"name":"wp","href":"https:\/\/api.w.org\/{rel}","templated":true}]}}