{"id":10388,"date":"2025-10-02T08:39:07","date_gmt":"2025-10-02T08:39:07","guid":{"rendered":"https:\/\/www.europesays.com\/lv\/10388\/"},"modified":"2025-10-02T08:39:07","modified_gmt":"2025-10-02T08:39:07","slug":"holivuda-nikna-maksliga-intelekta-aktrise-tilija-norvuda-izraisa-industrijas-sasutumu","status":"publish","type":"post","link":"https:\/\/www.europesays.com\/lv\/10388\/","title":{"rendered":"Holivuda nikna! M\u0101ksl\u012bg\u0101 intelekta &#8220;aktrise&#8221; Tilija Norvuda izraisa industrijas sa\u0161utumu"},"content":{"rendered":"<p>\u0160is incidents ir s\u0101p\u012bgs, jo ne tik sen notika 2023. gada v\u0113sturiskais &#8220;SAG-AFTRA&#8221; aktieru streiks, kur\u0101 viens no galvenajiem jaut\u0101jumiem bija tie\u0161i aizsardz\u012bba pret MI neat\u013cautu izmanto\u0161anu un aktieru digit\u0101lo att\u0113lu veido\u0161anu. Arodbiedr\u012bba br\u012bdin\u0101ja, ka producentiem, kas izmantos sint\u0113tiskus izpild\u012bt\u0101jus, b\u016bs j\u0101iev\u0113ro l\u012bgumos noteikt\u0101s saist\u012bbas, kas paredz sarunas par \u0161\u0101du tehnolo\u0123iju pielieto\u0161anu.<\/p>\n<p>Tilijas Norvudas rad\u012bt\u0101ja, Eline van der Veldena no uz\u0146\u0113muma &#8220;Particle6&#8221;, aizst\u0101v\u0113ja savu darbu, apgalvojot, ka Tilija nav dom\u0101ta k\u0101 cilv\u0113ku aizst\u0101j\u0113ja, bet gan k\u0101 &#8220;m\u0101kslas darbs&#8221; un jauns rado\u0161s r\u012bks, l\u012bdz\u012bgs anim\u0101cijai vai datorgrafikai. Tom\u0113r \u0161ie argumenti nav mazin\u0101ju\u0161i ba\u017eas industrij\u0101 par eksistenci\u0101lu apdraud\u0113jumu aktiera profesijai.<\/p>\n<p>Kas ir Tilija Norvuda?<\/p>\n<p>Subjekts: M\u0101ksl\u012bg\u0101 intelekta rad\u012bts digit\u0101ls t\u0113ls, kas tiek pozicion\u0113ts k\u0101 &#8220;aktrise&#8221;.<\/p>\n<p>Rad\u012bt\u0101js: Uz\u0146\u0113mums &#8220;Xicoia&#8221;, kas ir producentu komp\u0101nijas &#8220;Particle6&#8221; m\u0101ksl\u012bg\u0101 intelekta noda\u013ca. To dibin\u0101jusi Eline van der Veldena.<\/p>\n<p>M\u0113r\u0137is: Tiek reklam\u0113ta k\u0101 &#8220;hiperre\u0101listiska digit\u0101l\u0101 zvaigzne&#8221;, kas var piedal\u012bties film\u0101s, seri\u0101los un citos projektos. Rad\u012bt\u0101ji apgalvo, ka vi\u0146as izmanto\u0161ana var samazin\u0101t produc\u0113\u0161anas izmaksas par 90%.<\/p>\n<p>Lomas: L\u012bdz \u0161im Tilija Norvuda ir par\u0101d\u012bjusies \u012bs\u0101 kom\u0113dijas ske\u010d\u0101 ar nosaukumu &#8220;AI Commissioner&#8221;, ko piln\u012bb\u0101 rad\u012bjis m\u0101ksl\u012bgais intelekts.<\/p>\n","protected":false},"excerpt":{"rendered":"\u0160is incidents ir s\u0101p\u012bgs, jo ne tik sen notika 2023. gada v\u0113sturiskais &#8220;SAG-AFTRA&#8221; aktieru streiks, kur\u0101 viens no&hellip;\n","protected":false},"author":2,"featured_media":10389,"comment_status":"","ping_status":"","sticky":false,"template":"","format":"standard","meta":{"footnotes":""},"categories":[19],"tags":[65,1900,1901,89,1898,760,1899,90,1897,35,39,38,36,37,34,40,1896,67,1895,285,21],"class_list":{"0":"post-10388","1":"post","2":"type-post","3":"status-publish","4":"format-standard","5":"has-post-thumbnail","7":"category-izklaide","8":"tag-auto","9":"tag-brivbridis","10":"tag-daba-un-dzivnieki","11":"tag-entertainment","12":"tag-galerijas","13":"tag-horoskopi","14":"tag-itech","15":"tag-izklaide","16":"tag-kriminalzinas","17":"tag-latvia","18":"tag-latvian","19":"tag-latviesu","20":"tag-latviesu-valoda","21":"tag-latviesuvaloda","22":"tag-latvija","23":"tag-lv","24":"tag-sieviete","25":"tag-sports","26":"tag-tava-balss","27":"tag-zala-dzive","28":"tag-zinas"},"share_on_mastodon":{"url":"","error":""},"_links":{"self":[{"href":"https:\/\/www.europesays.com\/lv\/wp-json\/wp\/v2\/posts\/10388","targetHints":{"allow":["GET"]}}],"collection":[{"href":"https:\/\/www.europesays.com\/lv\/wp-json\/wp\/v2\/posts"}],"about":[{"href":"https:\/\/www.europesays.com\/lv\/wp-json\/wp\/v2\/types\/post"}],"author":[{"embeddable":true,"href":"https:\/\/www.europesays.com\/lv\/wp-json\/wp\/v2\/users\/2"}],"replies":[{"embeddable":true,"href":"https:\/\/www.europesays.com\/lv\/wp-json\/wp\/v2\/comments?post=10388"}],"version-history":[{"count":0,"href":"https:\/\/www.europesays.com\/lv\/wp-json\/wp\/v2\/posts\/10388\/revisions"}],"wp:featuredmedia":[{"embeddable":true,"href":"https:\/\/www.europesays.com\/lv\/wp-json\/wp\/v2\/media\/10389"}],"wp:attachment":[{"href":"https:\/\/www.europesays.com\/lv\/wp-json\/wp\/v2\/media?parent=10388"}],"wp:term":[{"taxonomy":"category","embeddable":true,"href":"https:\/\/www.europesays.com\/lv\/wp-json\/wp\/v2\/categories?post=10388"},{"taxonomy":"post_tag","embeddable":true,"href":"https:\/\/www.europesays.com\/lv\/wp-json\/wp\/v2\/tags?post=10388"}],"curies":[{"name":"wp","href":"https:\/\/api.w.org\/{rel}","templated":true}]}}