{"id":103883,"date":"2026-01-14T07:04:07","date_gmt":"2026-01-14T07:04:07","guid":{"rendered":"https:\/\/www.europesays.com\/lv\/103883\/"},"modified":"2026-01-14T07:04:07","modified_gmt":"2026-01-14T07:04:07","slug":"sinoptiku-laika-prognoze-nedelas-nogalei","status":"publish","type":"post","link":"https:\/\/www.europesays.com\/lv\/103883\/","title":{"rendered":"Sinopti\u0137u laika prognoze ned\u0113\u013cas nogalei"},"content":{"rendered":"<p>Ceturtdien un piektdien Latgal\u0113 sp\u012bd\u0113s saule, citviet valst\u012b b\u016bs daudz m\u0101ko\u0146u un viet\u0101m mazliet snigs, bet sestdien un sv\u0113tdien saulains laiks iesp\u0113jams vis\u0101 Latvij\u0101. P\u016bt\u012bs l\u0113ns l\u012bdz m\u0113rens dienvidu, dienvidaustrumu v\u0113j\u0161.<\/p>\n<p>Tuv\u0101kaj\u0101s nakt\u012bs daudzviet Latgal\u0113, k\u0101 ar\u012b viet\u0101m Vidzem\u0113 gaisa temperat\u016bra pazemin\u0101sies l\u012bdz aptuveni -20 gr\u0101diem, p\u0101r\u0113j\u0101 valst\u012b sals b\u016bs maz\u0101ks. Maksim\u0101l\u0101 gaisa temperat\u016bra dienas laik\u0101 galvenok\u0101rt b\u016bs -4..-9 gr\u0101di, par da\u017eiem gr\u0101diem liel\u0101ks aukstums saglab\u0101sies viet\u0101m austrumu novados.<\/p>\n<p>Sagaid\u0101ms, ka n\u0101kamned\u0113\u013c b\u016bs maz nokri\u0161\u0146u un gaisa temperat\u016bra sv\u0101rst\u012bsies starp vieglu un stipru salu. Saska\u0146\u0101 ar Eiropas Vid\u0113ja termi\u0146a laika progno\u017eu centra datiem janv\u0101ra p\u0113d\u0113j\u0101s divas ned\u0113\u013cas Latvij\u0101 gaid\u0101mas 6-9 gr\u0101dus aukst\u0101kas par normu.<\/p>\n","protected":false},"excerpt":{"rendered":"Ceturtdien un piektdien Latgal\u0113 sp\u012bd\u0113s saule, citviet valst\u012b b\u016bs daudz m\u0101ko\u0146u un viet\u0101m mazliet snigs, bet sestdien un&hellip;\n","protected":false},"author":2,"featured_media":103884,"comment_status":"","ping_status":"","sticky":false,"template":"","format":"standard","meta":{"footnotes":""},"categories":[12],"tags":[23,28,29,32,33,22,396,397,30,31,35,39,38,36,37,34,40,20,26,27,4807,24,25,21],"class_list":{"0":"post-103883","1":"post","2":"type-post","3":"status-publish","4":"format-standard","5":"has-post-thumbnail","7":"category-latvija","8":"tag-aktualitates","9":"tag-breaking-news","10":"tag-breakingnews","11":"tag-featured-news","12":"tag-featurednews","13":"tag-headlines","14":"tag-laika-zinas","15":"tag-laikapstakli","16":"tag-latest-news","17":"tag-latestnews","18":"tag-latvia","19":"tag-latvian","20":"tag-latviesu","21":"tag-latviesu-valoda","22":"tag-latviesuvaloda","23":"tag-latvija","24":"tag-lv","25":"tag-news","26":"tag-popularakas-zinas","27":"tag-popularakaszinas","28":"tag-sniegs","29":"tag-top-stories","30":"tag-topstories","31":"tag-zinas"},"share_on_mastodon":{"url":"https:\/\/pubeurope.com\/@lv\/115892182309605111","error":""},"_links":{"self":[{"href":"https:\/\/www.europesays.com\/lv\/wp-json\/wp\/v2\/posts\/103883","targetHints":{"allow":["GET"]}}],"collection":[{"href":"https:\/\/www.europesays.com\/lv\/wp-json\/wp\/v2\/posts"}],"about":[{"href":"https:\/\/www.europesays.com\/lv\/wp-json\/wp\/v2\/types\/post"}],"author":[{"embeddable":true,"href":"https:\/\/www.europesays.com\/lv\/wp-json\/wp\/v2\/users\/2"}],"replies":[{"embeddable":true,"href":"https:\/\/www.europesays.com\/lv\/wp-json\/wp\/v2\/comments?post=103883"}],"version-history":[{"count":0,"href":"https:\/\/www.europesays.com\/lv\/wp-json\/wp\/v2\/posts\/103883\/revisions"}],"wp:featuredmedia":[{"embeddable":true,"href":"https:\/\/www.europesays.com\/lv\/wp-json\/wp\/v2\/media\/103884"}],"wp:attachment":[{"href":"https:\/\/www.europesays.com\/lv\/wp-json\/wp\/v2\/media?parent=103883"}],"wp:term":[{"taxonomy":"category","embeddable":true,"href":"https:\/\/www.europesays.com\/lv\/wp-json\/wp\/v2\/categories?post=103883"},{"taxonomy":"post_tag","embeddable":true,"href":"https:\/\/www.europesays.com\/lv\/wp-json\/wp\/v2\/tags?post=103883"}],"curies":[{"name":"wp","href":"https:\/\/api.w.org\/{rel}","templated":true}]}}