{"id":103895,"date":"2026-01-14T07:13:07","date_gmt":"2026-01-14T07:13:07","guid":{"rendered":"https:\/\/www.europesays.com\/lv\/103895\/"},"modified":"2026-01-14T07:13:07","modified_gmt":"2026-01-14T07:13:07","slug":"tralmaks-ar-perfektu-metienu-pretuzbrukuma-atgriezas-ahl-snaiperu-top-10","status":"publish","type":"post","link":"https:\/\/www.europesays.com\/lv\/103895\/","title":{"rendered":"Tralmaks ar perfektu metienu pretuzbrukum\u0101 atgrie\u017eas AHL snaiperu TOP 10"},"content":{"rendered":"<p>                                    <img decoding=\"async\" src=\"https:\/\/www.europesays.com\/lv\/wp-content\/uploads\/2026\/01\/55040226186_dfa0fe6ab1_k-750x450.jpg\"   alt=\"Eduards Tralmaks\" class=\"post-featured-image\"\/><\/p>\n<p>Eduards Tralmaks | Foto: Milvoki &#8220;Admirals&#8221;<\/p>\n<p>Aizvad\u012btaj\u0101 nakt\u012b Amerikas hokeja l\u012bg\u0101 (AHL) <a href=\"https:\/\/www.sportazinas.com\/atsl\u0113gv\u0101rdi\/eduards-tralmaks\/\" rel=\"nofollow noopener\" target=\"_blank\">Eduards Tralmaks<\/a> un Grendrepidsas \u201cGriffins\u201d ar rezult\u0101tu <a href=\"https:\/\/theahl.com\/stats\/game-center\/1028326\" target=\"_blank\" rel=\"noreferrer noopener nofollow\">4:5<\/a> papildlaik\u0101 piek\u0101p\u0101s Milvoki \u201cAdmirals\u201d vien\u012bbai.<\/p>\n<p>Tralmaks guva komandas pirmos v\u0101rtus, kad pirm\u0101 perioda vid\u016b pretuzbrukum\u0101 veica netveramu metienu. \u0160is bija Latvijas izlases uzbruc\u0113ja vien\u012bgais metiens pa v\u0101rtiem \u0161aj\u0101 sp\u0113l\u0113, k\u0101 ar\u012b vi\u0146\u0161 iekr\u0101ja pozit\u012bvu lietder\u012bbas koeficientu +1.<\/p>\n<blockquote class=\"twitter-tweet\" data-media-max-width=\"560\">\n<p lang=\"en\" dir=\"ltr\">Eduards Tralmaks ties the game for the Grand Rapids Griffins after Mikwaukee&#8217;s Isaac Ratcliffe misses the net on the other end. <a href=\"https:\/\/twitter.com\/hashtag\/gogrg?src=hash&amp;ref_src=twsrc%5Etfw\" rel=\"nofollow noopener\" target=\"_blank\">#gogrg<\/a> <a href=\"https:\/\/twitter.com\/hashtag\/lgrw?src=hash&amp;ref_src=twsrc%5Etfw\" rel=\"nofollow noopener\" target=\"_blank\">#lgrw<\/a> <a href=\"https:\/\/twitter.com\/hashtag\/ahl?src=hash&amp;ref_src=twsrc%5Etfw\" rel=\"nofollow noopener\" target=\"_blank\">#ahl<\/a> <a href=\"https:\/\/t.co\/U1u6mHgUX8\" rel=\"nofollow\">pic.twitter.com\/U1u6mHgUX8<\/a><\/p>\n<p>\u2014 Elaine Shircliff (@imaraindancer) <a href=\"https:\/\/twitter.com\/imaraindancer\/status\/2011253092285890831?ref_src=twsrc%5Etfw\" rel=\"nofollow noopener\" target=\"_blank\">January 14, 2026<\/a><\/p>\n<\/blockquote>\n<p>\u0160osezon 28 gadus vecais Tralmaks 34 AHL regul\u0101r\u0101 turn\u012bra sp\u0113l\u0113s izc\u0113lies ar 20 (15+5) punktiem. Ar 15 v\u0101rtu guvumiem vi\u0146\u0161 \u0161obr\u012bd dala 10. vietu AHL lab\u0101ko snaiperu sarakst\u0101. Lab\u0101kais ar 24 rip\u0101m ir Belevilas \u201cSenators\u201d uzbruc\u0113js Arturs Kalijevs.<\/p>\n<p>                    <script async src=\"https:\/\/platform.twitter.com\/widgets.js\" charset=\"utf-8\"><\/script><\/p>\n","protected":false},"excerpt":{"rendered":"Eduards Tralmaks | Foto: Milvoki &#8220;Admirals&#8221; Aizvad\u012btaj\u0101 nakt\u012b Amerikas hokeja l\u012bg\u0101 (AHL) Eduards Tralmaks un Grendrepidsas \u201cGriffins\u201d ar&hellip;\n","protected":false},"author":2,"featured_media":103896,"comment_status":"","ping_status":"","sticky":false,"template":"","format":"standard","meta":{"footnotes":""},"categories":[17],"tags":[35,39,38,36,37,34,40,67],"class_list":{"0":"post-103895","1":"post","2":"type-post","3":"status-publish","4":"format-standard","5":"has-post-thumbnail","7":"category-sports","8":"tag-latvia","9":"tag-latvian","10":"tag-latviesu","11":"tag-latviesu-valoda","12":"tag-latviesuvaloda","13":"tag-latvija","14":"tag-lv","15":"tag-sports"},"share_on_mastodon":{"url":"https:\/\/pubeurope.com\/@lv\/115892217739273662","error":""},"_links":{"self":[{"href":"https:\/\/www.europesays.com\/lv\/wp-json\/wp\/v2\/posts\/103895","targetHints":{"allow":["GET"]}}],"collection":[{"href":"https:\/\/www.europesays.com\/lv\/wp-json\/wp\/v2\/posts"}],"about":[{"href":"https:\/\/www.europesays.com\/lv\/wp-json\/wp\/v2\/types\/post"}],"author":[{"embeddable":true,"href":"https:\/\/www.europesays.com\/lv\/wp-json\/wp\/v2\/users\/2"}],"replies":[{"embeddable":true,"href":"https:\/\/www.europesays.com\/lv\/wp-json\/wp\/v2\/comments?post=103895"}],"version-history":[{"count":0,"href":"https:\/\/www.europesays.com\/lv\/wp-json\/wp\/v2\/posts\/103895\/revisions"}],"wp:featuredmedia":[{"embeddable":true,"href":"https:\/\/www.europesays.com\/lv\/wp-json\/wp\/v2\/media\/103896"}],"wp:attachment":[{"href":"https:\/\/www.europesays.com\/lv\/wp-json\/wp\/v2\/media?parent=103895"}],"wp:term":[{"taxonomy":"category","embeddable":true,"href":"https:\/\/www.europesays.com\/lv\/wp-json\/wp\/v2\/categories?post=103895"},{"taxonomy":"post_tag","embeddable":true,"href":"https:\/\/www.europesays.com\/lv\/wp-json\/wp\/v2\/tags?post=103895"}],"curies":[{"name":"wp","href":"https:\/\/api.w.org\/{rel}","templated":true}]}}