{"id":103900,"date":"2026-01-14T07:16:10","date_gmt":"2026-01-14T07:16:10","guid":{"rendered":"https:\/\/www.europesays.com\/lv\/103900\/"},"modified":"2026-01-14T07:16:10","modified_gmt":"2026-01-14T07:16:10","slug":"starppilsetu-autobusu-un-vilcienu-bilesu-cenas-pieaugs-izmainas-stasies-speka-jau-rit","status":"publish","type":"post","link":"https:\/\/www.europesays.com\/lv\/103900\/","title":{"rendered":"Starppils\u0113tu autobusu un vilcienu bi\u013ce\u0161u cenas pieaugs \u2013 izmai\u0146as st\u0101sies sp\u0113k\u0101 jau r\u012bt"},"content":{"rendered":"<p>    <img decoding=\"async\" src=\"https:\/\/www.europesays.com\/lv\/wp-content\/uploads\/2026\/01\/PastsVivi-5.jpg\" alt=\"&#10;\u201cPasta sv\u0113tku vilciens\u201d 2025&#10;\"\/><\/p>\n<p>\u201cPasta sv\u0113tku vilciens\u201d 2025<\/p>\n<p>Foto. Publicit\u0101tes \u201cPasts&amp;Vivi\u201d\n<\/p>\n<p>Autotransporta direkcija atg\u0101dina, ka Sabiedrisk\u0101 transporta padome p\u0113rn\u0101 gada 4. septembr\u012b ir apstiprin\u0101jusi jaunu brauk\u0161anas maksas tarifu strukt\u016bru re\u0123ion\u0101lajiem autobusu un vilcienu mar\u0161rutiem. Jaun\u0101s cenas st\u0101sies sp\u0113k\u0101 no 2026. gada 15. janv\u0101ra.<\/p>\n<p>        Las\u012bt\u0101kie<br \/>\n        <a data-imagesrc=\"{&quot;300&quot;:&quot;https:\\\/\\\/lastatic.ams3.cdn.digitaloceanspaces.com\\\/2026\\\/01\\\/pexels-andrew-hewitt-24040512-7595577-300x169.jpg&quot;,&quot;1024&quot;:&quot;https:\\\/\\\/lastatic.ams3.cdn.digitaloceanspaces.com\\\/2026\\\/01\\\/pexels-andrew-hewitt-24040512-7595577-1024x576.jpg&quot;,&quot;1536&quot;:&quot;https:\\\/\\\/lastatic.ams3.cdn.digitaloceanspaces.com\\\/2026\\\/01\\\/pexels-andrew-hewitt-24040512-7595577-1536x864.jpg&quot;,&quot;500&quot;:&quot;https:\\\/\\\/lastatic.ams3.cdn.digitaloceanspaces.com\\\/2026\\\/01\\\/pexels-andrew-hewitt-24040512-7595577-500x281.jpg&quot;,&quot;800&quot;:&quot;https:\\\/\\\/lastatic.ams3.cdn.digitaloceanspaces.com\\\/2026\\\/01\\\/pexels-andrew-hewitt-24040512-7595577-800x450.jpg&quot;,&quot;2560&quot;:&quot;https:\\\/\\\/lastatic.ams3.cdn.digitaloceanspaces.com\\\/2026\\\/01\\\/pexels-andrew-hewitt-24040512-7595577-scaled.jpg&quot;}\" data-focuspoint=\"&quot;&quot;\" data-p=\"2493671\" href=\"https:\/\/www.la.lv\/sis-zodiaka-zimes-saskaras-ar-pagrieziena-punktu-dzive-tam-nekad-vairs-nebus-tada-ka-lidz-sim\" class=\"content-item lazy-load\" wp_automatic_readability=\"27\" rel=\"nofollow noopener\" target=\"_blank\"><\/p>\n<p>                                <img decoding=\"async\" src=\"\" alt=\"\" style=\"\" data-imageid=\"\"\/><\/p>\n<p>                                Kokteilis<\/p>\n<p>\n                                                \u0160\u012bs zodiaka z\u012bmes saskaras ar pagrieziena punktu: dz\u012bve t\u0101m nekad vairs neb\u016bs t\u0101da, k\u0101 l\u012bdz \u0161im\n                            <\/p>\n<p><\/a><a data-imagesrc=\"{&quot;300&quot;:&quot;https:\\\/\\\/lastatic.ams3.cdn.digitaloceanspaces.com\\\/2026\\\/01\\\/FotoJet-5-300x200.jpg&quot;,&quot;1024&quot;:&quot;https:\\\/\\\/lastatic.ams3.cdn.digitaloceanspaces.com\\\/2026\\\/01\\\/FotoJet-5-1024x683.jpg&quot;,&quot;1536&quot;:&quot;https:\\\/\\\/lastatic.ams3.cdn.digitaloceanspaces.com\\\/2026\\\/01\\\/FotoJet-5-1536x1024.jpg&quot;,&quot;500&quot;:&quot;https:\\\/\\\/lastatic.ams3.cdn.digitaloceanspaces.com\\\/2026\\\/01\\\/FotoJet-5-500x333.jpg&quot;,&quot;800&quot;:&quot;https:\\\/\\\/lastatic.ams3.cdn.digitaloceanspaces.com\\\/2026\\\/01\\\/FotoJet-5-800x533.jpg&quot;,&quot;1800&quot;:&quot;https:\\\/\\\/lastatic.ams3.cdn.digitaloceanspaces.com\\\/2026\\\/01\\\/FotoJet-5.jpg&quot;}\" data-focuspoint=\"&quot;&quot;\" data-p=\"2491277\" href=\"https:\/\/www.la.lv\/vecums-nav-spriedums-5-pazimes-kas-liecina-ka-jus-novecojat-loti-veiksmigi\" class=\"content-item lazy-load\" wp_automatic_readability=\"27\" rel=\"nofollow noopener\" target=\"_blank\"><\/p>\n<p>                                <img decoding=\"async\" src=\"\" alt=\"\" style=\"\" data-imageid=\"\"\/><\/p>\n<p>\n                                                Vecums nav spriedums: 5 paz\u012bmes, kas liecina, ka j\u016bs novecojat \u013coti veiksm\u012bgi\n                            <\/p>\n<p><\/a><a data-imagesrc=\"{&quot;300&quot;:&quot;https:\\\/\\\/lastatic.ams3.cdn.digitaloceanspaces.com\\\/2017\\\/10\\\/Pauls2_TS_4-300x264.jpg&quot;,&quot;768&quot;:&quot;https:\\\/\\\/lastatic.ams3.cdn.digitaloceanspaces.com\\\/2017\\\/10\\\/Pauls2_TS_4-768x676.jpg&quot;,&quot;80&quot;:&quot;https:\\\/\\\/lastatic.ams3.cdn.digitaloceanspaces.com\\\/2017\\\/10\\\/Pauls2_TS_4-80x48.jpg&quot;,&quot;112&quot;:&quot;https:\\\/\\\/lastatic.ams3.cdn.digitaloceanspaces.com\\\/2017\\\/10\\\/Pauls2_TS_4-112x64.jpg&quot;,&quot;664&quot;:&quot;https:\\\/\\\/lastatic.ams3.cdn.digitaloceanspaces.com\\\/2017\\\/10\\\/Pauls2_TS_4-664x584.jpg&quot;,&quot;182&quot;:&quot;https:\\\/\\\/lastatic.ams3.cdn.digitaloceanspaces.com\\\/2017\\\/10\\\/Pauls2_TS_4-182x160.jpg&quot;,&quot;263&quot;:&quot;https:\\\/\\\/lastatic.ams3.cdn.digitaloceanspaces.com\\\/2017\\\/10\\\/Pauls2_TS_4-263x231.jpg&quot;,&quot;384&quot;:&quot;https:\\\/\\\/lastatic.ams3.cdn.digitaloceanspaces.com\\\/2017\\\/10\\\/Pauls2_TS_4-384x338.jpg&quot;,&quot;118&quot;:&quot;https:\\\/\\\/lastatic.ams3.cdn.digitaloceanspaces.com\\\/2017\\\/10\\\/Pauls2_TS_4-118x70.jpg&quot;,&quot;348&quot;:&quot;https:\\\/\\\/lastatic.ams3.cdn.digitaloceanspaces.com\\\/2017\\\/10\\\/Pauls2_TS_4-348x225.jpg&quot;,&quot;640&quot;:&quot;https:\\\/\\\/lastatic.ams3.cdn.digitaloceanspaces.com\\\/2017\\\/10\\\/Pauls2_TS_4-640x640.jpg&quot;,&quot;90&quot;:&quot;https:\\\/\\\/lastatic.ams3.cdn.digitaloceanspaces.com\\\/2017\\\/10\\\/Pauls2_TS_4-90x58.jpg&quot;,&quot;1000&quot;:&quot;https:\\\/\\\/lastatic.ams3.cdn.digitaloceanspaces.com\\\/2017\\\/10\\\/Pauls2_TS_4.jpg&quot;}\" data-focuspoint=\"&quot;&quot;\" data-p=\"2492257\" href=\"https:\/\/www.la.lv\/slapjs-uzvalka-bailes-no-porzinga-un-brauciens-uz-krematoriju-raimonda-paula-joku-izlase-kas-sasmidina-lidz-asaram\" class=\"content-item lazy-load\" wp_automatic_readability=\"27.5\" rel=\"nofollow noopener\" target=\"_blank\"><\/p>\n<p>                                <img decoding=\"async\" src=\"\" alt=\"\" style=\"\" data-imageid=\"\"\/><\/p>\n<p>                                Kokteilis<\/p>\n<p>\n                                                Slapj\u0161 uzvalk\u0101, bailes no Porzi\u0146\u0123a un brauciens uz krematoriju \u2013 Raimonda Paula joku izlase, kas sasm\u012bdina l\u012bdz asar\u0101m<\/p>\n<p><\/a><br \/>\n        <a class=\"read-more\" href=\"https:\/\/www.la.lv\/top\" rel=\"nofollow noopener\" target=\"_blank\">Las\u012bt citas zi\u0146as<\/a><\/p>\n<p>K\u0101 nor\u0101da Autotransporta direkcija, izmai\u0146as re\u0123ion\u0101l\u0101 sabiedrisk\u0101 transporta brauk\u0161anas maksas tarifos ir sabalans\u0113tas, lai saglab\u0101tu pakalpojumu kvalit\u0101ti un nodro\u0161in\u0101tu finansi\u0101lu ilgtsp\u0113ju. Tarifu izmai\u0146as ir orient\u0113tas uz p\u0101rvad\u0101jumu att\u0101lumiem, \u0146emot v\u0113r\u0101 re\u0123ionu pieejam\u012bbu.<\/p>\n<p>Zonu sist\u0113m\u0101 maksa palielin\u0101sies par 0,30 EUR, savuk\u0101rt \u0101rpus zon\u0101m un gar\u0101kos braucienos pieaugums b\u016bs maz\u0101ks \u2013 0,20 EUR.<\/p>\n<p>Cenu izmai\u0146as vilciena p\u0101rvad\u0101jumos:<\/p>\n<p>    CITI \u0160OBR\u012aD LASA<\/p>\n<ul>\n<li>R\u012bga \u2013 Imanta: 1.50 \u20ac \u2192 1.50 \u20ac<\/li>\n<li>R\u012bga\u2013Sigulda: 2.50 \u20ac \u2192 2.80 \u20ac<\/li>\n<li>R\u012bga\u2013Dubulti: 2.00 \u20ac \u2192 2.30 \u20ac<\/li>\n<li>R\u012bga \u2013 Liep\u0101ja 8.90 \u20ac \u2192 9.10 \u20ac<\/li>\n<li>R\u012bga \u2013 Salaspils 2.00 \u20ac \u2192 2.30 \u20ac<\/li>\n<li>R\u012bga \u2013 Aizkraukle 3.50 \u20ac \u2192 3.80 \u20ac<\/li>\n<\/ul>\n<p>Cenu izmai\u0146as autobusu p\u0101rvad\u0101jumos:<\/p>\n<ul>\n<li>Liep\u0101ja\u2013Grobi\u0146a: 1.00 \u20ac \u2192 1.20 \u20ac<\/li>\n<li>R\u012bga\u2013Dubulti: 2.00 \u20ac \u2192 2.30 \u20ac<\/li>\n<li>Kombu\u013ci\u2013Kazanova: 0.70 \u20ac \u2192 0.90 \u20ac<\/li>\n<li>R\u012bga \u2013 R\u0113zekne 11.70 \u20ac \u2192 11.90 \u20ac<\/li>\n<li>Liep\u0101ja\u2013Grobi\u0146a: 1.00 \u20ac \u2192 1.20 \u20ac<\/li>\n<li>Al\u016bksne \u2013 Balvi: 2.70 \u20ac \u2192 2.90 \u20ac<\/li>\n<\/ul>\n<blockquote><p>Svar\u012bgi atcer\u0113ties, ka visas bi\u013cetes, kas ieg\u0101d\u0101tas l\u012bdz 14. janv\u0101rim, b\u016bs der\u012bgas l\u012bdz to termi\u0146a beig\u0101m, bet no 15. janv\u0101ra bi\u013cetes tiks p\u0101rdotas tikai p\u0113c jaun\u0101 tarifa.<\/p><\/blockquote>\n<p>Abonementa bi\u013ce\u0161u pirc\u0113jiem atlaides paliek nemain\u012bgas ar\u012b p\u0113c tarifu izmai\u0146\u0101m. \u0160\u012b pieeja ir v\u0113rsta uz lojalit\u0101tes veicin\u0101\u0161anu, nodro\u0161inot, ka ikdienas pasa\u017eieri turpina sa\u0146emt izdev\u012bgus nosac\u012bjumus.<\/p>\n<p>Vis\u0101m soci\u0101li aizsarg\u0101taj\u0101m pasa\u017eieru grup\u0101m brauk\u0161anas maksas atvieglojumi re\u0123ion\u0101lajos mar\u0161rutos saglab\u0101jas 100% apm\u0113r\u0101, un transporta izmanto\u0161anas k\u0101rt\u012bba nemain\u0101s. Atvieglojumi attiecas uz: b\u0113rniem, kas nav uzs\u0101ku\u0161i pamatizgl\u012bt\u012bbas apguvi; person\u0101m ar invalidit\u0101ti un vi\u0146u pavado\u0146iem; b\u0113rniem b\u0101re\u0146iem, aud\u017eu\u0123imen\u0113s un izgl\u012bt\u012bbas iest\u0101d\u0113s l\u012bdz 24 gadu vecumam un politiski repres\u0113t\u0101m person\u0101m; daudzb\u0113rnu \u0123imen\u0113m ar Latvijas Goda \u0123imenes apliec\u012bbu \u012bpa\u0161niekiem \u2013 vec\u0101kiem 50%, skol\u0113niem, studentiem, b\u0113rniem 90% apm\u0113r\u0101 no brauciena bi\u013cetes pilnas cenas, visiem 40% apm\u0113r\u0101 no abonementa bi\u013cetes cenas.<\/p>\n<p>Atbilsto\u0161i STP l\u0113mumam brauk\u0161anas maksas tarifu p\u0101rskata regul\u0101ri ne ret\u0101k k\u0101 reizi gad\u0101, \u0146emot v\u0113r\u0101 uzkr\u0101to infl\u0101cijas l\u012bmeni un vid\u0113j\u0101s darba samaksas izmai\u0146as sal\u012bdzin\u0101jum\u0101 ar iepriek\u0161\u0113jo periodu.<\/p>\n<p>T\u0113mas<\/p>\n<p>    SAIST\u012aTIE RAKSTI<\/p>\n","protected":false},"excerpt":{"rendered":"\u201cPasta sv\u0113tku vilciens\u201d 2025 Foto. Publicit\u0101tes \u201cPasts&amp;Vivi\u201d Autotransporta direkcija atg\u0101dina, ka Sabiedrisk\u0101 transporta padome p\u0113rn\u0101 gada 4. septembr\u012b&hellip;\n","protected":false},"author":2,"featured_media":103901,"comment_status":"","ping_status":"","sticky":false,"template":"","format":"standard","meta":{"footnotes":""},"categories":[12],"tags":[23,28,29,32,33,22,30,31,35,39,38,36,37,34,40,20,26,27,24,25,21],"class_list":{"0":"post-103900","1":"post","2":"type-post","3":"status-publish","4":"format-standard","5":"has-post-thumbnail","7":"category-latvija","8":"tag-aktualitates","9":"tag-breaking-news","10":"tag-breakingnews","11":"tag-featured-news","12":"tag-featurednews","13":"tag-headlines","14":"tag-latest-news","15":"tag-latestnews","16":"tag-latvia","17":"tag-latvian","18":"tag-latviesu","19":"tag-latviesu-valoda","20":"tag-latviesuvaloda","21":"tag-latvija","22":"tag-lv","23":"tag-news","24":"tag-popularakas-zinas","25":"tag-popularakaszinas","26":"tag-top-stories","27":"tag-topstories","28":"tag-zinas"},"share_on_mastodon":{"url":"https:\/\/pubeurope.com\/@lv\/115892229478376240","error":""},"_links":{"self":[{"href":"https:\/\/www.europesays.com\/lv\/wp-json\/wp\/v2\/posts\/103900","targetHints":{"allow":["GET"]}}],"collection":[{"href":"https:\/\/www.europesays.com\/lv\/wp-json\/wp\/v2\/posts"}],"about":[{"href":"https:\/\/www.europesays.com\/lv\/wp-json\/wp\/v2\/types\/post"}],"author":[{"embeddable":true,"href":"https:\/\/www.europesays.com\/lv\/wp-json\/wp\/v2\/users\/2"}],"replies":[{"embeddable":true,"href":"https:\/\/www.europesays.com\/lv\/wp-json\/wp\/v2\/comments?post=103900"}],"version-history":[{"count":0,"href":"https:\/\/www.europesays.com\/lv\/wp-json\/wp\/v2\/posts\/103900\/revisions"}],"wp:featuredmedia":[{"embeddable":true,"href":"https:\/\/www.europesays.com\/lv\/wp-json\/wp\/v2\/media\/103901"}],"wp:attachment":[{"href":"https:\/\/www.europesays.com\/lv\/wp-json\/wp\/v2\/media?parent=103900"}],"wp:term":[{"taxonomy":"category","embeddable":true,"href":"https:\/\/www.europesays.com\/lv\/wp-json\/wp\/v2\/categories?post=103900"},{"taxonomy":"post_tag","embeddable":true,"href":"https:\/\/www.europesays.com\/lv\/wp-json\/wp\/v2\/tags?post=103900"}],"curies":[{"name":"wp","href":"https:\/\/api.w.org\/{rel}","templated":true}]}}