{"id":103902,"date":"2026-01-14T07:17:07","date_gmt":"2026-01-14T07:17:07","guid":{"rendered":"https:\/\/www.europesays.com\/lv\/103902\/"},"modified":"2026-01-14T07:17:07","modified_gmt":"2026-01-14T07:17:07","slug":"111-jauniesi-saks-valsts-aizsardzibas-dienestu","status":"publish","type":"post","link":"https:\/\/www.europesays.com\/lv\/103902\/","title":{"rendered":"111 jaunie\u0161i s\u0101ks Valsts aizsardz\u012bbas dienestu"},"content":{"rendered":"<p>No visiem iesauktajiem jaunie\u0161iem 78 jeb 70% izv\u0113l\u0113ju\u0161ies br\u012bvpr\u0101t\u012bgu pieteik\u0161anos, savuk\u0101rt p\u0101r\u0113jie iesaukti dienest\u0101 atlases k\u0101rt\u012bb\u0101 p\u0113c nejau\u0161\u012bbas principa.<\/p>\n<p>Valsts aizsardz\u012bbas dienestu jaunie\u0161i s\u0101ks div\u0101s Nacion\u0101lo bru\u0146oto sp\u0113ku vien\u012bb\u0101s. \u0160ogad \u0160t\u0101ba bataljon\u0101 dienestu s\u0101ks 61 jaunietis, no kuriem viena ir jauniete, bet Gaisa sp\u0113kos Lielv\u0101rd\u0113 &#8211; 50 jaunie\u0161i, no kuriem divas ir jaunietes.<\/p>\n<p><a href=\"https:\/\/www.tvnet.lv\/term\/685305\/valsts-aizsardzibas-dienests\" class=\"topicLink\" target=\"_blank\" rel=\"nofollow noopener\">Valsts aizsardz\u012bbas dienests<\/a> ilgst 11 m\u0113ne\u0161us, kuru laik\u0101 jaunie\u0161i apg\u016bst milit\u0101r\u0101s pamatiema\u0146as, stiprina fizisko sagatavot\u012bbu un ieg\u016bst zin\u0101\u0161anas valsts aizsardz\u012bbas jom\u0101 profesion\u0101lu instruktoru vad\u012bb\u0101. Dienesta laik\u0101 \u012bpa\u0161a uzman\u012bba tiek piev\u0113rsta discipl\u012bnai, komandas darbam un l\u012bder\u012bbas prasmju att\u012bst\u012b\u0161anai.<\/p>\n<p>\u0160t\u0101ba bataljon\u0101 valsts aizsardz\u012bbas dienesta karav\u012briem ir iesp\u0113ja specializ\u0113ties sakaru, medic\u012bnas, godasardzes, iero\u010du vai transporta jom\u0101. Savuk\u0101rt Gaisa sp\u0113kos p\u0113c pamatapm\u0101c\u012bbas pabeig\u0161anas valsts aizsardz\u012bbas dienesta karav\u012bri turpina pild\u012bt dienestu Gaisa sp\u0113ku Pretgaisa aizsardz\u012bbas divizion\u0101 un tiek iesaist\u012bti vien\u012bbu ikdienas atbalsta un nodro\u0161in\u0101juma uzdevumu izpild\u0113 profesion\u0101lo karav\u012bru vad\u012bb\u0101.<\/p>\n<p>Ministrija l\u012bdz 14. janv\u0101rim aicina Latvijas pilso\u0146us vecum\u0101 no 18 l\u012bdz 27 gadiem br\u012bvpr\u0101t\u012bgi pieteikties valsts aizsardz\u012bbas dienestam, kas tiks s\u0101kts \u0161\u012b gada j\u016blij\u0101. Dienests tiks \u012bstenots se\u0161\u0101s dienesta viet\u0101s: Sauszemes sp\u0113ku Mehaniz\u0113taj\u0101 k\u0101jnieku brig\u0101de \u0100da\u017eos, Milit\u0101raj\u0101 policij\u0101 \u0100da\u017eos, Gaisa sp\u0113ku Pretgaisa aizsardz\u012bbas divizion\u0101 Lielv\u0101rd\u0113, Zemessardzes 25. kaujas atbalsta bataljon\u0101 Al\u016bksn\u0113, Zemessardzes 36. kaujas atbalsta bataljon\u0101 L\u016bznav\u0101 un Zemessardzes 45.kaujas nodro\u0161in\u0101juma bataljon\u0101 milit\u0101raj\u0101 b\u0101z\u0113 &#8220;Me\u017eaine&#8221; Skrund\u0101.<\/p>\n","protected":false},"excerpt":{"rendered":"No visiem iesauktajiem jaunie\u0161iem 78 jeb 70% izv\u0113l\u0113ju\u0161ies br\u012bvpr\u0101t\u012bgu pieteik\u0161anos, savuk\u0101rt p\u0101r\u0113jie iesaukti dienest\u0101 atlases k\u0101rt\u012bb\u0101 p\u0113c nejau\u0161\u012bbas&hellip;\n","protected":false},"author":2,"featured_media":103903,"comment_status":"","ping_status":"","sticky":false,"template":"","format":"standard","meta":{"footnotes":""},"categories":[5],"tags":[23,28,29,32,33,22,30,31,35,39,38,36,37,34,40,20,26,27,24,25,11607,21],"class_list":{"0":"post-103902","1":"post","2":"type-post","3":"status-publish","4":"format-standard","5":"has-post-thumbnail","7":"category-aktualitates","8":"tag-aktualitates","9":"tag-breaking-news","10":"tag-breakingnews","11":"tag-featured-news","12":"tag-featurednews","13":"tag-headlines","14":"tag-latest-news","15":"tag-latestnews","16":"tag-latvia","17":"tag-latvian","18":"tag-latviesu","19":"tag-latviesu-valoda","20":"tag-latviesuvaloda","21":"tag-latvija","22":"tag-lv","23":"tag-news","24":"tag-popularakas-zinas","25":"tag-popularakaszinas","26":"tag-top-stories","27":"tag-topstories","28":"tag-valsts-aizsardzibas-dienests","29":"tag-zinas"},"share_on_mastodon":{"url":"https:\/\/pubeurope.com\/@lv\/115892233358444265","error":""},"_links":{"self":[{"href":"https:\/\/www.europesays.com\/lv\/wp-json\/wp\/v2\/posts\/103902","targetHints":{"allow":["GET"]}}],"collection":[{"href":"https:\/\/www.europesays.com\/lv\/wp-json\/wp\/v2\/posts"}],"about":[{"href":"https:\/\/www.europesays.com\/lv\/wp-json\/wp\/v2\/types\/post"}],"author":[{"embeddable":true,"href":"https:\/\/www.europesays.com\/lv\/wp-json\/wp\/v2\/users\/2"}],"replies":[{"embeddable":true,"href":"https:\/\/www.europesays.com\/lv\/wp-json\/wp\/v2\/comments?post=103902"}],"version-history":[{"count":0,"href":"https:\/\/www.europesays.com\/lv\/wp-json\/wp\/v2\/posts\/103902\/revisions"}],"wp:featuredmedia":[{"embeddable":true,"href":"https:\/\/www.europesays.com\/lv\/wp-json\/wp\/v2\/media\/103903"}],"wp:attachment":[{"href":"https:\/\/www.europesays.com\/lv\/wp-json\/wp\/v2\/media?parent=103902"}],"wp:term":[{"taxonomy":"category","embeddable":true,"href":"https:\/\/www.europesays.com\/lv\/wp-json\/wp\/v2\/categories?post=103902"},{"taxonomy":"post_tag","embeddable":true,"href":"https:\/\/www.europesays.com\/lv\/wp-json\/wp\/v2\/tags?post=103902"}],"curies":[{"name":"wp","href":"https:\/\/api.w.org\/{rel}","templated":true}]}}