{"id":103904,"date":"2026-01-14T07:21:07","date_gmt":"2026-01-14T07:21:07","guid":{"rendered":"https:\/\/www.europesays.com\/lv\/103904\/"},"modified":"2026-01-14T07:21:07","modified_gmt":"2026-01-14T07:21:07","slug":"tramps-bridina-par-loti-stipru-ricibu-ja-irana-pakartu-demonstrantus-jauns-lv","status":"publish","type":"post","link":"https:\/\/www.europesays.com\/lv\/103904\/","title":{"rendered":"Tramps br\u012bdina par &quot;\u013coti stipru r\u012bc\u012bbu&quot;, ja Ir\u0101na pak\u0101rtu demonstrantus &#8211; Jauns.lv"},"content":{"rendered":"<ol>\n<li><a href=\"https:\/\/news.google.com\/rss\/articles\/CBMiqwFBVV95cUxOMnBwMzJYNGEzX2FCME1CQjl5bEYzSkFiNENNYlh3ZDNvS3ktLWg0dkVOWnVFSjZSVWtQbFN2ZGhwMXhTTlI4R3lOLXZuMDY2UE5RWDdOb0c0SER6ZGRSOW5sTmVDNWRvRkFaZUVibDQyelFrdEJQamd5RTFtUk5oNXdkcTRFbDZPUkdNODNTdml2UWRkQU5CN29GdzdDajNMaXJHaUdzWlh1Rnc?oc=5\" target=\"_blank\" rel=\"nofollow noopener\">Tramps br\u012bdina par &#8220;\u013coti stipru r\u012bc\u012bbu&#8221;, ja Ir\u0101na pak\u0101rtu demonstrantus<\/a>&nbsp;&nbsp;Jauns.lv<\/li>\n<li><a href=\"https:\/\/news.google.com\/rss\/articles\/CBMikgFBVV95cUxQSFFSWjcyX2RhR3VnZ2o4OFFnUUhxeE1nU3NaQlhDQk9wOU81N1hZbzZZdFNSNHpiOTVab3d5NWNBYkdnaFdvWDFRSFhMZGhoWTRJclhEMWtfeFlZRW94NG9XTm9DOUFwNjhHUVE2TDlQNThBcTE1V1JVX2xZQlVKZzNuT2h3NkNhY0xkb2tXM0N5QQ?oc=5\" target=\"_blank\" rel=\"nofollow noopener\">Pieaug protestos Ir\u0101n\u0101 nogalin\u0101to skaits<\/a>&nbsp;&nbsp;Delfi<\/li>\n<li><a href=\"https:\/\/news.google.com\/rss\/articles\/CBMilAFBVV95cUxQdll0amdYOG9PelhkM0VadC0xbkZvdjZVMHpfZFdEYXh1eHFjOHVvSGsyR0ZfSXZ4a2dWSGhnaUQ1Z1d3TW1ZeHJaVDh0QU5BNTk1ZklxeVIwOGlRbDdvLW5MamJTVjJEY2g3Si1LaUM5VmVUbkhvaW9iSjM2dE9xUk9JQkFja2w4eTRyYUROeEkyVVNm?oc=5\" target=\"_blank\" rel=\"nofollow noopener\">Ir\u0101nas vad\u012bba rea\u0123\u0113 uz Trampa draudiem lietot milit\u0101ru sp\u0113ku<\/a>&nbsp;&nbsp;Apollo.lv<\/li>\n<li><a href=\"https:\/\/news.google.com\/rss\/articles\/CBMihgFBVV95cUxQY2tLU29QUkxYVkg4cGZBMWM4SmRxWERQVlV1N05uczFoNy1SN3JNVE9GNE1zS2lOQmZ4U2UtSFMwalBaS1Q4bzNVckxUVXpral9LR2g0MUZiWklLVW5YZHFUTHpTMGdlNnZaakg0clkzUHVGeElreS1WTjFEUWw5ZmRSSUtGUQ?oc=5\" target=\"_blank\" rel=\"nofollow noopener\">Kaut kas \u201cbriest\u201d: ASV aicina pilso\u0146us nekav\u0113joties pamest Ir\u0101nu<\/a>&nbsp;&nbsp;LA.LV<\/li>\n<li><a href=\"https:\/\/news.google.com\/rss\/articles\/CBMiogFBVV95cUxNYVcwbHlkdTViWlRLY05uelpweEN3Qm1WWUFMZTZFcFJrc25CbGdkMkNLWC14eEJpeEFkelJyXzNlRXVCRG9UYTFmWjI5b3hmaGMzWlk1b3hqbjJHTXlLVi0xWWREeDBaczF5N3NLWGtpVkN2bGlTM0NIVEpvU3EzNWdOTnF4RnJwZXlNQmlycW9ES0l6MXVZYlFSa3RTcU55bkE?oc=5\" target=\"_blank\" rel=\"nofollow noopener\">Pieaug protestos Ir\u0101n\u0101 nogalin\u0101to skaits \/ Raksts<\/a>&nbsp;&nbsp;LSM<\/li>\n<\/ol>\n","protected":false},"excerpt":{"rendered":"Tramps br\u012bdina par &#8220;\u013coti stipru r\u012bc\u012bbu&#8221;, ja Ir\u0101na pak\u0101rtu demonstrantus&nbsp;&nbsp;Jauns.lv Pieaug protestos Ir\u0101n\u0101 nogalin\u0101to skaits&nbsp;&nbsp;Delfi Ir\u0101nas vad\u012bba rea\u0123\u0113&hellip;\n","protected":false},"author":2,"featured_media":103905,"comment_status":"","ping_status":"","sticky":false,"template":"","format":"standard","meta":{"footnotes":""},"categories":[14],"tags":[23,57,28,29,32,33,22,30,31,35,39,38,36,37,34,40,20,26,27,24,25,54,55,56,21,58],"class_list":{"0":"post-103904","1":"post","2":"type-post","3":"status-publish","4":"format-standard","5":"has-post-thumbnail","7":"category-zinas-no-arvalstim","8":"tag-aktualitates","9":"tag-arvalstim","10":"tag-breaking-news","11":"tag-breakingnews","12":"tag-featured-news","13":"tag-featurednews","14":"tag-headlines","15":"tag-latest-news","16":"tag-latestnews","17":"tag-latvia","18":"tag-latvian","19":"tag-latviesu","20":"tag-latviesu-valoda","21":"tag-latviesuvaloda","22":"tag-latvija","23":"tag-lv","24":"tag-news","25":"tag-popularakas-zinas","26":"tag-popularakaszinas","27":"tag-top-stories","28":"tag-topstories","29":"tag-world","30":"tag-world-news","31":"tag-worldnews","32":"tag-zinas","33":"tag-zinas-no-arvalstim"},"share_on_mastodon":{"url":"https:\/\/pubeurope.com\/@lv\/115892249142933873","error":""},"_links":{"self":[{"href":"https:\/\/www.europesays.com\/lv\/wp-json\/wp\/v2\/posts\/103904","targetHints":{"allow":["GET"]}}],"collection":[{"href":"https:\/\/www.europesays.com\/lv\/wp-json\/wp\/v2\/posts"}],"about":[{"href":"https:\/\/www.europesays.com\/lv\/wp-json\/wp\/v2\/types\/post"}],"author":[{"embeddable":true,"href":"https:\/\/www.europesays.com\/lv\/wp-json\/wp\/v2\/users\/2"}],"replies":[{"embeddable":true,"href":"https:\/\/www.europesays.com\/lv\/wp-json\/wp\/v2\/comments?post=103904"}],"version-history":[{"count":0,"href":"https:\/\/www.europesays.com\/lv\/wp-json\/wp\/v2\/posts\/103904\/revisions"}],"wp:featuredmedia":[{"embeddable":true,"href":"https:\/\/www.europesays.com\/lv\/wp-json\/wp\/v2\/media\/103905"}],"wp:attachment":[{"href":"https:\/\/www.europesays.com\/lv\/wp-json\/wp\/v2\/media?parent=103904"}],"wp:term":[{"taxonomy":"category","embeddable":true,"href":"https:\/\/www.europesays.com\/lv\/wp-json\/wp\/v2\/categories?post=103904"},{"taxonomy":"post_tag","embeddable":true,"href":"https:\/\/www.europesays.com\/lv\/wp-json\/wp\/v2\/tags?post=103904"}],"curies":[{"name":"wp","href":"https:\/\/api.w.org\/{rel}","templated":true}]}}