{"id":103906,"date":"2026-01-14T07:22:05","date_gmt":"2026-01-14T07:22:05","guid":{"rendered":"https:\/\/www.europesays.com\/lv\/103906\/"},"modified":"2026-01-14T07:22:05","modified_gmt":"2026-01-14T07:22:05","slug":"valsts-prezidenta-uzruna-zakusalas-1991-gada-barikazu-aizstavju-atceres-pasakuma-un-jaunsargu-sviniga-solijuma-ceremonija-lv-portals","status":"publish","type":"post","link":"https:\/\/www.europesays.com\/lv\/103906\/","title":{"rendered":"Valsts prezidenta uzruna Za\u0137usalas 1991. gada barik\u0101\u017eu aizst\u0101vju atceres pas\u0101kum\u0101 un jaunsargu svin\u012bg\u0101 sol\u012bjuma ceremonij\u0101 &#8211; LV port\u0101ls"},"content":{"rendered":"<ol>\n<li><a href=\"https:\/\/news.google.com\/rss\/articles\/CBMi_AFBVV95cUxOcE1BSzVKVktmU0RNSGxlQXBwRG5tY3gzalNSVnVjNkZGRWlySHhMTjRQTjhfck9OcE9ZLVdMZ3ZSaXZwenpDdnd0LXV0aXpQN3hkaUVYYms0MFFhNUhneHhkOXFhRklYRVhyTzJBRld4MmJ0aEQ4TjMzMDA2YnZ3T1ZSS1lZWW1UQnJaZTFsTzdlZXh6Tlo4X0hTU0NJV0hzVzZYdUk2NjA3YWp0a0dJYUFlcnQ1b0VfMDlyUWtuUXFlcWxUUFNYTDljYjMzSURraUd1ZXZFMmtEa3hkSTFkaW4zNGxSRXl3TDVqZTNWYnNhdFQ1RmdLSTluQXo?oc=5\" target=\"_blank\" rel=\"nofollow noopener\">Valsts prezidenta uzruna Za\u0137usalas 1991. gada barik\u0101\u017eu aizst\u0101vju atceres pas\u0101kum\u0101 un jaunsargu svin\u012bg\u0101 sol\u012bjuma ceremonij\u0101<\/a>&nbsp;&nbsp;LV port\u0101ls<\/li>\n<li><a href=\"https:\/\/news.google.com\/rss\/articles\/CBMi9wFBVV95cUxOa0Z0VDEwLWJKcm10X2J3UWFtZU5SdXoxTUp3T0YyRVU5TG9PRTRlNW13ZTlvR3R6Qm9JSFlxRjlkLUcySmRyWWJsMlMzYjhNeE42WF9KZ2Zfb040dG01eVlPZUhFMWZpa3dfM0VYTEMzZ3NFdVVJa0hlOGo4TkNORVlKTDdVS2k1TzlMMDZIS2N0ejBON2ZtX3lOQ1I5WEJMNnFIN3c4WTkwTERRMGNxUDNkY20yRWxLWFNtaWVLZTBXbEctTHAxYjdDdWV3TV9neERVcVpFRjBDTi1OdXFqOG55THNScDNsTmRpTXEzR0g1dVJqTHlV?oc=5\" target=\"_blank\" rel=\"nofollow noopener\">Ne vi\u0146i, ne liela da\u013ca vi\u0146u vec\u0101ku nepieredz\u0113ja barik\u0101des. Vair\u0101k nek\u0101 100 jaunie\u0161u dod jaunsarga sol\u012bjumu<\/a>&nbsp;&nbsp;LSM<\/li>\n<li><a href=\"https:\/\/news.google.com\/rss\/articles\/CBMixgFBVV95cUxQYUtqOV9TUmhkYXZMeWJpNXRqWUFtMmpVbWRFRnN0cXRHSGZLMkNUYzMwdDJXM003VGQwZ3Y1cVRqSWxvdHkzWnUwNUl5T2tFVVVBSFZOVW1kcnEwUUZtUE40OWFneTItNEd1TkJzY1BWbGJEdUMyWDNhc2ExMU5vMXZtMEsyNTByZEl2cHEtSWhROHRYOVh5UGdLcHB6aFV3MXA0UEVLcVE3TUk1YldXS21xeEJqa2x3VnQwdXFDUWt5R2YwcXc?oc=5\" target=\"_blank\" rel=\"nofollow noopener\">Prezidents: 35 gadus p\u0113c barik\u0101d\u0113m joproj\u0101m past\u0101v m\u0113\u0123in\u0101jumi lauzt m\u016bsu garu<\/a>&nbsp;&nbsp;Diena<\/li>\n<li><a href=\"https:\/\/news.google.com\/rss\/articles\/CBMiigJBVV95cUxNV2FhUUgtOEtFZURMZHBsSlFtdDVDSzQwOUttdE5nQjlWVkNXdXFxenBnLUNmX2txSFpoaHVkaWc5QmZ2LXBfWFluZG1WY3VGbFljZmVFR2k1NjYxSnZUQ1B3UldBVkpqSGh5bGp4RkxlY3UtMEVXTktSM1hPR3hsbHpHN29fa216ZWpCcGQtUHBHUThWbmlWNGR4aHJEREpJNVc0dTBoV1dtdC10QThUZW85WTlYTFd0RmtQcGRZcGoxWEJKTU9PSDFENVp6Nl92S3Ffby1GMVhXOEdvN21iaDNHbUk5WkZpR2E4VDcyc29OcV9ZanNtQjR2MFBETERxa2MwLWM1Y1Y1UQ?oc=5\" target=\"_blank\" rel=\"nofollow noopener\">V\u012bru kopa \u201cVilki\u201d aicina uz barik\u0101\u017eu aizst\u0101vju piemi\u0146as koncertu un kop\u012bgu sadzied\u0101\u0161anos R\u012bgas Latvie\u0161u biedr\u012bb\u0101<\/a>&nbsp;&nbsp;kultura.riga.lv<\/li>\n<li><a href=\"https:\/\/news.google.com\/rss\/articles\/CBMivAFBVV95cUxONTdoaExZRVdrZ3l2eXpDX2ZZRDdnc05CUTNRVXFmOEhiVUJiVmthbk1LZXN4NksyYWxPdkFreVJVbmk4dmFSTXppSDJmbGVIYzhWSjE0UklVM0NIYUxqbm9CdnVtMzBkY05VRE9pRlR6TEpvVGVsRkhmQi1QU1dwSERkTjR1MjZaSVFEWE1pWUx2ZTV2TmcyXzFYaFVndldlbUNneHV2ZWNwMFRObTJjdXdHcmY1b21vZ0pscA?oc=5\" target=\"_blank\" rel=\"nofollow noopener\">\u201cNo barik\u0101d\u0113m l\u012bdz barik\u0101d\u0113m\u201d \u2013 dzejas, m\u016bzikas un sarunu vakars par br\u012bv\u012bbu \u0161odien<\/a>&nbsp;&nbsp;Ventspils<\/li>\n<\/ol>\n","protected":false},"excerpt":{"rendered":"Valsts prezidenta uzruna Za\u0137usalas 1991. gada barik\u0101\u017eu aizst\u0101vju atceres pas\u0101kum\u0101 un jaunsargu svin\u012bg\u0101 sol\u012bjuma ceremonij\u0101&nbsp;&nbsp;LV port\u0101ls Ne vi\u0146i,&hellip;\n","protected":false},"author":2,"featured_media":97074,"comment_status":"","ping_status":"","sticky":false,"template":"","format":"standard","meta":{"footnotes":""},"categories":[12],"tags":[23,28,29,32,33,22,30,31,35,39,38,36,37,34,40,20,26,27,24,25,21],"class_list":{"0":"post-103906","1":"post","2":"type-post","3":"status-publish","4":"format-standard","5":"has-post-thumbnail","7":"category-latvija","8":"tag-aktualitates","9":"tag-breaking-news","10":"tag-breakingnews","11":"tag-featured-news","12":"tag-featurednews","13":"tag-headlines","14":"tag-latest-news","15":"tag-latestnews","16":"tag-latvia","17":"tag-latvian","18":"tag-latviesu","19":"tag-latviesu-valoda","20":"tag-latviesuvaloda","21":"tag-latvija","22":"tag-lv","23":"tag-news","24":"tag-popularakas-zinas","25":"tag-popularakaszinas","26":"tag-top-stories","27":"tag-topstories","28":"tag-zinas"},"share_on_mastodon":{"url":"https:\/\/pubeurope.com\/@lv\/115892253046574365","error":""},"_links":{"self":[{"href":"https:\/\/www.europesays.com\/lv\/wp-json\/wp\/v2\/posts\/103906","targetHints":{"allow":["GET"]}}],"collection":[{"href":"https:\/\/www.europesays.com\/lv\/wp-json\/wp\/v2\/posts"}],"about":[{"href":"https:\/\/www.europesays.com\/lv\/wp-json\/wp\/v2\/types\/post"}],"author":[{"embeddable":true,"href":"https:\/\/www.europesays.com\/lv\/wp-json\/wp\/v2\/users\/2"}],"replies":[{"embeddable":true,"href":"https:\/\/www.europesays.com\/lv\/wp-json\/wp\/v2\/comments?post=103906"}],"version-history":[{"count":0,"href":"https:\/\/www.europesays.com\/lv\/wp-json\/wp\/v2\/posts\/103906\/revisions"}],"wp:featuredmedia":[{"embeddable":true,"href":"https:\/\/www.europesays.com\/lv\/wp-json\/wp\/v2\/media\/97074"}],"wp:attachment":[{"href":"https:\/\/www.europesays.com\/lv\/wp-json\/wp\/v2\/media?parent=103906"}],"wp:term":[{"taxonomy":"category","embeddable":true,"href":"https:\/\/www.europesays.com\/lv\/wp-json\/wp\/v2\/categories?post=103906"},{"taxonomy":"post_tag","embeddable":true,"href":"https:\/\/www.europesays.com\/lv\/wp-json\/wp\/v2\/tags?post=103906"}],"curies":[{"name":"wp","href":"https:\/\/api.w.org\/{rel}","templated":true}]}}