{"id":103909,"date":"2026-01-14T07:26:25","date_gmt":"2026-01-14T07:26:25","guid":{"rendered":"https:\/\/www.europesays.com\/lv\/103909\/"},"modified":"2026-01-14T07:26:25","modified_gmt":"2026-01-14T07:26:25","slug":"94n-digital-iezime-celu-izaugsmei-pec-tris-balvu-iegusanas-un-butiska-ieguldijuma-adpeak-dienas-bizness","status":"publish","type":"post","link":"https:\/\/www.europesays.com\/lv\/103909\/","title":{"rendered":"94n Digital iez\u012bm\u0113 ce\u013cu izaugsmei p\u0113c tr\u012bs balvu ieg\u016b\u0161anas un b\u016btiska ieguld\u012bjuma AdPeak :: Dienas Bizness"},"content":{"rendered":"<p class=\"text-font font-size--text-xlarge margin-3--bottom font-weight--bold padding-1--top\"><a href=\"https:\/\/94n.digital\/\" title=\"\" target=\"_blank\" rel=\"nofollow noopener\">94n Digital<\/a>, vado\u0161\u0101 Eiropas digit\u0101l\u0101 m\u0101rketinga a\u0123ent\u016bra, ar p\u0101rliecino\u0161u izr\u0101vienu ieso\u013co 2026. gad\u0101, aizvadot gadu, kas iez\u012bm\u0113ts ar noz\u012bm\u012bgiem sasniegumiem, izaugsmi un inov\u0101cij\u0101m.<\/p>\n<p class=\"text-font font-size--text-xlarge margin-3--bottom\">Ieg\u016bstot tr\u012bs pirm\u0101s vietas presti\u017eos starptautiskos digit\u0101l\u0101 m\u0101rketinga apbalvojumos \u2013 tostarp Global Digital Excellence Awards, Global Search Awards un UK Search Awards \u2013 a\u0123ent\u016bra ir nostiprin\u0101jusi savu poz\u012bciju starp inovat\u012bv\u0101kaj\u0101m a\u0123ent\u016br\u0101m Eirop\u0101.<\/p>\n<p class=\"text-font font-size--text-xlarge margin-3--bottom\">\u0160\u012bs balvas izce\u013c revolucion\u0101ro maksas mediju darbu, kas \u012bstenots Apvienot\u0101s Karalistes mazumtirgot\u0101jam Plumb2U, balstoties uz 94n pa\u0161u izstr\u0101d\u0101to veiktsp\u0113jas platformu AdPeak, kas izveidota sadarb\u012bb\u0101 ar tehnolo\u0123iju speci\u0101listiem iek\u0161 ExaDev.<\/p>\n<p class=\"text-font font-size--text-xlarge margin-3--bottom\">\u201c2025. gads mums ir bijis noz\u012bm\u012bgs pav\u0113rsiens,\u201d sac\u012bja Aleksandrs Tka\u010dovs, 94n Digital dibin\u0101t\u0101js un izpilddirektors. \u201cM\u0113s vienm\u0113r esam tic\u0113ju\u0161i, ka lielisks veiktsp\u0113jas m\u0101rketings balst\u0101s datos, komerci\u0101l\u0101 lo\u0123ik\u0101 un sadarb\u012bb\u0101. \u0160ie pan\u0101kumi to apstiprina, un v\u0113l svar\u012bg\u0101k \u2013 tie apliecina ietekmi, ko sniedzam saviem klientiem.\u201d<\/p>\n<p class=\"text-font font-size--text-xlarge margin-3--bottom\">\u20ac55 000 grants AdPeak att\u012bst\u012bbas veicin\u0101\u0161anai <\/p>\n<p class=\"text-font font-size--text-xlarge margin-3--bottom\">Balstoties uz \u0161o pan\u0101kumu vilni, 94n Digital ir nodro\u0161in\u0101jusi vair\u0101k nek\u0101 \u20ac55 000 gad\u0101 uz tr\u012bs gadu periodu granta finans\u0113jumu no LIAA, ar iesp\u0113ju otraj\u0101 gad\u0101 finans\u0113jumu palielin\u0101t, lai turpin\u0101tu AdPeak att\u012bst\u012bbu Eiropas virzien\u0101. N\u0101kamo tr\u012bs m\u0113ne\u0161u laik\u0101 \u0161is finans\u0113jums tiks izmantots:<\/p>\n<p class=\"text-font font-size--text-xlarge margin-3--bottom\">\u25cf lietot\u0101ja saskarnes uzlabo\u0161an\u0101 \u0113rt\u0101kai izmanto\u0161anai komand\u0101s,<\/p>\n<p class=\"text-font font-size--text-xlarge margin-3--bottom\">\u25cf progres\u012bv\u0101s model\u0113\u0161anas iesp\u0113ju att\u012bst\u012b\u0161an\u0101 optimiz\u0101cijas precizit\u0101tes palielin\u0101\u0161anai,<\/p>\n<p class=\"text-font font-size--text-xlarge margin-3--bottom\">\u25cf pirm\u0101 piln\u0101 automatiz\u0113t\u0101s atskai\u0161u sist\u0113mas posma pabeig\u0161an\u0101.<\/p>\n<p class=\"text-font font-size--text-xlarge margin-3--bottom\">Samuel Johnson, 94n Digital strat\u0113\u0123ijas vad\u012bt\u0101js (CSO), piebilda:<\/p>\n<p class=\"text-font font-size--text-xlarge margin-3--bottom\">\u201cTas, ko m\u016bsu starpfunkcion\u0101l\u0101s komandas ir sasniegu\u0161as ar AdPeak, ir tikai s\u0101kums. \u0160is ieguld\u012bjums \u013cauj mums papla\u0161in\u0101t gan platformas intelektu, gan lietojam\u012bbu \u2014 radot klientiem v\u0113l liel\u0101ku, uz pe\u013c\u0146u v\u0113rstu v\u0113rt\u012bbu.\u201d<\/p>\n<p class=\"text-font font-size--text-xlarge margin-3--bottom\">Jauni talanti n\u0101kotnes izaugsmei<\/p>\n<p class=\"text-font font-size--text-xlarge margin-3--bottom\">Sagaidot strauju izaugsmi, <a href=\"https:\/\/94n.digital\/\" title=\"\" target=\"_blank\" rel=\"nofollow noopener\">94n Digital<\/a> turpina papla\u0161in\u0101t ar\u012b savu komandu. 4. ceturksn\u012b a\u0123ent\u016bra piesaist\u012bja tr\u012bs strat\u0113\u0123iskus speci\u0101listus:<\/p>\n<p class=\"text-font font-size--text-xlarge margin-3--bottom\">\u25cf Metj\u016b Baks, klientu vad\u012bbas direktors, ar pla\u0161u pieredzi augsta l\u012bme\u0146a strat\u0113\u0123isko vad\u012bbu jaut\u0101jumos,<\/p>\n<p class=\"text-font font-size--text-xlarge margin-3--bottom\">\u25cf \u0145ikita Bol\u0161akovs, Meta Ads speci\u0101lists, lai atbalst\u012btu pieaugo\u0161o piepras\u012bjumu,<\/p>\n<p class=\"text-font font-size--text-xlarge margin-3--bottom\">\u25cf Aaka\u0161s Sings, Google Ads speci\u0101lists, lai stiprin\u0101tu jau pla\u0161o klientu portfeli.<\/p>\n<p class=\"text-font font-size--text-xlarge margin-3--bottom\">Kop\u0101 vi\u0146i stiprina 94n sp\u0113ju nodro\u0161in\u0101t augstas kvalit\u0101tes darbu da\u017e\u0101d\u0101s nozar\u0113s un \u0123eogr\u0101fiskajos tirgos.<\/p>\n<p class=\"text-font font-size--text-xlarge margin-3--bottom\">\u201cKomandas papla\u0161in\u0101\u0161ana noz\u012bm\u0113 ar\u012b m\u016bsu v\u0113rt\u012bbu m\u0113rogo\u0161anu \u2014 precizit\u0101ti, rado\u0161umu un klientu izaugsmi,\u201d sac\u012bja l\u012bdzdibin\u0101t\u0101js un tehniskais direktors Simone Pardini. \u201cM\u0113s veidojam komandu, kas tic ne tikai sniegumam, bet ar\u012b partner\u012bbai.\u201d<\/p>\n<p class=\"text-font font-size--text-xlarge margin-3--bottom\">Raugoties uz 2026. gadu, <a href=\"https:\/\/94n.digital\/\" title=\"\" target=\"_blank\" rel=\"nofollow noopener\">94n Digital<\/a> pl\u0101no 1. ceturksn\u012b pie\u0146emt darb\u0101 v\u0113l divus speci\u0101listus, lai atbalst\u012btu jaunu izplat\u012b\u0161anas strat\u0113\u0123iju, kuras m\u0113r\u0137is ir v\u0113l vair\u0101k papla\u0161in\u0101t uz\u0146\u0113muma kl\u0101tb\u016btni mazumtirdzniec\u012bbas un e-komercijas sektoros.<\/p>\n<p class=\"text-font font-size--text-xlarge margin-3--bottom\">M\u016bsdien\u012bgas a\u0123ent\u016bras paraugs <\/p>\n<p class=\"text-font font-size--text-xlarge margin-3--bottom\">Darbojoties k\u0101 piln\u012bb\u0101 att\u0101lin\u0101ta, uz cilv\u0113kiem orient\u0113ta organiz\u0101cija ar komandu Apvienotaj\u0101 Karalist\u0113, Latvij\u0101, Sp\u0101nij\u0101 un citviet, 94n Digital no jauna defin\u0113 m\u016bsdien\u012bgas a\u0123ent\u016bras izcil\u012bbas standartus.<\/p>\n<p class=\"text-font font-size--text-xlarge margin-3--bottom\">\u201cAtzin\u012bba ir lieliska,\u201d piebilda Aleksandrs Tka\u010dovs, \u201cta\u010du vissvar\u012bg\u0101kais ir tas, ko dar\u0101m t\u0101l\u0101k. M\u0113s esam \u0161eit, lai papla\u0161in\u0101tu iesp\u0113ju robe\u017eas maksas medijos \u2014 un m\u0113s esam tikai s\u0101ku\u0161i.\u201d<\/p>\n<p class=\"text-font font-size--text-xlarge margin-3--bottom\">Par 94n Digital <\/p>\n<p class=\"text-font font-size--text-xlarge margin-3--bottom\"><a href=\"https:\/\/94n.digital\/\" title=\"\" target=\"_blank\" rel=\"nofollow noopener\">94n Digital<\/a> ir m\u0101rketinga a\u0123ent\u016bra ambicioziem mazumtirgot\u0101jiem. A\u0123ent\u016bra specializ\u0113jas AI uzlabot\u0101, pe\u013c\u0146as orient\u0113t\u0101 mediju pirk\u0161an\u0101 un izmanto savu patent\u0113tu platformu AdPeak, lai nodro\u0161in\u0101tu uz pe\u013c\u0146as normu balst\u012btu automatiz\u0101ciju Google, Meta, Microsoft, LinkedIn, Amazon, TikTok un cit\u0101s rekl\u0101mas platform\u0101s. Galvenais birojs atrodas R\u012bg\u0101, ar operat\u012bvo b\u0101zi London\u0101. 94n Digital sadarbojas ar mazumtirdzniec\u012bbas z\u012bmoliem, p\u0101rv\u0113r\u0161ot datus izaugsm\u0113.<\/p>\n","protected":false},"excerpt":{"rendered":"94n Digital, vado\u0161\u0101 Eiropas digit\u0101l\u0101 m\u0101rketinga a\u0123ent\u016bra, ar p\u0101rliecino\u0161u izr\u0101vienu ieso\u013co 2026. gad\u0101, aizvadot gadu, kas iez\u012bm\u0113ts ar&hellip;\n","protected":false},"author":2,"featured_media":103910,"comment_status":"","ping_status":"","sticky":false,"template":"","format":"standard","meta":{"footnotes":""},"categories":[16],"tags":[869,77,870,76,867,35,39,38,36,37,34,871,868,40,21],"class_list":{"0":"post-103909","1":"post","2":"type-post","3":"status-publish","4":"format-standard","5":"has-post-thumbnail","7":"category-bizness","8":"tag-biznesa-zinas","9":"tag-bizness","10":"tag-bizness-latvija","11":"tag-business","12":"tag-dienas-zinas","13":"tag-latvia","14":"tag-latvian","15":"tag-latviesu","16":"tag-latviesu-valoda","17":"tag-latviesuvaloda","18":"tag-latvija","19":"tag-latvijas-biznesa-zinas","20":"tag-latvijas-zinas","21":"tag-lv","22":"tag-zinas"},"share_on_mastodon":{"url":"https:\/\/pubeurope.com\/@lv\/115892268718297010","error":""},"_links":{"self":[{"href":"https:\/\/www.europesays.com\/lv\/wp-json\/wp\/v2\/posts\/103909","targetHints":{"allow":["GET"]}}],"collection":[{"href":"https:\/\/www.europesays.com\/lv\/wp-json\/wp\/v2\/posts"}],"about":[{"href":"https:\/\/www.europesays.com\/lv\/wp-json\/wp\/v2\/types\/post"}],"author":[{"embeddable":true,"href":"https:\/\/www.europesays.com\/lv\/wp-json\/wp\/v2\/users\/2"}],"replies":[{"embeddable":true,"href":"https:\/\/www.europesays.com\/lv\/wp-json\/wp\/v2\/comments?post=103909"}],"version-history":[{"count":0,"href":"https:\/\/www.europesays.com\/lv\/wp-json\/wp\/v2\/posts\/103909\/revisions"}],"wp:featuredmedia":[{"embeddable":true,"href":"https:\/\/www.europesays.com\/lv\/wp-json\/wp\/v2\/media\/103910"}],"wp:attachment":[{"href":"https:\/\/www.europesays.com\/lv\/wp-json\/wp\/v2\/media?parent=103909"}],"wp:term":[{"taxonomy":"category","embeddable":true,"href":"https:\/\/www.europesays.com\/lv\/wp-json\/wp\/v2\/categories?post=103909"},{"taxonomy":"post_tag","embeddable":true,"href":"https:\/\/www.europesays.com\/lv\/wp-json\/wp\/v2\/tags?post=103909"}],"curies":[{"name":"wp","href":"https:\/\/api.w.org\/{rel}","templated":true}]}}