{"id":103911,"date":"2026-01-14T07:28:12","date_gmt":"2026-01-14T07:28:12","guid":{"rendered":"https:\/\/www.europesays.com\/lv\/103911\/"},"modified":"2026-01-14T07:28:12","modified_gmt":"2026-01-14T07:28:12","slug":"ari-valmieras-dramas-teatris-sogad-savilks-jostu","status":"publish","type":"post","link":"https:\/\/www.europesays.com\/lv\/103911\/","title":{"rendered":"Ar\u012b Valmieras dr\u0101mas te\u0101tris \u0161ogad savilks jostu"},"content":{"rendered":"<p>\u0145emot v\u0113r\u0101 samazin\u0101to valsts dot\u0101ciju, Valmieras dr\u0101mas te\u0101tris \u0161ogad cent\u012bsies piesaist\u012bt papildu naudu no atbalst\u012bt\u0101jiem, veidos par vienu jauniestud\u0113jumu maz\u0101k un atsevi\u0161\u0137iem iestud\u0113jumiem nedaudz palielin\u0101s bi\u013ce\u0161u cenas, intervij\u0101 TV3 raid\u012bjum\u0101 &#8220;900 sekundes&#8221; sac\u012bja te\u0101tra vad\u012bt\u0101ja Evita A\u0161eradena.<\/p>\n<p>Vi\u0146a atzina, ka par vienu l\u012bdz diviem eiro var\u0113tu pieaugt atsevi\u0161\u0137u iestud\u0113jumu cenas. &#8220;Bet vair\u0101k dro\u0161i vien, ka n\u0113,&#8221; vi\u0146a uzsv\u0113ra, piebilstot, ka vienlaikus tiks saglab\u0101tas visas eso\u0161\u0101s atlaides.<\/p>\n<p>T\u0101pat pl\u0101nots veidot par vienu iestud\u0113jumu maz\u0101k. Vi\u0146a sac\u012bja, ka viens jauniestud\u0113jums izmaks\u0101 no 35 000 eiro l\u012bdz 100 000 eiro.<\/p>\n<p>A\u0161eradena pauda, ka Valmieras dr\u0101mas te\u0101trim ir j\u0101iegulda daudz vair\u0101k, lai notur\u0113tu darbiniekus un skat\u012bt\u0101jus. &#8220;Lai \u0161os cilv\u0113kus dab\u016btu, mums ir j\u0101b\u016bt daudz pievilc\u012bg\u0101kiem, interesant\u0101kiem un lab\u0101kiem k\u0101 galvaspils\u0113t\u0101,&#8221; sprieda A\u0161eradena.<\/p>\n<p>Te\u0101tra vad\u012bt\u0101ja atzina, ka ir veikti apr\u0113\u0137ini par iesp\u0113ju k\u0101dus pakalpojumus nodro\u0161in\u0101t \u0101rpakalpojum\u0101, piem\u0113ram, dekor\u0101ciju ra\u017eo\u0161anai vai ap\u0123\u0113rba \u0161\u016b\u0161anai. Tom\u0113r secin\u0101ts, ka tas neb\u016btu izdev\u012bg\u0101k. &#8220;M\u0113s m\u0113\u0123in\u0101m ietaup\u012bt, cik vien varam,&#8221; uzsv\u0113ra A\u0161eradena, v\u0113lreiz nor\u0101dot, ka tr\u016bksto\u0161o finans\u0113jumu cent\u012bsies mekl\u0113t ar\u012b pie atbalst\u012bt\u0101jiem, lai neciestu sezonas pl\u0101ni.<\/p>\n<p>Jau rakst\u012bts, ka, \u0146emot v\u0113r\u0101 valsts dot\u0101cijas samazin\u0101jumu, Dailes te\u0101tris \u012bsteno struktur\u0101las p\u0101rmai\u0146as, kas paredz \u0161tata samazin\u0101\u0161anu vair\u0101k\u0101s strukt\u016brvien\u012bb\u0101s, tostarp m\u0101kslinieciskaj\u0101 da\u013c\u0101. Te\u0101tr\u012b nor\u0101da, ka 2024. gada septembr\u012b sa\u0146emtas Kult\u016bras ministrijas nor\u0101des par valsts dot\u0101cijas samazin\u0101jumu 276 205 eiro apm\u0113r\u0101, aicinot rast risin\u0101jumus izmaksu samazin\u0101\u0161anai un ie\u0146\u0113mumu palielin\u0101\u0161anai.<\/p>\n<p>Lasiet ar\u012b<\/p>\n<p><a href=\"https:\/\/www.delfi.lv\/kultura\/4333423\/theatre\/120101560\/lelde-dreimane-spiesta-pamest-dailes-teatra-statu-aktrise-sola-tiesaties\" class=\"headline__image-link\" itemprop=\"url\" rel=\"nofollow noopener\" target=\"_blank\"><img decoding=\"async\" loading=\"lazy\" itemprop=\"image\" src=\"https:\/\/www.europesays.com\/lv\/wp-content\/uploads\/2026\/01\/8f173108-b3ed-47fc-85d5-520fe98f4393.jpg\" alt=\"Lelde Dreimane spiesta pamest Dailes te\u0101tra \u0161tatu; aktrise sola ties\u0101ties\" title=\"Lelde Dreimane spiesta pamest Dailes te\u0101tra \u0161tatu; aktrise sola ties\u0101ties\" class=\"headline__image img-fluid w-100\"\/><\/a><\/p>\n<p>Sa\u0146emot inform\u0101ciju par dot\u0101cijas samazin\u0101jumu, te\u0101tris izstr\u0101d\u0101ja pas\u0101kumu pl\u0101nu, tostarp samazinot jauniestud\u0113jumu skaitu un izv\u0113rt\u0113jot darbinieku noslodzi un efektivit\u0101ti. Dailes te\u0101tra valde 2025. gada 29. oktobr\u012b pie\u0146\u0113ma l\u0113mumu par struktur\u0101laj\u0101m izmai\u0146\u0101m, paredzot m\u0101ksliniecisk\u0101s da\u013cas \u0161tata darbinieku skaita samazin\u0101jumu, k\u0101 ar\u012b vair\u0101ku tehnisko un saimniecisko amatu likvid\u0113\u0161anu.<\/p>\n<p>Savuk\u0101rt Jaunais R\u012bgas te\u0101tris (JRT) 2026. gad\u0101 nepl\u0101no veikt struktur\u0101las izmai\u0146as, k\u0101 ar\u012b nepl\u0101no samazin\u0101t darbinieku skaitu vai algas, a\u0123ent\u016brai LETA nor\u0101d\u012bja JRT p\u0101rst\u0101ve Inga Liepi\u0146a. Vi\u0146a atz\u012bm\u0113ja, ka jaunais finans\u0113\u0161anas l\u012bgums JRT 2026. gadam v\u0113l nav nosl\u0113gts, tom\u0113r p\u0113c patlaban pieejam\u0101s inform\u0101cijas valsts dot\u0101cijas samazin\u0101jums var\u0113tu b\u016bt ap 200 000 eiro, kas veidotu aptuveni 3% no JRT kop\u0113j\u0101 bud\u017eeta. Valsts dot\u0101cija te\u0101trim kopum\u0101 veido tikai aptuveni tre\u0161da\u013cu no t\u0101 bud\u017eeta.<\/p>\n<p>JRT p\u0101rst\u0101ve uzsv\u0113ra, ka ietaup\u012bjumu te\u0101tris pl\u0101no rast ikdienas operat\u012bvaj\u0101s izmaks\u0101s, iesp\u0113jams, samazinot jauniestud\u0113jumu sagatavo\u0161anas bud\u017eetus vai p\u0101rce\u013cot k\u0101da jauniestud\u0113juma iestud\u0113\u0161anu uz n\u0101kamo sezonu.<\/p>\n<p>Lasiet ar\u012b<\/p>\n<p><a href=\"https:\/\/www.delfi.lv\/kultura\/4333423\/theatre\/120101944\/jrt-nesamazinas-darbinieku-skaitu-un-algas-neskatoties-uz-dotacijas-samazinajumu\" class=\"headline__image-link\" itemprop=\"url\" rel=\"nofollow noopener\" target=\"_blank\"><img decoding=\"async\" loading=\"lazy\" itemprop=\"image\" src=\"https:\/\/www.europesays.com\/lv\/wp-content\/uploads\/2026\/01\/727557eb-2f20-48eb-8589-586056dd9076.jpg\" alt=\"JRT nesamazin\u0101s darbinieku skaitu un algas, neskatoties uz dot\u0101cijas samazin\u0101jumu\" title=\"JRT nesamazin\u0101s darbinieku skaitu un algas, neskatoties uz dot\u0101cijas samazin\u0101jumu\" class=\"headline__image img-fluid w-100\"\/><\/a><\/p>\n<p>Tikm\u0113r Latvijas Nacion\u0101lais te\u0101tris 2026. gad\u0101 pl\u0101no segt iztr\u016bkumu, palielinot pa\u0161u ie\u0146\u0113mumus un atsakoties no da\u013cas pl\u0101noto ilgtermi\u0146a ieguld\u012bjumu, a\u0123ent\u016brai LETA past\u0101st\u012bja te\u0101tra direktors M\u0101ris V\u012btols. Vi\u0146\u0161 atz\u012bm\u0113ja, ka valsts dot\u0101cija kult\u016bras iest\u0101d\u0113m samazin\u0101s otro gadu p\u0113c k\u0101rtas. 2025. gad\u0101 Nacion\u0101l\u0101 te\u0101tra valsts dot\u0101cija tika samazin\u0101ta par 49 714 eiro, savuk\u0101rt 2026. gad\u0101 pl\u0101notais samazin\u0101jums sasniegs 203 152 eiro.<\/p>\n<p>Run\u0101jot par person\u0101lu, Nacion\u0101l\u0101 te\u0101tra direktors uzsv\u0113ra, ka 2025.\/2026. gada sezon\u0101 aktieru \u0161tata vietu samazin\u0101jums un izmai\u0146as aktieru ansambl\u012b nav pl\u0101notas.<\/p>\n<p class=\"m-0\">Seko &#8220;Delfi&#8221; ar\u012b  <a target=\"_blank\" href=\"https:\/\/www.instagram.com\/delfi.lv\/\" rel=\"nofollow noopener\">Instagram<\/a>  un <a target=\"_blank\" href=\"https:\/\/www.youtube.com\/channel\/UCw5foWtcJvAbUm64rv7jwUQ\" rel=\"nofollow noopener\">YouTube<\/a>  profil\u0101 \u2013 pievienojies, lai uzzin\u0101tu svar\u012bg\u0101ko un interesant\u0101ko pirmais!<\/p>\n<p>Publik\u0101cijas saturs vai t\u0101s jebk\u0101da apjoma da\u013ca ir aizsarg\u0101ts autorties\u012bbu objekts Autorties\u012bbu likuma izpratn\u0113, un t\u0101 izmanto\u0161ana bez izdev\u0113ja at\u013caujas ir aizliegta. Vair\u0101k lasi  <a target=\"_blank\" href=\"https:\/\/www.delfi.lv\/noteikumi#autortiesibas\" rel=\"nofollow noopener\">\u0161eit<\/a><script async src=\"\/\/www.instagram.com\/embed.js\"><\/script><\/p>\n","protected":false},"excerpt":{"rendered":"\u0145emot v\u0113r\u0101 samazin\u0101to valsts dot\u0101ciju, Valmieras dr\u0101mas te\u0101tris \u0161ogad cent\u012bsies piesaist\u012bt papildu naudu no atbalst\u012bt\u0101jiem, veidos par vienu&hellip;\n","protected":false},"author":2,"featured_media":103912,"comment_status":"","ping_status":"","sticky":false,"template":"","format":"standard","meta":{"footnotes":""},"categories":[12],"tags":[23,28,29,454,25051,32,33,22,5272,30,31,35,39,38,36,37,34,1376,40,20,26,27,24,25,25050,21],"class_list":{"0":"post-103911","1":"post","2":"type-post","3":"status-publish","4":"format-standard","5":"has-post-thumbnail","7":"category-latvija","8":"tag-aktualitates","9":"tag-breaking-news","10":"tag-breakingnews","11":"tag-dailes-teatris","12":"tag-evita-aseradena","13":"tag-featured-news","14":"tag-featurednews","15":"tag-headlines","16":"tag-jaunais-rigas-teatris","17":"tag-latest-news","18":"tag-latestnews","19":"tag-latvia","20":"tag-latvian","21":"tag-latviesu","22":"tag-latviesu-valoda","23":"tag-latviesuvaloda","24":"tag-latvija","25":"tag-latvijas-nacionalais-teatris","26":"tag-lv","27":"tag-news","28":"tag-popularakas-zinas","29":"tag-popularakaszinas","30":"tag-top-stories","31":"tag-topstories","32":"tag-valsts-lellu-teatris","33":"tag-zinas"},"share_on_mastodon":{"url":"https:\/\/pubeurope.com\/@lv\/115892276650715314","error":""},"_links":{"self":[{"href":"https:\/\/www.europesays.com\/lv\/wp-json\/wp\/v2\/posts\/103911","targetHints":{"allow":["GET"]}}],"collection":[{"href":"https:\/\/www.europesays.com\/lv\/wp-json\/wp\/v2\/posts"}],"about":[{"href":"https:\/\/www.europesays.com\/lv\/wp-json\/wp\/v2\/types\/post"}],"author":[{"embeddable":true,"href":"https:\/\/www.europesays.com\/lv\/wp-json\/wp\/v2\/users\/2"}],"replies":[{"embeddable":true,"href":"https:\/\/www.europesays.com\/lv\/wp-json\/wp\/v2\/comments?post=103911"}],"version-history":[{"count":0,"href":"https:\/\/www.europesays.com\/lv\/wp-json\/wp\/v2\/posts\/103911\/revisions"}],"wp:featuredmedia":[{"embeddable":true,"href":"https:\/\/www.europesays.com\/lv\/wp-json\/wp\/v2\/media\/103912"}],"wp:attachment":[{"href":"https:\/\/www.europesays.com\/lv\/wp-json\/wp\/v2\/media?parent=103911"}],"wp:term":[{"taxonomy":"category","embeddable":true,"href":"https:\/\/www.europesays.com\/lv\/wp-json\/wp\/v2\/categories?post=103911"},{"taxonomy":"post_tag","embeddable":true,"href":"https:\/\/www.europesays.com\/lv\/wp-json\/wp\/v2\/tags?post=103911"}],"curies":[{"name":"wp","href":"https:\/\/api.w.org\/{rel}","templated":true}]}}