{"id":103913,"date":"2026-01-14T07:29:08","date_gmt":"2026-01-14T07:29:08","guid":{"rendered":"https:\/\/www.europesays.com\/lv\/103913\/"},"modified":"2026-01-14T07:29:08","modified_gmt":"2026-01-14T07:29:08","slug":"jaunais-festivals-lacis-lauva-un-zars-piedava-pasaules-kino-aktualitates-latvija-lente-lv","status":"publish","type":"post","link":"https:\/\/www.europesays.com\/lv\/103913\/","title":{"rendered":"Jaunais festiv\u0101ls \u00abL\u0101cis, Lauva un Zars\u00bb pied\u0101v\u0101 pasaules kino aktualit\u0101tes Latvij\u0101\u00a0\u2014\u00a0Lente.lv"},"content":{"rendered":"<p>Jauns m\u016bsdienu kino festiv\u0101ls \u00abL\u0101cis, Lauva un Zars\u00bb norisin\u0101s Latvij\u0101<\/p>\n<p>No 16. l\u012bdz 25. janv\u0101rim R\u012bg\u0101, C\u0113s\u012bs un Liep\u0101j\u0101 otro reizi notiek m\u016bsdienu kino festiv\u0101ls \u00abL\u0101cis, Lauva un Zars\u00bb, pied\u0101v\u0101jot skat\u012bt\u0101jiem 15 r\u016bp\u012bgi atlas\u012btas filmas, kas p\u0113d\u0113j\u0101 gada laik\u0101 demonstr\u0113tas pasaules vado\u0161ajos kinofestiv\u0101los. K\u0101 inform\u0113 Latvijas Sabiedriskie Mediji, festiv\u0101la nosaukums atsaucas uz presti\u017e\u0101ko A klases festiv\u0101lu galvenaj\u0101m balv\u0101m \u2013 Berl\u012bnes \u00abZelta l\u0101ci\u00bb, Ven\u0113cijas \u00abZelta lauvu\u00bb un Kannu \u00abZelta palmas zaru\u00bb, ta\u010du r\u012bkot\u0101ji uzsver, ka festiv\u0101la m\u0113r\u0137is nav tikai godalgotas filmas, bet gan pla\u0161\u0101k \u2013 autorkino un festiv\u0101lu jaunumus.<\/p>\n<p>Festiv\u0101la programma un atlases princips<\/p>\n<p>Festiv\u0101la organizatore, Lietuvas kinoproducente un kinoiznom\u0101t\u0101ja Giedre Krik\u0161\u010d\u016bnaite, st\u0101sta, ka festiv\u0101ls neaprobe\u017eojas tikai ar liel\u0101ko trijotni, bet akt\u012bvi seko jaunumiem ar\u012b citos noz\u012bm\u012bgos festiv\u0101los, piem\u0113ram, Sansebastjan\u0101, Lokarno un Toronto. Vi\u0146a uzsver, ka \u00ablabas filmas ne vienm\u0113r sa\u0146em balvas\u00bb, t\u0101p\u0113c svar\u012bgi ir mekl\u0113t un atr\u0101d\u012bt ar\u012b maz\u0101k zin\u0101mus, bet kvalitat\u012bvus darbus. \u0160\u012b pieeja atspogu\u013cojas ar\u012b festiv\u0101la programm\u0101, kur\u0101 iek\u013cautas gan uzvar\u0113t\u0101ju filmas, gan darbi, kas jau ieguvu\u0161i atzin\u012bbu citos pasaules festiv\u0101los. Piem\u0113ram, festiv\u0101l\u0101 tiks demonstr\u0113ta D\u017eima D\u017e\u0101rmu\u0161a filma \u00abT\u0113vs M\u0101te M\u0101sa Br\u0101lis\u00bb, par kuru re\u017eisors 2025. gad\u0101 Ven\u0113cij\u0101 sa\u0146\u0113ma \u00abZelta lauvu\u00bb. T\u0101pat festiv\u0101la atkl\u0101\u0161an\u0101 pirmo reizi Latvij\u0101 demonstr\u0113s Gabri\u0113la Maskaro dr\u0101mu \u00abBezgal\u012bg\u0101 zilgme\u00bb, kas Berl\u012bnes kinofestiv\u0101l\u0101 sa\u0146\u0113musi \u00abSudraba l\u0101ci\u00bb.<\/p>\n<p>Autorkino un skat\u012bt\u0101ju gaumes att\u012bst\u012b\u0161ana<\/p>\n<p>Krik\u0161\u010d\u016bnaite uzsver, ka \u00abL\u0101cis, Lauva un Zars\u00bb ir festiv\u0101ls, kas velt\u012bts autorkino un festiv\u0101lu garam, nevis komerci\u0101lajai produkcijai. Vi\u0146as person\u012bg\u0101 izv\u0113le un festiv\u0101la programmas veido\u0161an\u0101 vad\u0101s p\u0113c principa \u00abMans kino ir tas, no kura skrien skudri\u0146as\u00bb, cen\u0161oties att\u012bst\u012bt skat\u012bt\u0101ju gaumi un pied\u0101v\u0101t ko vair\u0101k par ierasto. Vi\u0146a nor\u0101da, ka \u0161\u0101di festiv\u0101li ir noz\u012bm\u012bgi, jo pal\u012bdz veicin\u0101t progres\u012bv\u0101ku publiku, atsaucoties uz pag\u0101tnes pieredzi ar festiv\u0101lu \u00abArsen\u0101ls\u00bb devi\u0146desmitajos gados.<\/p>\n<p>Festiv\u0101la \u00abL\u0101cis, Lauva un Zars\u00bb norises vietas un laiks<\/p>\n<p>M\u016bsdienu filmu festiv\u0101ls \u00abL\u0101cis, Lauva un Zars\u00bb norisin\u0101s no 16. l\u012bdz 25. janv\u0101rim R\u012bg\u0101, C\u0113s\u012bs un Liep\u0101j\u0101. Festiv\u0101la programma izplat\u012bta vair\u0101kos kinote\u0101tros, tostarp R\u012bg\u0101 \u00abSplendid Palace\u00bb un \u00abKino Bize\u00bb, k\u0101 ar\u012b \u00abForum Cinemas\u00bb, \u00abCinamon Akropole Alfa\u00bb, bet \u0101rpus galvaspils\u0113tas filmas demonstr\u0113s \u00abKino C\u0113sis\u00bb un \u00abCinamon Balle Liep\u0101j\u0101\u00bb. Festiv\u0101la moto \u0161ogad ir \u00abCe\u013c\u0161 paveras ejot\u2026\u00bb, aicinot skat\u012bt\u0101jus doties ce\u013cojumos kop\u0101 ar filmu varo\u0146iem un izbaud\u012bt negaid\u012btus atkl\u0101jumus.<\/p>\n<p>Starptautisk\u0101 atzin\u012bba un \u00abOskara\u00bb nomin\u0101cijas<\/p>\n<p>Festiv\u0101la programm\u0101 iek\u013cautas vair\u0101kas filmas, kas ir potenci\u0101l\u0101s \u00abOskara\u00bb balvas kandid\u0101tes, apliecinot programmas augsto kvalit\u0101ti. Piem\u0113ram, filma \u00abSir\u0101ts\u00bb sa\u0146\u0113musi divas \u00abZelta globusa\u00bb nomin\u0101cijas. T\u0101pat \u00abOskaram\u00bb izvirz\u012bt\u0101s filmas no V\u0101cijas (\u00abL\u016bkojoties saul\u0113\u00bb), Kolumbijas (\u00abDzejdaris\u00bb) un Zviedrijas (\u00abRepublikas \u0113rg\u013ci\u00bb) ir iek\u013cautas festiv\u0101la programm\u0101. Citas izceltas filmas ir \u017daka Odij\u0101ra m\u016bzikls \u00abEmilija Peresa\u00bb, kas Kann\u0101s ieguva \u017d\u016brijas balvu un balvu par lab\u0101ko aktrisi, k\u0101 ar\u012b Paolo Sorrent\u012bno filma \u00abPartenope\u00bb, kas piesaista ar izsmalcin\u0101to stilu un sadarb\u012bbu ar modes namu \u00abYves Saint Laurent\u00bb.<\/p>\n","protected":false},"excerpt":{"rendered":"Jauns m\u016bsdienu kino festiv\u0101ls \u00abL\u0101cis, Lauva un Zars\u00bb norisin\u0101s Latvij\u0101 No 16. l\u012bdz 25. janv\u0101rim R\u012bg\u0101, C\u0113s\u012bs un&hellip;\n","protected":false},"author":2,"featured_media":103914,"comment_status":"","ping_status":"","sticky":false,"template":"","format":"standard","meta":{"footnotes":""},"categories":[5],"tags":[23,25052,28,29,32,33,25053,22,4492,1227,30,31,35,39,38,36,37,34,22698,40,10777,20,26,27,24,25,21],"class_list":{"0":"post-103913","1":"post","2":"type-post","3":"status-publish","4":"format-standard","5":"has-post-thumbnail","7":"category-aktualitates","8":"tag-aktualitates","9":"tag-autorkino","10":"tag-breaking-news","11":"tag-breakingnews","12":"tag-featured-news","13":"tag-featurednews","14":"tag-giedre-krikscunaite","15":"tag-headlines","16":"tag-kinofestivals","17":"tag-lacis","18":"tag-latest-news","19":"tag-latestnews","20":"tag-latvia","21":"tag-latvian","22":"tag-latviesu","23":"tag-latviesu-valoda","24":"tag-latviesuvaloda","25":"tag-latvija","26":"tag-lauva-un-zars","27":"tag-lv","28":"tag-musdienu-kino","29":"tag-news","30":"tag-popularakas-zinas","31":"tag-popularakaszinas","32":"tag-top-stories","33":"tag-topstories","34":"tag-zinas"},"share_on_mastodon":{"url":"https:\/\/pubeurope.com\/@lv\/115892280545482891","error":""},"_links":{"self":[{"href":"https:\/\/www.europesays.com\/lv\/wp-json\/wp\/v2\/posts\/103913","targetHints":{"allow":["GET"]}}],"collection":[{"href":"https:\/\/www.europesays.com\/lv\/wp-json\/wp\/v2\/posts"}],"about":[{"href":"https:\/\/www.europesays.com\/lv\/wp-json\/wp\/v2\/types\/post"}],"author":[{"embeddable":true,"href":"https:\/\/www.europesays.com\/lv\/wp-json\/wp\/v2\/users\/2"}],"replies":[{"embeddable":true,"href":"https:\/\/www.europesays.com\/lv\/wp-json\/wp\/v2\/comments?post=103913"}],"version-history":[{"count":0,"href":"https:\/\/www.europesays.com\/lv\/wp-json\/wp\/v2\/posts\/103913\/revisions"}],"wp:featuredmedia":[{"embeddable":true,"href":"https:\/\/www.europesays.com\/lv\/wp-json\/wp\/v2\/media\/103914"}],"wp:attachment":[{"href":"https:\/\/www.europesays.com\/lv\/wp-json\/wp\/v2\/media?parent=103913"}],"wp:term":[{"taxonomy":"category","embeddable":true,"href":"https:\/\/www.europesays.com\/lv\/wp-json\/wp\/v2\/categories?post=103913"},{"taxonomy":"post_tag","embeddable":true,"href":"https:\/\/www.europesays.com\/lv\/wp-json\/wp\/v2\/tags?post=103913"}],"curies":[{"name":"wp","href":"https:\/\/api.w.org\/{rel}","templated":true}]}}