{"id":103919,"date":"2026-01-14T07:34:12","date_gmt":"2026-01-14T07:34:12","guid":{"rendered":"https:\/\/www.europesays.com\/lv\/103919\/"},"modified":"2026-01-14T07:34:12","modified_gmt":"2026-01-14T07:34:12","slug":"heineken-izpilddirektors-atkapjas-uznemumu-skar-krize","status":"publish","type":"post","link":"https:\/\/www.europesays.com\/lv\/103919\/","title":{"rendered":"Heineken izpilddirektors atk\u0101pjas: uz\u0146\u0113mumu skar kr\u012bze"},"content":{"rendered":"<p class=\"descr\">N\u012bderlandes alus ra\u017eot\u0101ja &#8220;Heineken&#8221; izpilddirektors Dolfs van den Brinks negaid\u012bti pazi\u0146ojis par atk\u0101p\u0161anos no amata laik\u0101, kad uz\u0146\u0113mums saskaras ar tirdzniec\u012bbas apjoma kritumu un veic darbavietu likvid\u0113\u0161anu.<\/p>\n<p class=\"descr\">N\u012bderlandes alus ra\u017eot\u0101ja &#8220;Heineken&#8221; izpilddirektors Dolfs van den Brinks negaid\u012bti pazi\u0146ojis par atk\u0101p\u0161anos no amata laik\u0101, kad uz\u0146\u0113mums saskaras ar tirdzniec\u012bbas apjoma kritumu un veic darbavietu likvid\u0113\u0161anu.<\/p>\n<p>P\u0113c teju se\u0161iem gadiem izpilddirektora amat\u0101 van den Brinks to pamet\u012bs 31. maij\u0101.<\/p>\n<p>&#8220;Uzskatu, ka pien\u0101cis \u012bstais br\u012bdis,&#8221; sac\u012bja 52 gadus vecais van den Brinks.<\/p>\n<p><a href=\"https:\/\/nra.lv\/bizness\/482632-vairak-neka-par-miljardu-pern-samazinajusies-heineken-pelna.htm\" data-item-link=\"true\" data-item-id=\"482632\" rel=\"nofollow noopener\" target=\"_blank\">&#8220;Heineken&#8221; ar vad\u012bbas mai\u0146u saskaras sare\u017e\u0123\u012bt\u0101 br\u012bd\u012b<\/a>, \u0146emot v\u0113r\u0101 straujo alus tirdzniec\u012bbas apjoma kritumu. T\u0101pat uz\u0146\u0113mums oktobr\u012b pazi\u0146oja, ka saist\u012bb\u0101 ar galven\u0101 p\u0101rvaldes biroja reorganiz\u0101ciju Amsterdam\u0101 likvid\u0113 vai p\u0101rce\u013c 400 darbavietas.<\/p>\n<p>&#8220;Heineken&#8221; ir pasaul\u0113 otrais liel\u0101kais alus ra\u017eot\u0101js, kas ra\u017eo un p\u0101rdod vair\u0101k nek\u0101 300 z\u012bmolu alu un sidru.<\/p>\n<p>\t\t\t\t\t\tinfo<\/p>\n<p>Uzzini pirmais<br \/>kas interesants noticis Latvij\u0101 un pasaul\u0113,<br \/>pievienojoties mums <a href=\"https:\/\/t.me\/neatkariga\" rel=\"nofollow\">Telegram<\/a> vai <a href=\"https:\/\/whatsapp.com\/channel\/0029VaMLFUH5K3zLU5s4wm3y\" rel=\"nofollow noopener\" target=\"_blank\">Whatsapp<\/a> kan\u0101l\u0101<\/p>\n","protected":false},"excerpt":{"rendered":"N\u012bderlandes alus ra\u017eot\u0101ja &#8220;Heineken&#8221; izpilddirektors Dolfs van den Brinks negaid\u012bti pazi\u0146ojis par atk\u0101p\u0161anos no amata laik\u0101, kad uz\u0146\u0113mums&hellip;\n","protected":false},"author":2,"featured_media":103920,"comment_status":"","ping_status":"","sticky":false,"template":"","format":"standard","meta":{"footnotes":""},"categories":[12],"tags":[23,28,29,32,33,22,30,31,35,39,38,36,37,34,40,20,26,27,24,25,21],"class_list":{"0":"post-103919","1":"post","2":"type-post","3":"status-publish","4":"format-standard","5":"has-post-thumbnail","7":"category-latvija","8":"tag-aktualitates","9":"tag-breaking-news","10":"tag-breakingnews","11":"tag-featured-news","12":"tag-featurednews","13":"tag-headlines","14":"tag-latest-news","15":"tag-latestnews","16":"tag-latvia","17":"tag-latvian","18":"tag-latviesu","19":"tag-latviesu-valoda","20":"tag-latviesuvaloda","21":"tag-latvija","22":"tag-lv","23":"tag-news","24":"tag-popularakas-zinas","25":"tag-popularakaszinas","26":"tag-top-stories","27":"tag-topstories","28":"tag-zinas"},"share_on_mastodon":{"url":"https:\/\/pubeurope.com\/@lv\/115892300275756257","error":""},"_links":{"self":[{"href":"https:\/\/www.europesays.com\/lv\/wp-json\/wp\/v2\/posts\/103919","targetHints":{"allow":["GET"]}}],"collection":[{"href":"https:\/\/www.europesays.com\/lv\/wp-json\/wp\/v2\/posts"}],"about":[{"href":"https:\/\/www.europesays.com\/lv\/wp-json\/wp\/v2\/types\/post"}],"author":[{"embeddable":true,"href":"https:\/\/www.europesays.com\/lv\/wp-json\/wp\/v2\/users\/2"}],"replies":[{"embeddable":true,"href":"https:\/\/www.europesays.com\/lv\/wp-json\/wp\/v2\/comments?post=103919"}],"version-history":[{"count":0,"href":"https:\/\/www.europesays.com\/lv\/wp-json\/wp\/v2\/posts\/103919\/revisions"}],"wp:featuredmedia":[{"embeddable":true,"href":"https:\/\/www.europesays.com\/lv\/wp-json\/wp\/v2\/media\/103920"}],"wp:attachment":[{"href":"https:\/\/www.europesays.com\/lv\/wp-json\/wp\/v2\/media?parent=103919"}],"wp:term":[{"taxonomy":"category","embeddable":true,"href":"https:\/\/www.europesays.com\/lv\/wp-json\/wp\/v2\/categories?post=103919"},{"taxonomy":"post_tag","embeddable":true,"href":"https:\/\/www.europesays.com\/lv\/wp-json\/wp\/v2\/tags?post=103919"}],"curies":[{"name":"wp","href":"https:\/\/api.w.org\/{rel}","templated":true}]}}