{"id":103921,"date":"2026-01-14T07:35:11","date_gmt":"2026-01-14T07:35:11","guid":{"rendered":"https:\/\/www.europesays.com\/lv\/103921\/"},"modified":"2026-01-14T07:35:11","modified_gmt":"2026-01-14T07:35:11","slug":"apstiprina-skaidrakus-un-vienkarsakus-nosacijumus-skolenu-uznemsanas-un-parcelsanas-kartiba","status":"publish","type":"post","link":"https:\/\/www.europesays.com\/lv\/103921\/","title":{"rendered":"Apstiprina skaidr\u0101kus un vienk\u0101r\u0161\u0101kus nosac\u012bjumus skol\u0113nu uz\u0146em\u0161anas un p\u0101rcel\u0161anas k\u0101rt\u012bb\u0101"},"content":{"rendered":"<p>Vec\u0101kiem un skol\u0113niem b\u016bs skaidr\u0101ka, taisn\u012bg\u0101ka un saprotam\u0101ka k\u0101rt\u012bba m\u0101c\u012bbu proces\u0101, preciz\u0113jot noteikumus, kas nosaka, k\u0101 b\u0113rni tiek uz\u0146emti skol\u0101, p\u0101rcelti n\u0101kamaj\u0101 klas\u0113 vai saglab\u0101 m\u0101c\u012bbu vietu \u012bpa\u0161\u0101s situ\u0101cij\u0101s. To paredz 2026. gada 13. janv\u0101r\u012b vald\u012bb\u0101 apstiprin\u0101tie Izgl\u012bt\u012bbas un zin\u0101tnes ministrijas (IZM) sagatavotie noteikumu groz\u012bjumi par k\u0101rt\u012bbu, k\u0101d\u0101 izgl\u012btojamie tiek uz\u0146emti visp\u0101r\u0113j\u0101s izgl\u012bt\u012bbas programm\u0101s un atskait\u012bti no t\u0101m, k\u0101 ar\u012b oblig\u0101t\u0101s pras\u012bbas izgl\u012btojamo p\u0101rcel\u0161anai n\u0101kamaj\u0101 klas\u0113.<\/p>\n<p>P\u0113d\u0113jo gadu laik\u0101 ir b\u016btiski main\u012bjusies \u0123ime\u0146u ikdiena un b\u0113rnu m\u0101c\u012bbu ce\u013ci. Aizvien bie\u017e\u0101k vec\u0101ki kop\u0101 ar b\u0113rniem uz laiku dz\u012bvo \u0101rvalst\u012bs vai b\u0113rniem ir nepiecie\u0161ama elast\u012bg\u0101ka pieeja m\u0101c\u012bbu organiz\u0113\u0161an\u0101. Tom\u0113r l\u012bdz\u0161in\u0113j\u0101 skol\u0113nu uz\u0146em\u0161anas, p\u0101rcel\u0161anas un atskait\u012b\u0161anas k\u0101rt\u012bba ne vienm\u0113r skaidri noteica, k\u0101 \u0161\u0101d\u0101s situ\u0101cij\u0101s r\u012bkoties.<\/p>\n<p>Rezult\u0101t\u0101 vien\u0101dos gad\u012bjumos da\u017e\u0101d\u0101s skol\u0101s tika pie\u0146emti at\u0161\u0137ir\u012bgi l\u0113mumi, kas rad\u012bja neskaidr\u012bbu, satraukumu un lieku birokr\u0101tiju vec\u0101kiem, k\u0101 ar\u012b apgr\u016btin\u0101ja skolu darbu. Tr\u016bka vienotas un saprotamas pieejas, kas vienlaikus aizsarg\u0101tu b\u0113rna intereses un dotu skol\u0101m skaidrus r\u012bc\u012bbas principus.<\/p>\n<p>Groz\u012bjumi noteikumos preciz\u0113 un ievie\u0161 jaunas normas attiec\u012bb\u0101 uz izgl\u012btojamo uz\u0146em\u0161anu pamatizgl\u012bt\u012bbas 7. klas\u0113 un br\u012bvaj\u0101s viet\u0101s 8.\u20139. klas\u0113, visp\u0101r\u0113j\u0101s vid\u0113j\u0101s izgl\u012bt\u012bbas 10. klas\u0113 un br\u012bvaj\u0101s viet\u0101s 11.\u201312. klas\u0113. Preciz\u0113t\u0101 k\u0101rt\u012bba nodro\u0161ina vienotu pieeju attiec\u012bb\u0101 uz izgl\u012btojamo uz\u0146em\u0161anu visp\u0101r\u0113j\u0101 vid\u0113j\u0101 izgl\u012bt\u012bb\u0101, k\u0101 ar\u012b valsts \u0123imn\u0101ziju pamatizgl\u012bt\u012bbas otraj\u0101 posm\u0101 un \u013cauj pa\u0161vald\u012bb\u0101m, kur\u0101s ir vair\u0101kas izgl\u012bt\u012bbas iest\u0101des, noteikt vienotu k\u0101rt\u012bbu.<\/p>\n<p>T\u0101pat groz\u012bjumi preciz\u0113 k\u0101rt\u012bbu iek\u013caujamo izgl\u012btojamo skaitu visp\u0101rizgl\u012btojo\u0161\u0101 klas\u0113, izgl\u012btojamo ar speci\u0101l\u0101m vajadz\u012bb\u0101m iek\u013cau\u0161anu visp\u0101rizgl\u012btojo\u0161\u0101 klas\u0113, nodro\u0161inot speci\u0101l\u0101s izgl\u012bt\u012bbas programmas apguvi. Izgl\u012bt\u012bbas kvalit\u0101tes nodro\u0161in\u0101\u0161anai preciz\u0113tas pras\u012bbas apvienot\u0101s klases organiz\u0113\u0161anai (ar iesp\u0113j\u0101m apvienot klases alternat\u012bvaj\u0101 pedago\u0123ij\u0101, ieslodz\u012bjuma viet\u0101s, speci\u0101lo programmu ar gar\u012bg\u0101s att\u012bst\u012bbas trauc\u0113jumiem un smagiem gar\u012bg\u0101s att\u012bst\u012bbas trauc\u0113jumiem \u012bsteno\u0161anai).<\/p>\n<p>Nodro\u0161in\u0101ta ar\u012b vienota pieeja attiec\u012bb\u0101 uz gada un p\u0113cp\u0101rbaud\u012bjumu v\u0113rt\u0113jumiem 4.\u20138. klas\u0113, k\u0101 ar\u012b gada un kursa v\u0113rt\u0113jumiem vid\u0113j\u0101 izgl\u012bt\u012bb\u0101, lai iev\u0113rotu b\u0113rnu lab\u0101k\u0101s intereses.<\/p>\n<p>Tiek preciz\u0113ti ar\u012b nosac\u012bjumi p\u0113cp\u0101rbaud\u012bjum\u0101 ieg\u016bt\u0101 v\u0113rt\u0113juma piel\u012bdzin\u0101\u0161anu gada v\u0113rt\u0113jumam, m\u0101c\u012bbu snieguma v\u0113rt\u0113juma apstr\u012bd\u0113\u0161anu un izgl\u012btojamo neatskait\u012b\u0161anu no izgl\u012bt\u012bbas iest\u0101des.<\/p>\n<p>Turpm\u0101k v\u0113rt\u0113juma apstr\u012bd\u0113\u0161anas gad\u012bjumu izskat\u012bs neatkar\u012bgi pedagogi, \u0146emot v\u0113r\u0101 m\u0101c\u012bbu priek\u0161meta skolot\u0101ja viedokli. T\u0101pat groz\u012bjumi paredz papildin\u0101t gad\u012bjumus, kad izgl\u012btojamajam saglab\u0101 vietu izgl\u012bt\u012bbas iest\u0101d\u0113 (valsts zin\u0101tnes att\u012bst\u012bbai un dal\u012bbai starptautisk\u0101s programm\u0101s).<\/p>\n<p>13.janv\u0101r\u012b apstiprin\u0101tie noteikumu groz\u012bjumi <a href=\"https:\/\/tapportals.mk.gov.lv\/legal_acts\/a27cd7ff-aecc-4598-aac7-e321db6acb0a\" target=\"_blank\" rel=\"nofollow noopener\">\u201cGroz\u012bjumi Ministru kabineta 2022. gada 11. janv\u0101ra noteikumos Nr.\u00a011 \u201cK\u0101rt\u012bba, k\u0101d\u0101 izgl\u012btojamie tiek uz\u0146emti visp\u0101r\u0113j\u0101s izgl\u012bt\u012bbas programm\u0101s un atskait\u012bti no t\u0101m, k\u0101 ar\u012b oblig\u0101t\u0101s pras\u012bbas izgl\u012btojamo p\u0101rcel\u0161anai n\u0101kamaj\u0101 klas\u0113\u201d<\/a> pieejami Ministru kabineta t\u012bmek\u013cvietn\u0113.<\/p>\n<p>          <img decoding=\"async\" src=\"https:\/\/www.europesays.com\/lv\/wp-content\/uploads\/2026\/01\/1767645852_487_logo-lv.png\" alt=\"\"\/><\/p>\n<p>                  \u0160\u012b inform\u0101cija ir publisks pazi\u0146ojums un neatspogu\u013co LV port\u0101la viedokli. Par t\u0101s saturu atbild ies\u016bt\u012bt\u0101js. <a data-popup=\"rules\">Public\u0113\u0161anas noteikumi<\/a><\/p>\n","protected":false},"excerpt":{"rendered":"Vec\u0101kiem un skol\u0113niem b\u016bs skaidr\u0101ka, taisn\u012bg\u0101ka un saprotam\u0101ka k\u0101rt\u012bba m\u0101c\u012bbu proces\u0101, preciz\u0113jot noteikumus, kas nosaka, k\u0101 b\u0113rni tiek&hellip;\n","protected":false},"author":2,"featured_media":103922,"comment_status":"","ping_status":"","sticky":false,"template":"","format":"standard","meta":{"footnotes":""},"categories":[5],"tags":[23,28,29,32,33,22,30,31,35,39,38,36,37,34,40,20,26,27,24,25,21],"class_list":{"0":"post-103921","1":"post","2":"type-post","3":"status-publish","4":"format-standard","5":"has-post-thumbnail","7":"category-aktualitates","8":"tag-aktualitates","9":"tag-breaking-news","10":"tag-breakingnews","11":"tag-featured-news","12":"tag-featurednews","13":"tag-headlines","14":"tag-latest-news","15":"tag-latestnews","16":"tag-latvia","17":"tag-latvian","18":"tag-latviesu","19":"tag-latviesu-valoda","20":"tag-latviesuvaloda","21":"tag-latvija","22":"tag-lv","23":"tag-news","24":"tag-popularakas-zinas","25":"tag-popularakaszinas","26":"tag-top-stories","27":"tag-topstories","28":"tag-zinas"},"share_on_mastodon":{"url":"https:\/\/pubeurope.com\/@lv\/115892304105677543","error":""},"_links":{"self":[{"href":"https:\/\/www.europesays.com\/lv\/wp-json\/wp\/v2\/posts\/103921","targetHints":{"allow":["GET"]}}],"collection":[{"href":"https:\/\/www.europesays.com\/lv\/wp-json\/wp\/v2\/posts"}],"about":[{"href":"https:\/\/www.europesays.com\/lv\/wp-json\/wp\/v2\/types\/post"}],"author":[{"embeddable":true,"href":"https:\/\/www.europesays.com\/lv\/wp-json\/wp\/v2\/users\/2"}],"replies":[{"embeddable":true,"href":"https:\/\/www.europesays.com\/lv\/wp-json\/wp\/v2\/comments?post=103921"}],"version-history":[{"count":0,"href":"https:\/\/www.europesays.com\/lv\/wp-json\/wp\/v2\/posts\/103921\/revisions"}],"wp:featuredmedia":[{"embeddable":true,"href":"https:\/\/www.europesays.com\/lv\/wp-json\/wp\/v2\/media\/103922"}],"wp:attachment":[{"href":"https:\/\/www.europesays.com\/lv\/wp-json\/wp\/v2\/media?parent=103921"}],"wp:term":[{"taxonomy":"category","embeddable":true,"href":"https:\/\/www.europesays.com\/lv\/wp-json\/wp\/v2\/categories?post=103921"},{"taxonomy":"post_tag","embeddable":true,"href":"https:\/\/www.europesays.com\/lv\/wp-json\/wp\/v2\/tags?post=103921"}],"curies":[{"name":"wp","href":"https:\/\/api.w.org\/{rel}","templated":true}]}}