{"id":103925,"date":"2026-01-14T07:39:11","date_gmt":"2026-01-14T07:39:11","guid":{"rendered":"https:\/\/www.europesays.com\/lv\/103925\/"},"modified":"2026-01-14T07:39:11","modified_gmt":"2026-01-14T07:39:11","slug":"cetriem-arzemniekiem-aizliedz-iecelosanu-latvija-tvnet","status":"publish","type":"post","link":"https:\/\/www.europesays.com\/lv\/103925\/","title":{"rendered":"\u010cetriem \u0101rzemniekiem aizliedz iece\u013co\u0161anu Latvij\u0101 &#8211; TVNET"},"content":{"rendered":"<ol>\n<li><a href=\"https:\/\/news.google.com\/rss\/articles\/CBMigwFBVV95cUxOd3BJVTZXN0l5UVAwUFhmYUJXdlQ4czZNYVBNam5WNTQzckNYSmJ4ZVJVakpTN1NoNTlFNWdfNi1HdC0xOGNpLXBmT3FLNkNDYVIwc2ZFRnh0NlAtV2FWRm85c2E3TklGTVlZeW10dERDNUpaYzRCUzd4elpZbnctM1FWZw?oc=5\" target=\"_blank\" rel=\"nofollow noopener\">\u010cetriem \u0101rzemniekiem aizliedz iece\u013co\u0161anu Latvij\u0101<\/a>&nbsp;&nbsp;TVNET<\/li>\n<li><a href=\"https:\/\/news.google.com\/rss\/articles\/CBMipgFBVV95cUxNRGpDOXR4MTA5eHBaTHVMSklxcGJWUTJLc1dxdEhCN0tsNU9OUW1uMTlINjNONGZmVThXcmR2ekM0c0FNSW5pbUJJNzBGQ0FLV3lxZlJPTnZFU2hDZTRIdTVYbDRjWW10MFZjTjNHQWk1Z013b2wyX3ZVZHozWjZ0alQ2MC1sRHY0aUpEUnowak5ldmRWc3BIOXh6U2lrdXlITXRtX0pR?oc=5\" target=\"_blank\" rel=\"nofollow noopener\">Robe\u017esardze regul\u0101ri saskaras ar m\u0113\u0123in\u0101jumiem boj\u0101t robe\u017eas infrastrukt\u016bru<\/a>&nbsp;&nbsp;TVNET<\/li>\n<li><a href=\"https:\/\/news.google.com\/rss\/articles\/CBMitwFBVV95cUxNSHg3dEl0emZiS0JHM3I5T0NkN202Mk5uSUVjNlhkVG5zVmp3bW1ZSmlXUF9TZzBSTTlRQjlMZ2hZdExocG1sOWRkQ1hLR3JuY0Y0d1BJMy03Y3Z1eXdrRGF6OXEtenE0LWJDQ0RDc0c2NUd4bjhSTWtRMFVPNGl1REZzV1o5ajlISC15bzJqNVJsMXUzNzlKUWVGWURPb3FXZFNGZmxOS2l5VEx3d1NhaGhKamZSX0k?oc=5\" target=\"_blank\" rel=\"nofollow noopener\">Imigranti regul\u0101ri boj\u0101 Latvijas robe\u017eas infrastrukt\u016bru. Puj\u0101ts: Ir vajadz\u012bgi uzlabojumi<\/a>&nbsp;&nbsp;tv3.lv<\/li>\n<li><a href=\"https:\/\/news.google.com\/rss\/articles\/CBMiywFBVV95cUxPU0JielluTTh2dE5jeFp4RXg3NzRrbkVtZ2ItWTBhWVlkV19ldm5TNE12aHhnOU5XcDAzWDFVSmRsMGtvVm56UERCb1FOVW1raGxRbTFGdjVRVDEtbzJwd2F1RzV6LWtKXy1mV2w2QTN6blQ0aUFwUkZXMlNtcnVLUFZoYUtKdEdOdHF2ajNPaUltZUxnUU0wbjRhNktFTTFjQ2QxRG1INWhFcVBBVGl5VGx5OXRwSUxiWW9POXRfQjEyejBQNnZyaHJIMA?oc=5\" target=\"_blank\" rel=\"nofollow noopener\">Janv\u0101ra pirmaj\u0101s 11 dien\u0101s Baltkrievijas-Latvijas robe\u017eu nelikum\u012bgi nav m\u0113\u0123in\u0101ts \u0161\u0137\u0113rsot<\/a>&nbsp;&nbsp;Lente.lv<\/li>\n<li><a href=\"https:\/\/news.google.com\/rss\/articles\/CBMitwFBVV95cUxPRENoN0JGbmRNWkl5TkVFM0s0WDNPQmMtTDNVUEFhendxOGlmd3JwdGdKZVFrOGlpV3J4SUFZdTEtWl8tOUlrN2ktQ3ZGN21xclJuZTZDeVVFRm1HSjlzbkNkeDdsY3hySWx5a1BfR1I2Sjk2Ri1sOTNMTi1HUnFha0lkaFVveG5yWlE2WUFLLWFOMHRBSnJaVTFGSDJHTUdoV0RBSjQwQ1lycWI3dDI5LUFjZXN3NlE?oc=5\" target=\"_blank\" rel=\"nofollow noopener\">Robe\u017esardzes bilance: 2025. gad\u0101 m\u0113\u0123in\u0101jumi nelikum\u012bgi iek\u013c\u016bt Latvij\u0101 pieaugu\u0161i divk\u0101rt<\/a>&nbsp;&nbsp;Dzentlmenis.lv<\/li>\n<\/ol>\n","protected":false},"excerpt":{"rendered":"\u010cetriem \u0101rzemniekiem aizliedz iece\u013co\u0161anu Latvij\u0101&nbsp;&nbsp;TVNET Robe\u017esardze regul\u0101ri saskaras ar m\u0113\u0123in\u0101jumiem boj\u0101t robe\u017eas infrastrukt\u016bru&nbsp;&nbsp;TVNET Imigranti regul\u0101ri boj\u0101 Latvijas robe\u017eas&hellip;\n","protected":false},"author":2,"featured_media":103926,"comment_status":"","ping_status":"","sticky":false,"template":"","format":"standard","meta":{"footnotes":""},"categories":[14],"tags":[23,57,625,28,29,32,33,22,30,31,35,39,38,36,37,34,40,7957,20,26,27,24,25,54,55,56,21,58],"class_list":{"0":"post-103925","1":"post","2":"type-post","3":"status-publish","4":"format-standard","5":"has-post-thumbnail","7":"category-zinas-no-arvalstim","8":"tag-aktualitates","9":"tag-arvalstim","10":"tag-austrumu-robeza","11":"tag-breaking-news","12":"tag-breakingnews","13":"tag-featured-news","14":"tag-featurednews","15":"tag-headlines","16":"tag-latest-news","17":"tag-latestnews","18":"tag-latvia","19":"tag-latvian","20":"tag-latviesu","21":"tag-latviesu-valoda","22":"tag-latviesuvaloda","23":"tag-latvija","24":"tag-lv","25":"tag-migracija","26":"tag-news","27":"tag-popularakas-zinas","28":"tag-popularakaszinas","29":"tag-top-stories","30":"tag-topstories","31":"tag-world","32":"tag-world-news","33":"tag-worldnews","34":"tag-zinas","35":"tag-zinas-no-arvalstim"},"share_on_mastodon":{"url":"https:\/\/pubeurope.com\/@lv\/115892319960208484","error":""},"_links":{"self":[{"href":"https:\/\/www.europesays.com\/lv\/wp-json\/wp\/v2\/posts\/103925","targetHints":{"allow":["GET"]}}],"collection":[{"href":"https:\/\/www.europesays.com\/lv\/wp-json\/wp\/v2\/posts"}],"about":[{"href":"https:\/\/www.europesays.com\/lv\/wp-json\/wp\/v2\/types\/post"}],"author":[{"embeddable":true,"href":"https:\/\/www.europesays.com\/lv\/wp-json\/wp\/v2\/users\/2"}],"replies":[{"embeddable":true,"href":"https:\/\/www.europesays.com\/lv\/wp-json\/wp\/v2\/comments?post=103925"}],"version-history":[{"count":0,"href":"https:\/\/www.europesays.com\/lv\/wp-json\/wp\/v2\/posts\/103925\/revisions"}],"wp:featuredmedia":[{"embeddable":true,"href":"https:\/\/www.europesays.com\/lv\/wp-json\/wp\/v2\/media\/103926"}],"wp:attachment":[{"href":"https:\/\/www.europesays.com\/lv\/wp-json\/wp\/v2\/media?parent=103925"}],"wp:term":[{"taxonomy":"category","embeddable":true,"href":"https:\/\/www.europesays.com\/lv\/wp-json\/wp\/v2\/categories?post=103925"},{"taxonomy":"post_tag","embeddable":true,"href":"https:\/\/www.europesays.com\/lv\/wp-json\/wp\/v2\/tags?post=103925"}],"curies":[{"name":"wp","href":"https:\/\/api.w.org\/{rel}","templated":true}]}}