{"id":103930,"date":"2026-01-14T07:42:09","date_gmt":"2026-01-14T07:42:09","guid":{"rendered":"https:\/\/www.europesays.com\/lv\/103930\/"},"modified":"2026-01-14T07:42:09","modified_gmt":"2026-01-14T07:42:09","slug":"riga-pirmizrade-lietuviesu-rezisora-kaupina-filmai-janvara-gaisma-par-1991-gada-vilnas-notikumiem-lente-lv","status":"publish","type":"post","link":"https:\/\/www.europesays.com\/lv\/103930\/","title":{"rendered":"R\u012bg\u0101 pirmizr\u0101de lietuvie\u0161u re\u017eisora Kaupi\u0146a filmai &#8220;Janv\u0101ra gaisma&#8221; par 1991. gada Vi\u013c\u0146as notikumiem\u00a0\u2014\u00a0Lente.lv"},"content":{"rendered":"<p>Jaun\u0101s filmas pirmizr\u0101de<\/p>\n<p>Kinote\u0101tr\u012b &#8220;Splendid Palace&#8221; 13. janv\u0101r\u012b pirmizr\u0101di piedz\u012bvoja lietuvie\u0161u re\u017eisora Karo\u013ca Kaupi\u0146a sp\u0113lfilma &#8220;Janv\u0101ra gaisma&#8221;. Filma v\u0113sta par trauksmainajiem notikumiem 1991. gada janv\u0101r\u012b, kad padomju armija Vi\u013c\u0146\u0101 cent\u0101s apspiest Lietuvas neatkar\u012bbas centienus. K\u0101 inform\u0113 port\u0101ls jauns.lv, filmas notikumu laiks un tematika cie\u0161i sasaucas ar Baltijas valstu v\u0113stures l\u016bguma br\u012bdi devi\u0146desmito gadu s\u0101kum\u0101, \u012bpa\u0161i akcent\u0113jot 1991. gada janv\u0101ra notikumus, kas k\u013cuvu\u0161i par simbolu c\u012b\u0146ai par br\u012bv\u012bbu, pilsoniskajai drosmei un sabiedr\u012bbas vienot\u012bbai. Lietuvas Republikas v\u0113stniece Latvij\u0101 Audrone Markevi\u010diene uzsv\u0113ra, ka &#8220;1991. gada 13. janv\u0101ris ir m\u016bsu cilv\u0113ku salied\u0113t\u012bbas un solidarit\u0101tes uzvara&#8221;.<\/p>\n<p>Filmas si\u017eets un v\u0113st\u012bjums<\/p>\n<p>Filmas centr\u0101 ir Lietuvas TV zvaigzne Daiva, kura zaud\u0113 darbu p\u0113c tam, kad telev\u012bzijas \u0113ku ie\u0146em padomju karav\u012bri. Nesp\u0113jot cit\u0101di padz\u012bt iebruc\u0113jus, vi\u0146a nolemj apmesties treiler\u012b pie okup\u0113t\u0101s \u0113kas un izsludin\u0101t badastreiku. S\u0101kotn\u0113ji streikam pievienojas vien da\u017ei cilv\u0113ki, un padomju karav\u012bri uz to nepiev\u0113r\u0161 nek\u0101du uzman\u012bbu. Jau p\u0113c diennakts k\u013c\u016bst skaidrs, ka c\u012b\u0146a par telev\u012bzijas atg\u016b\u0161anu ir gandr\u012bz bezcer\u012bga. Tom\u0113r, badam pie\u0146emoties sp\u0113k\u0101, streikot\u0101ji pamaz\u0101m saprot, ka paties\u012bb\u0101 vi\u0146i ilgojas p\u0113c atkl\u0101t\u012bbas un cilv\u0113cisk\u0101 siltuma. Re\u017eisors Karolis Kaupi\u0146\u0161 izmanto absurda dr\u0101mas \u017eanru, lai atspogu\u013cotu ne tikai politiskos notikumus, bet ar\u012b dzi\u013ci personisko, emocion\u0101lo cilv\u0113ka st\u0101vokli p\u0101rmai\u0146u laik\u0101.<\/p>\n<p>V\u0113sturiskais konteksts un cie\u0161\u0101 saikne ar Latvijas notikumiem<\/p>\n<p>Filmas notikumu laiks un tematika cie\u0161i sasaucas ar Baltijas valstu v\u0113stures l\u016bzuma br\u012bdi devi\u0146desmito gadu s\u0101kum\u0101, \u012bpa\u0161i ar 1991. gada janv\u0101ra notikumiem, kad notika barik\u0101\u017eu laiks gan Latvij\u0101, gan Lietuv\u0101. Filmas producente Aija B\u0113rzi\u0146a nor\u0101da, ka \u0161ie notikumi b\u016btiski ietekm\u0113ja abu valstu att\u012bst\u012bbu, un uzsver, ka \u0161\u012b pieredze ir svar\u012bga, un mums ir pien\u0101kums to nest pasaul\u0113, it \u012bpa\u0161i \u0161obr\u012bd, kad Ukrain\u0101 turpin\u0101s kar\u0161. Vi\u0146a piebilst, ka mums ir tie\u0161a v\u0113sturiska pieredze par to, ko noz\u012bm\u0113 saskarties ar agres\u012bvu Krievijas re\u017e\u012bmu, un mums ir iesp\u0113ja par to run\u0101t. Lai gan filma nav tie\u0161i par Latvijas barik\u0101d\u0113m, t\u0101s norises laiks ir tie\u0161i saist\u012bts ar \u0161o v\u0113sturisko notikumu. Latvij\u0101 \u0161is periods bija sevi\u0161\u0137i noz\u012bm\u012bgs, jo sabiedr\u012bba akt\u012bvi c\u012bn\u012bj\u0101s par savu neatkar\u012bbu pret padomju varu. Filmas si\u017eets par inform\u0101cijas blo\u0137\u0113\u0161anu un c\u012b\u0146u par paties\u012bbas atspogu\u013co\u0161anu rezon\u0113 ar t\u0101 laika notikumiem Latvij\u0101, kur telev\u012bzija k\u013cuva par vienu no inform\u0101cijas nes\u0113jiem un simboliem c\u012b\u0146ai par br\u012bv\u012bbu.<\/p>\n<p>Re\u017eisora Kaupi\u0146a iepriek\u0161\u0113jie darbi un filmas tap\u0161ana<\/p>\n<p>Re\u017eisors Karolis Kaupi\u0146\u0161 ir viens no jaun\u0101s paaudzes Baltijas autorkino re\u017eisoriem. Vi\u0146a debijas sp\u0113lfilma &#8220;Nova Lituania&#8221; (2019) tika izr\u0101d\u012bta Kannu kinofestiv\u0101l\u0101, ieguva vair\u0101kas balvas un tika izvirz\u012bta &#8220;Oskara&#8221; balvai 2021. gad\u0101. Ar\u012b Kaupi\u0146a \u012bsfilmas &#8220;The Noisemaker&#8221; (2014) un &#8220;Watchkeeping&#8221; (2017) ir starptautiski pla\u0161i nov\u0113rt\u0113tas. Filmas &#8220;Janv\u0101ra gaisma&#8221; produc\u0113\u0161an\u0101 piedal\u0101s &#8220;M-Films&#8221; (Lietuva), &#8220;Background Films&#8221; (\u010cehija) un &#8220;Tasse Film&#8221; (Latvija), un to atbalsta Lietuvas Kino centrs, \u010cehijas Kino fonds, Latvijas Nacion\u0101lais kinocentrs, &#8220;Creative Europe MEDIA&#8221;, Lietuvas Nacion\u0101lais radio un telev\u012bzija, &#8220;Eurimages&#8221; un Lietuvas Republikas v\u0113stniec\u012bba. Filmas izplat\u012bt\u0101js Latvij\u0101 ir &#8220;Baltic Content Media&#8221;. Filmas garums ir 90 min\u016btes un t\u0101 ori\u0123in\u0101lvaloda ir lietuvie\u0161u, ar krievu valodas fragmentiem, un tai ir latvie\u0161u subtitri.<\/p>\n<p>Pirmizr\u0101de un izplat\u012b\u0161ana Latvij\u0101<\/p>\n<p>Filmas &#8220;Janv\u0101ra gaisma&#8221; pirmizr\u0101de notika 13. janv\u0101r\u012b plkst. 19:00 kinote\u0101tr\u012b &#8220;Splendid Palace&#8221;. Savuk\u0101rt Latvijas kinote\u0101tros filma skat\u0101ma no 16. janv\u0101ra. 16. janv\u0101r\u012b plkst. 18:30 kinote\u0101tr\u012b &#8220;Forum Cinemas&#8221; notiks filmas &#8220;Janv\u0101ra gaisma&#8221; \u012bpa\u0161ais seanss, kur\u0101 p\u0113c filmas viesosies t\u0101s re\u017eisors Kaupi\u0146\u0161.<\/p>\n","protected":false},"excerpt":{"rendered":"Jaun\u0101s filmas pirmizr\u0101de Kinote\u0101tr\u012b &#8220;Splendid Palace&#8221; 13. janv\u0101r\u012b pirmizr\u0101di piedz\u012bvoja lietuvie\u0161u re\u017eisora Karo\u013ca Kaupi\u0146a sp\u0113lfilma &#8220;Janv\u0101ra gaisma&#8221;. Filma&hellip;\n","protected":false},"author":2,"featured_media":103931,"comment_status":"","ping_status":"","sticky":false,"template":"","format":"standard","meta":{"footnotes":""},"categories":[19],"tags":[25056,89,90,20826,20827,35,39,38,36,37,34,25057,40,25055],"class_list":{"0":"post-103930","1":"post","2":"type-post","3":"status-publish","4":"format-standard","5":"has-post-thumbnail","7":"category-izklaide","8":"tag-1991-gada-janvaris","9":"tag-entertainment","10":"tag-izklaide","11":"tag-janvara-gaisma","12":"tag-karolis-kaupinis","13":"tag-latvia","14":"tag-latvian","15":"tag-latviesu","16":"tag-latviesu-valoda","17":"tag-latviesuvaloda","18":"tag-latvija","19":"tag-lietuvas-neatkariba","20":"tag-lv","21":"tag-padomju-armijas-uzbrukums-vilnai"},"share_on_mastodon":{"url":"https:\/\/pubeurope.com\/@lv\/115892331646323719","error":""},"_links":{"self":[{"href":"https:\/\/www.europesays.com\/lv\/wp-json\/wp\/v2\/posts\/103930","targetHints":{"allow":["GET"]}}],"collection":[{"href":"https:\/\/www.europesays.com\/lv\/wp-json\/wp\/v2\/posts"}],"about":[{"href":"https:\/\/www.europesays.com\/lv\/wp-json\/wp\/v2\/types\/post"}],"author":[{"embeddable":true,"href":"https:\/\/www.europesays.com\/lv\/wp-json\/wp\/v2\/users\/2"}],"replies":[{"embeddable":true,"href":"https:\/\/www.europesays.com\/lv\/wp-json\/wp\/v2\/comments?post=103930"}],"version-history":[{"count":0,"href":"https:\/\/www.europesays.com\/lv\/wp-json\/wp\/v2\/posts\/103930\/revisions"}],"wp:featuredmedia":[{"embeddable":true,"href":"https:\/\/www.europesays.com\/lv\/wp-json\/wp\/v2\/media\/103931"}],"wp:attachment":[{"href":"https:\/\/www.europesays.com\/lv\/wp-json\/wp\/v2\/media?parent=103930"}],"wp:term":[{"taxonomy":"category","embeddable":true,"href":"https:\/\/www.europesays.com\/lv\/wp-json\/wp\/v2\/categories?post=103930"},{"taxonomy":"post_tag","embeddable":true,"href":"https:\/\/www.europesays.com\/lv\/wp-json\/wp\/v2\/tags?post=103930"}],"curies":[{"name":"wp","href":"https:\/\/api.w.org\/{rel}","templated":true}]}}