{"id":103932,"date":"2026-01-14T07:44:10","date_gmt":"2026-01-14T07:44:10","guid":{"rendered":"https:\/\/www.europesays.com\/lv\/103932\/"},"modified":"2026-01-14T07:44:10","modified_gmt":"2026-01-14T07:44:10","slug":"skoda-peaq-septinas-sedvietas-elektriska-piedzina-pirmizrade-sovasar","status":"publish","type":"post","link":"https:\/\/www.europesays.com\/lv\/103932\/","title":{"rendered":"\u0160koda Peaq \u2013 septi\u0146as s\u0113dvietas, elektrisk\u0101 piedzi\u0146a, pirmizr\u0101de \u0161ovasar"},"content":{"rendered":"<p>\u0160koda pazi\u0146ojis par jaunu elektrisk\u0101s piedzi\u0146as modeli Peaq, kas \u010dehu autora\u017eot\u0101ja mode\u013cu pied\u0101v\u0101jum\u0101 pild\u012bs flagma\u0146a lomu.<\/p>\n<p>Par jauno modeli v\u0113l nav daudz inform\u0101cijas \u2013 zin\u0101ms vien, ka t\u0101 b\u016bs ietilp\u012bga automa\u0161\u012bna ar septi\u0146\u0101m s\u0113dviet\u0101m un elektrisko piedzi\u0146u, kas rad\u012bta galven\u0101s dizaina l\u012bnijas aizg\u016bstot no konceptu\u0101l\u0101 mode\u013ca Vision 7S.<\/p>\n<p>Ra\u017eot\u0101js uzsver, ka jaun\u0101 \u0160koda pamat\u0101 ir pamat\u0101 z\u012bmola labi zin\u0101m\u0101s un p\u0101rbaud\u012bt\u0101s v\u0113rt\u012bbas: pla\u0161ums, praktiskums un komforts, turkl\u0101t t\u0101 nosaukums Peaq, jau pats par sevi nor\u0101da, ka jaunais modelis ie\u0146ems vietu mode\u013cu kl\u0101sta pa\u0161\u0101 virsotn\u0113.<\/p>\n<p>\u0160koda jaun\u0101 flagma\u0146a mode\u013ca pasaules pirmizr\u0101de ir pl\u0101nota 2026. gada vasar\u0101.<\/p>\n<p>Stingri aizliegts iAuto.lv public\u0113tos materi\u0101lus izmantot, kop\u0113t vai reproduc\u0113t citos interneta port\u0101los, masu inform\u0101cijas l\u012bdzek\u013cos vai k\u0101 cit\u0101di r\u012bkoties ar iAuto.lv public\u0113tajiem materi\u0101liem bez rakstiskas EON SIA at\u013caujas sa\u0146em\u0161anas.<\/p>\n","protected":false},"excerpt":{"rendered":"\u0160koda pazi\u0146ojis par jaunu elektrisk\u0101s piedzi\u0146as modeli Peaq, kas \u010dehu autora\u017eot\u0101ja mode\u013cu pied\u0101v\u0101jum\u0101 pild\u012bs flagma\u0146a lomu. Par jauno&hellip;\n","protected":false},"author":2,"featured_media":103933,"comment_status":"","ping_status":"","sticky":false,"template":"","format":"standard","meta":{"footnotes":""},"categories":[16],"tags":[77,76,25059,35,39,38,36,37,34,40,25060,25058],"class_list":{"0":"post-103932","1":"post","2":"type-post","3":"status-publish","4":"format-standard","5":"has-post-thumbnail","7":"category-bizness","8":"tag-bizness","9":"tag-business","10":"tag-elektriska-piedzina","11":"tag-latvia","12":"tag-latvian","13":"tag-latviesu","14":"tag-latviesu-valoda","15":"tag-latviesuvaloda","16":"tag-latvija","17":"tag-lv","18":"tag-pirmizrade-sovasar","19":"tag-skoda-peaq-septinas-sedvietas"},"share_on_mastodon":{"url":"https:\/\/pubeurope.com\/@lv\/115892339601323199","error":""},"_links":{"self":[{"href":"https:\/\/www.europesays.com\/lv\/wp-json\/wp\/v2\/posts\/103932","targetHints":{"allow":["GET"]}}],"collection":[{"href":"https:\/\/www.europesays.com\/lv\/wp-json\/wp\/v2\/posts"}],"about":[{"href":"https:\/\/www.europesays.com\/lv\/wp-json\/wp\/v2\/types\/post"}],"author":[{"embeddable":true,"href":"https:\/\/www.europesays.com\/lv\/wp-json\/wp\/v2\/users\/2"}],"replies":[{"embeddable":true,"href":"https:\/\/www.europesays.com\/lv\/wp-json\/wp\/v2\/comments?post=103932"}],"version-history":[{"count":0,"href":"https:\/\/www.europesays.com\/lv\/wp-json\/wp\/v2\/posts\/103932\/revisions"}],"wp:featuredmedia":[{"embeddable":true,"href":"https:\/\/www.europesays.com\/lv\/wp-json\/wp\/v2\/media\/103933"}],"wp:attachment":[{"href":"https:\/\/www.europesays.com\/lv\/wp-json\/wp\/v2\/media?parent=103932"}],"wp:term":[{"taxonomy":"category","embeddable":true,"href":"https:\/\/www.europesays.com\/lv\/wp-json\/wp\/v2\/categories?post=103932"},{"taxonomy":"post_tag","embeddable":true,"href":"https:\/\/www.europesays.com\/lv\/wp-json\/wp\/v2\/tags?post=103932"}],"curies":[{"name":"wp","href":"https:\/\/api.w.org\/{rel}","templated":true}]}}