{"id":103934,"date":"2026-01-14T07:45:10","date_gmt":"2026-01-14T07:45:10","guid":{"rendered":"https:\/\/www.europesays.com\/lv\/103934\/"},"modified":"2026-01-14T07:45:10","modified_gmt":"2026-01-14T07:45:10","slug":"situacija-tikai-pasliktinasies-kapec-2026-gads-var-klut-liktenigs-putinam","status":"publish","type":"post","link":"https:\/\/www.europesays.com\/lv\/103934\/","title":{"rendered":"\u201cSitu\u0101cija tikai pasliktin\u0101sies.\u201d K\u0101p\u0113c 2026. gads var k\u013c\u016bt likten\u012bgs Putinam"},"content":{"rendered":"<p>    <img decoding=\"async\" src=\"https:\/\/www.europesays.com\/lv\/wp-content\/uploads\/2025\/10\/1759497608_597_trump_putin_22681-1024x683.jpg\" alt=\"&#10;Vladimirs Putins un Donalds Tramps&#10;\"\/><\/p>\n<p>Vladimirs Putins un Donalds Tramps<\/p>\n<p>Foto. Scanpix\/AP Photo\/Jae C. Hong\n<\/p>\n<p>Kar\u0161 pret Ukrainu ilgst jau tikpat ilgi k\u0101 Padomju Savien\u012bbas milit\u0101r\u0101 kampa\u0146a Otraj\u0101 pasaules kar\u0101, ta\u010du par l\u012bdzv\u0113rt\u012bgiem pan\u0101kumiem \u0161obr\u012bd nav runas.<\/p>\n<p>        Las\u012bt\u0101kie<br \/>\n        <a data-imagesrc=\"{&quot;300&quot;:&quot;https:\\\/\\\/lastatic.ams3.cdn.digitaloceanspaces.com\\\/2026\\\/01\\\/pexels-andrew-hewitt-24040512-7595577-300x169.jpg&quot;,&quot;1024&quot;:&quot;https:\\\/\\\/lastatic.ams3.cdn.digitaloceanspaces.com\\\/2026\\\/01\\\/pexels-andrew-hewitt-24040512-7595577-1024x576.jpg&quot;,&quot;1536&quot;:&quot;https:\\\/\\\/lastatic.ams3.cdn.digitaloceanspaces.com\\\/2026\\\/01\\\/pexels-andrew-hewitt-24040512-7595577-1536x864.jpg&quot;,&quot;500&quot;:&quot;https:\\\/\\\/lastatic.ams3.cdn.digitaloceanspaces.com\\\/2026\\\/01\\\/pexels-andrew-hewitt-24040512-7595577-500x281.jpg&quot;,&quot;800&quot;:&quot;https:\\\/\\\/lastatic.ams3.cdn.digitaloceanspaces.com\\\/2026\\\/01\\\/pexels-andrew-hewitt-24040512-7595577-800x450.jpg&quot;,&quot;2560&quot;:&quot;https:\\\/\\\/lastatic.ams3.cdn.digitaloceanspaces.com\\\/2026\\\/01\\\/pexels-andrew-hewitt-24040512-7595577-scaled.jpg&quot;}\" data-focuspoint=\"&quot;&quot;\" data-p=\"2493671\" href=\"https:\/\/www.la.lv\/sis-zodiaka-zimes-saskaras-ar-pagrieziena-punktu-dzive-tam-nekad-vairs-nebus-tada-ka-lidz-sim\" class=\"content-item lazy-load\" wp_automatic_readability=\"27\" rel=\"nofollow noopener\" target=\"_blank\"><\/p>\n<p>                                <img decoding=\"async\" src=\"\" alt=\"\" style=\"\" data-imageid=\"\"\/><\/p>\n<p>                                Kokteilis<\/p>\n<p>\n                                                \u0160\u012bs zodiaka z\u012bmes saskaras ar pagrieziena punktu: dz\u012bve t\u0101m nekad vairs neb\u016bs t\u0101da, k\u0101 l\u012bdz \u0161im\n                            <\/p>\n<p><\/a><a data-imagesrc=\"{&quot;300&quot;:&quot;https:\\\/\\\/lastatic.ams3.cdn.digitaloceanspaces.com\\\/2026\\\/01\\\/FotoJet-5-300x200.jpg&quot;,&quot;1024&quot;:&quot;https:\\\/\\\/lastatic.ams3.cdn.digitaloceanspaces.com\\\/2026\\\/01\\\/FotoJet-5-1024x683.jpg&quot;,&quot;1536&quot;:&quot;https:\\\/\\\/lastatic.ams3.cdn.digitaloceanspaces.com\\\/2026\\\/01\\\/FotoJet-5-1536x1024.jpg&quot;,&quot;500&quot;:&quot;https:\\\/\\\/lastatic.ams3.cdn.digitaloceanspaces.com\\\/2026\\\/01\\\/FotoJet-5-500x333.jpg&quot;,&quot;800&quot;:&quot;https:\\\/\\\/lastatic.ams3.cdn.digitaloceanspaces.com\\\/2026\\\/01\\\/FotoJet-5-800x533.jpg&quot;,&quot;1800&quot;:&quot;https:\\\/\\\/lastatic.ams3.cdn.digitaloceanspaces.com\\\/2026\\\/01\\\/FotoJet-5.jpg&quot;}\" data-focuspoint=\"&quot;&quot;\" data-p=\"2491277\" href=\"https:\/\/www.la.lv\/vecums-nav-spriedums-5-pazimes-kas-liecina-ka-jus-novecojat-loti-veiksmigi\" class=\"content-item lazy-load\" wp_automatic_readability=\"27\" rel=\"nofollow noopener\" target=\"_blank\"><\/p>\n<p>                                <img decoding=\"async\" src=\"\" alt=\"\" style=\"\" data-imageid=\"\"\/><\/p>\n<p>\n                                                Vecums nav spriedums: 5 paz\u012bmes, kas liecina, ka j\u016bs novecojat \u013coti veiksm\u012bgi\n                            <\/p>\n<p><\/a><a data-imagesrc=\"{&quot;300&quot;:&quot;https:\\\/\\\/lastatic.ams3.cdn.digitaloceanspaces.com\\\/2026\\\/01\\\/LET_21079616-300x196.jpg&quot;,&quot;1024&quot;:&quot;https:\\\/\\\/lastatic.ams3.cdn.digitaloceanspaces.com\\\/2026\\\/01\\\/LET_21079616-1024x670.jpg&quot;,&quot;1536&quot;:&quot;https:\\\/\\\/lastatic.ams3.cdn.digitaloceanspaces.com\\\/2026\\\/01\\\/LET_21079616-1536x1005.jpg&quot;,&quot;500&quot;:&quot;https:\\\/\\\/lastatic.ams3.cdn.digitaloceanspaces.com\\\/2026\\\/01\\\/LET_21079616-500x327.jpg&quot;,&quot;800&quot;:&quot;https:\\\/\\\/lastatic.ams3.cdn.digitaloceanspaces.com\\\/2026\\\/01\\\/LET_21079616-800x523.jpg&quot;,&quot;2560&quot;:&quot;https:\\\/\\\/lastatic.ams3.cdn.digitaloceanspaces.com\\\/2026\\\/01\\\/LET_21079616-scaled.jpg&quot;}\" data-focuspoint=\"&quot;&quot;\" data-p=\"2489693\" href=\"https:\/\/www.la.lv\/nebija-nekadu-bridinajuma-zimju-kamer-gimene-meza-bauda-ziemas-priekus-mednieki-blakus-sauj\" class=\"content-item lazy-load\" wp_automatic_readability=\"27\" rel=\"nofollow noopener\" target=\"_blank\"><\/p>\n<p>                                <img decoding=\"async\" src=\"\" alt=\"\" style=\"\" data-imageid=\"\"\/><\/p>\n<p>\n                                                \u201cNebija nek\u0101du br\u012bdin\u0101juma z\u012bmju!\u201d Kam\u0113r \u0123imene me\u017e\u0101 bauda ziemas priekus, mednieki blakus \u0161auj\n                            <\/p>\n<p><\/a><br \/>\n        <a class=\"read-more\" href=\"https:\/\/www.la.lv\/top\" rel=\"nofollow noopener\" target=\"_blank\">Las\u012bt citas zi\u0146as<\/a><\/p>\n<p>Kam\u0113r Krievijas armija kar\u0101 pret Ukrainu iestigusi poz\u012bciju c\u012b\u0146\u0101s, ASV demonstr\u0113 \u0101tras un prec\u012bzas milit\u0101r\u0101s oper\u0101cijas, bet Krievijas ekonomika turpina v\u0101jin\u0101ties.<\/p>\n<p>Krievijas prezidentam Vladimiram Putinam 2026. gads var\u0113tu k\u013c\u016bt v\u0113l sare\u017e\u0123\u012bt\u0101ks. Past\u0101v pamatotas aizdomas, ka ir vair\u0101ki faktori, kas var piespiest Krem\u013ca vad\u012bt\u0101ju iesaist\u012bties re\u0101l\u0101s miera sarun\u0101s.<\/p>\n<p>2026. gads Putinam ies\u0101cies neveiksm\u012bgi<br \/>\n    CITI \u0160OBR\u012aD LASA<\/p>\n<p>\u0160is gads Putinam ir s\u0101cies \u012bpa\u0161i slikti. 11. janv\u0101r\u012b kar\u0161 Ukrain\u0101 sasniedza 1418. dienu \u2013 tie\u0161i tik ilgi ilga Padomju Savien\u012bbas karadarb\u012bba Otraj\u0101 pasaules kar\u0101, saska\u0146\u0101 ar padomju terminolo\u0123iju. \u0160aj\u0101 laik\u0101 Sta\u013cina armijai izdev\u0101s ie\u0146emt Berl\u012bni, kam\u0113r pa\u0161reiz\u0113jie Krem\u013ca sasniegumi izskat\u0101s iev\u0113rojami pietic\u012bg\u0101ki.<\/p>\n<p>P\u0113d\u0113j\u0101 gada laik\u0101 Krievijas sp\u0113ki ie\u0146\u0113mu\u0161i maz\u0101k nek\u0101 1% Ukrainas teritorijas. Ja situ\u0101cija saglab\u0101sies l\u012bdz\u0161in\u0113j\u0101 temp\u0101, Krievijai b\u016bs nepiecie\u0161ams v\u0113l vismaz gads, lai sasniegtu Do\u0146eckas apgabala administrat\u012bv\u0101s robe\u017eas un nodibin\u0101tu kontroli p\u0101r teritorij\u0101m, kuras Putins min k\u0101 savus miera nosac\u012bjumus.<\/p>\n<p>Maduro sag\u016bst\u012b\u0161ana \u2013 trieciens Krievijas armijas t\u0113lam<\/p>\n<p>3. janv\u0101r\u012b ASV sp\u0113ki \u0101tri un efekt\u012bvi aiztur\u0113ja Venecu\u0113las diktatoru Nikolasu Maduro un vi\u0146a sievu, radot v\u0113l vienu triecienu Krievijas milit\u0101rajam t\u0113lam un demonstr\u0113jot Maskavas v\u0101jumu.<\/p>\n<p>\u201cAmerik\u0101\u0146u spo\u017eie pan\u0101kumi, izmantojot Venecu\u0113lu k\u0101 piem\u0113ru tam, k\u0101 paties\u012bb\u0101 izskat\u0101s \u201c\u012bpa\u0161\u0101 milit\u0101r\u0101 oper\u0101cija\u201d, v\u0113l vair\u0101k demoraliz\u0113 krievus \u2013 gan parastos pilso\u0146us, gan eliti.<\/p>\n<p>Kontrasts starp amerik\u0101\u0146u milit\u0101ro un izl\u016bkdienestu efektivit\u0101ti un Krievijas strukt\u016bru neefektivit\u0101ti ir p\u0101r\u0101k ac\u012bmredzams,\u201d nor\u0101d\u012bjis krievu politiskais anal\u012bti\u0137is Abass Galjamovs.<\/p>\n<p>Situ\u0101ciju Kremlim v\u0113l vair\u0101k sare\u017e\u0123\u012b fakts, ka Maduro tika uzskat\u012bts par vienu no Maskavas tuv\u0101kajiem sabiedrotajiem.<\/p>\n<p>Naftas tankku\u0123a p\u0101rtver\u0161ana \u2013 v\u0113l viens s\u0101p\u012bgs trieciens<\/p>\n<p>V\u0113l viens trieciens Putinam sekoja 7. janv\u0101r\u012b, kad ASV p\u0101rtv\u0113ra sankcion\u0113tu Krievijas naftas tankku\u0123i net\u0101lu no Islandes, neraugoties uz to, ka ku\u0123i pavad\u012bja Krievijas flote.<\/p>\n<p>\u0160is incidents uzskat\u0101mi par\u0101d\u012bja, ka Krievijas milit\u0101r\u0101 kl\u0101tb\u016btne vairs negarant\u0113 dro\u0161\u012bbu pat saviem strat\u0113\u0123iski noz\u012bm\u012bgajiem ku\u0123iem.<\/p>\n<p>Kozaka reformu pl\u0101ns un plaisas Kreml\u012b<\/p>\n<p>Putina poz\u012bcijas v\u0113l vair\u0101k sare\u017e\u0123\u012b iek\u0161politiskie procesi. Vi\u0146a ilggad\u0113jais sabiedrotais Dmitrijs Kozaks, kur\u0161 nesen atk\u0101p\u0101s no amata saist\u012bb\u0101 ar karu Ukrain\u0101, k\u0101d\u0101 ietekm\u012bg\u0101 Krievijas medij\u0101 atkl\u0101ja v\u0113rien\u012bgu reformu pl\u0101nu.<\/p>\n<p>Krievijas politikas eksperts O\u013cegs Ivanovs dokumentu raksturoja k\u0101 p\u0101rsteidzo\u0161i drosm\u012bgu: \u201cB\u016bt\u012bb\u0101 t\u0101 ir programma galveno valsts instit\u016bciju dzi\u013cai p\u0101rveidei, kas paredz\u0113ta, lai rea\u0123\u0113tu gan uz glob\u0101lajiem, gan iek\u0161politiskajiem izaicin\u0101jumiem.\u201d<\/p>\n<p>Lai gan Putins joproj\u0101m sp\u0113j apklusin\u0101t kriti\u0137us, ir v\u0113rts atcer\u0113ties, ka 2022. gada febru\u0101r\u012b vi\u0146\u0161 nebija vien\u012bgais Dro\u0161\u012bbas padomes loceklis, kur\u0161 br\u012bdin\u0101ja par iebrukuma sek\u0101m.<\/p>\n<p>Kar\u0161 Krievijai izmaks\u0101 p\u0101r\u0101k d\u0101rgi<\/p>\n<p>Neapmierin\u0101t\u012bba pieaug pat to cilv\u0113ku vid\u016b, kuri iepriek\u0161 atbalst\u012bja karu. Kar\u0161 pret Ukrainu Krievijai ir k\u013cuvis \u0101rk\u0101rt\u012bgi d\u0101rgs. Saska\u0146\u0101 ar izdevuma \u201cThe Economist\u201d datiem, laika posm\u0101 no 2025. gada s\u0101kuma l\u012bdz oktobra vidum kar\u0101 nogalin\u0101ti vismaz 100 000 Krievijas karav\u012bru.<\/p>\n<p>Tradicion\u0101l\u0101 frontes l\u012bnija faktiski vairs nepast\u0101v \u2013 to aizst\u0101j t\u0101 d\u0113v\u0113t\u0101 \u201cn\u0101ves zona\u201d, kur droni ab\u0101s pus\u0113s padara l\u012bdz pat 80% tehnikas un person\u0101la nefunkcion\u0113jo\u0161u.<\/p>\n<p>2025. gad\u0101 Krievijas milit\u0101rie izdevumi sasniedza aptuveni 15,5 triljonus rub\u013cu \u2013 piecas reizes vair\u0101k nek\u0101 2021. gad\u0101. \u0160ie skait\u013ci neietver okup\u0113to Ukrainas teritoriju uztur\u0113\u0161anas izmaksas un soci\u0101los pabalstus karav\u012briem un vi\u0146u \u0123imen\u0113m.<\/p>\n<p>Tikm\u0113r ie\u0146\u0113mumi no naftas un g\u0101zes eksporta 2025. gada novembr\u012b samazin\u0101j\u0101s par 34% sal\u012bdzin\u0101jum\u0101 ar iepriek\u0161\u0113jo gadu. Lai segtu rekordlielo bud\u017eeta defic\u012btu \u2013 aptuveni 72 miljardus ASV dol\u0101ru jeb 2,6% no IKP, varas iest\u0101des no 1. janv\u0101ra paaugstin\u0101ja PVN no 20% l\u012bdz 22%.<\/p>\n<p>\u0160is l\u0113mums tie\u0161i sk\u0101ra iedz\u012bvot\u0101jus, palielinot dz\u012bves d\u0101rdz\u012bbu un v\u0113lmi redz\u0113t kara beigas. Dati liecina par krasu sabiedr\u012bbas noska\u0146ojuma mai\u0146u \u2013 ja 2024. gada decembr\u012b 37% atbalst\u012bja kara turpin\u0101\u0161anu, tad gadu v\u0113l\u0101k \u0161o viedokli pauda vien 25%, kam\u0113r 67% iedz\u012bvot\u0101ju atbalst\u012bja miera sarunas.<\/p>\n<p>Augst\u0101s procentu likmes un stingr\u0101 monet\u0101r\u0101 politika faktiski paraliz\u0113ju\u0161as invest\u012bciju vidi. Pat Kremlim loj\u0101lais oligarhs O\u013cegs Deripaska publiski dal\u012bj\u0101s ar Krievijas laikraksta redakcijas rakstu, kur\u0101 asi kritiz\u0113ta vald\u012bbas nesp\u0113ja rad\u012bt norm\u0101lu invest\u012bciju klimatu. Turkl\u0101t elites neapmierin\u0101t\u012bbu pastiprina ar\u012b priv\u0101to kontu blo\u0137\u0113\u0161ana Eiropas bank\u0101s.<\/p>\n<p>Sabiedrotie un oligarhi Putinam rada spiedienu<\/p>\n<p>8. janv\u0101r\u012b Maskava stingri noraid\u012bja Eiropas un Ukrainas iniciat\u012bvu par miera uztur\u0113\u0161anas kontingenta izvieto\u0161anu, lai nodro\u0161in\u0101tu pamieru. Taj\u0101 pa\u0161\u0101 nakt\u012b Krievijas armija uzs\u0101ka sp\u0113c\u012bgu triecienu \u013bvovas apgabalam, atk\u0101rtoti izmantojot hiperska\u0146as ballistisko ra\u0137eti \u201cOre\u0161\u0146ik\u201d.<\/p>\n<p>Tom\u0113r, neskatoties uz re\u017e\u012bma sp\u0113ju apspiest protestus ar represij\u0101m, Putins nevar bezgal\u012bgi karot bez sava tuv\u0101k\u0101 loka atbalsta. Ja ASV turpin\u0101s nodro\u0161in\u0101t Ukrainai efekt\u012bvus l\u012bdzek\u013cus c\u012b\u0146ai pret droniem un ra\u0137et\u0113m, Kremlis var non\u0101kt situ\u0101cij\u0101, kur\u0101 kara noguru\u0161ie sabiedrotie un ar tiem saist\u012btie oligarhi piespied\u012bs Putinu piekrist miera sarun\u0101m Ukrainai pie\u0146emamos nosac\u012bjumos.<\/p>\n<p>Britu milit\u0101rais eksperts Gami\u0161s de Bretons-Gordons uzskata, ka miera l\u012bgums ar Ukrainu \u0161obr\u012bd ir lab\u0101kais scen\u0101rijs Krievijai, jo situ\u0101cija tikai pasliktin\u0101sies.<\/p>\n<p>Kremlis dr\u012bzum\u0101 var saskarties ar kritisku resursu un person\u0101la tr\u016bkumu, un br\u012bd\u012b, kad uz fronti s\u0101ks masveid\u0101 s\u016bt\u012bt Maskavas un Sanktp\u0113terburgas eliti, oligarhu vid\u016b var s\u0101kties atkl\u0101tas diskusijas par kara j\u0113gu.<\/p>\n<p>Augstas infl\u0101cijas un procentu likmju apst\u0101k\u013cos Krievijas kara ma\u0161\u012bna var apst\u0101ties \u0101tr\u0101k, nek\u0101 Kremlis \u0161obr\u012bd ir gatavs to atz\u012bt.<\/p>\n<p>Raksts sagatavots p\u0113c \u0101rzemju preses materi\u0101liem.<\/p>\n<p>T\u0113mas<\/p>\n<p>    SAIST\u012aTIE RAKSTI<\/p>\n","protected":false},"excerpt":{"rendered":"Vladimirs Putins un Donalds Tramps Foto. Scanpix\/AP Photo\/Jae C. Hong Kar\u0161 pret Ukrainu ilgst jau tikpat ilgi k\u0101&hellip;\n","protected":false},"author":2,"featured_media":10132,"comment_status":"","ping_status":"","sticky":false,"template":"","format":"standard","meta":{"footnotes":""},"categories":[14],"tags":[23,57,28,29,32,33,22,30,31,35,39,38,36,37,34,40,20,26,27,24,25,54,55,56,21,58],"class_list":{"0":"post-103934","1":"post","2":"type-post","3":"status-publish","4":"format-standard","5":"has-post-thumbnail","7":"category-zinas-no-arvalstim","8":"tag-aktualitates","9":"tag-arvalstim","10":"tag-breaking-news","11":"tag-breakingnews","12":"tag-featured-news","13":"tag-featurednews","14":"tag-headlines","15":"tag-latest-news","16":"tag-latestnews","17":"tag-latvia","18":"tag-latvian","19":"tag-latviesu","20":"tag-latviesu-valoda","21":"tag-latviesuvaloda","22":"tag-latvija","23":"tag-lv","24":"tag-news","25":"tag-popularakas-zinas","26":"tag-popularakaszinas","27":"tag-top-stories","28":"tag-topstories","29":"tag-world","30":"tag-world-news","31":"tag-worldnews","32":"tag-zinas","33":"tag-zinas-no-arvalstim"},"share_on_mastodon":{"url":"https:\/\/pubeurope.com\/@lv\/115892343706751101","error":""},"_links":{"self":[{"href":"https:\/\/www.europesays.com\/lv\/wp-json\/wp\/v2\/posts\/103934","targetHints":{"allow":["GET"]}}],"collection":[{"href":"https:\/\/www.europesays.com\/lv\/wp-json\/wp\/v2\/posts"}],"about":[{"href":"https:\/\/www.europesays.com\/lv\/wp-json\/wp\/v2\/types\/post"}],"author":[{"embeddable":true,"href":"https:\/\/www.europesays.com\/lv\/wp-json\/wp\/v2\/users\/2"}],"replies":[{"embeddable":true,"href":"https:\/\/www.europesays.com\/lv\/wp-json\/wp\/v2\/comments?post=103934"}],"version-history":[{"count":0,"href":"https:\/\/www.europesays.com\/lv\/wp-json\/wp\/v2\/posts\/103934\/revisions"}],"wp:featuredmedia":[{"embeddable":true,"href":"https:\/\/www.europesays.com\/lv\/wp-json\/wp\/v2\/media\/10132"}],"wp:attachment":[{"href":"https:\/\/www.europesays.com\/lv\/wp-json\/wp\/v2\/media?parent=103934"}],"wp:term":[{"taxonomy":"category","embeddable":true,"href":"https:\/\/www.europesays.com\/lv\/wp-json\/wp\/v2\/categories?post=103934"},{"taxonomy":"post_tag","embeddable":true,"href":"https:\/\/www.europesays.com\/lv\/wp-json\/wp\/v2\/tags?post=103934"}],"curies":[{"name":"wp","href":"https:\/\/api.w.org\/{rel}","templated":true}]}}