{"id":103935,"date":"2026-01-14T07:46:09","date_gmt":"2026-01-14T07:46:09","guid":{"rendered":"https:\/\/www.europesays.com\/lv\/103935\/"},"modified":"2026-01-14T07:46:09","modified_gmt":"2026-01-14T07:46:09","slug":"valdiba-gatava-piedalities-gora-parvaldiba-bet-ne-atbrivot-pasvaldibu-no-atbildibas","status":"publish","type":"post","link":"https:\/\/www.europesays.com\/lv\/103935\/","title":{"rendered":"Vald\u012bba gatava piedal\u012bties &#8220;Gora&#8221; p\u0101rvald\u012bb\u0101, bet ne atbr\u012bvot pa\u0161vald\u012bbu no atbild\u012bbas"},"content":{"rendered":"<p>Vald\u012bba ir gatava nepiecie\u0161am\u012bbas gad\u012bjum\u0101 piedal\u012bties &#8220;Austrumlatvijas koncertz\u0101les&#8221; jeb &#8220;Gora&#8221; p\u0101rvald\u012bb\u0101, bet nevajadz\u0113tu pie\u013caut, ka R\u0113zeknes pa\u0161vald\u012bba to izmanto, lai atbr\u012bvotos no atbild\u012bbas, intervij\u0101 Latvijas Telev\u012bzijas raid\u012bjumam &#8220;R\u012bta panor\u0101ma&#8221; sac\u012bja Ministru prezidente <a rel=\"noopener nofollow\" target=\"_blank\" href=\"https:\/\/www.delfi.lv\/temas\/55877428\/evika-silina\" tag-id=\"55877428\">Evika Sili\u0146a<\/a> (JV).<\/p>\n<p>Premjere atg\u0101din\u0101ja, ka vald\u012bba jau p\u0113rn\u0101 gada izska\u0146\u0101 deva mand\u0101tu Kult\u016bras ministrijai (KM) v\u0113rt\u0113t un risin\u0101t situ\u0101ciju saist\u012bb\u0101 ar &#8220;Gora&#8221; p\u0101rvald\u012bbu. Vi\u0146aspr\u0101t, p\u0113k\u0161\u0146\u0101 vad\u012bbas nomai\u0146a neliecina, ka ar koncertz\u0101les p\u0101rvald\u012bbu viss b\u016btu vislab\u0101kaj\u0101 k\u0101rt\u012bb\u0101.<\/p>\n<p>Vald\u012bbas vad\u012bt\u0101ja uzskata, ka p\u0101r\u0146emt iest\u0101di valsts \u012bpa\u0161um\u0101 b\u016btu vienk\u0101r\u0161\u0101kais ce\u013c\u0161, bet vienlaikus ir j\u0101v\u0113rt\u0113, ko pa\u0161vald\u012bba ir izdar\u012bjusi koncertz\u0101les att\u012bst\u012bb\u0101 un vai t\u0101s veikt\u0101s p\u0101rvald\u012b\u0161anas un apsaimnieko\u0161anas darb\u012bbas ir biju\u0161as pilnv\u0113rt\u012bgas un v\u0113rstas uz nacion\u0101lo v\u0113rt\u012bbu sarg\u0101\u0161anu un populariz\u0113\u0161anu.<\/p>\n<p>Lasiet ar\u012b<\/p>\n<p><a href=\"https:\/\/www.delfi.lv\/kultura\/32026447\/culturenvironment\/120101886\/bijusi-gora-vaditaja-atbalsta-koncertzales-parnemsanu-valsts-parvaldiba\" class=\"headline__image-link\" itemprop=\"url\" rel=\"nofollow noopener\" target=\"_blank\"><img decoding=\"async\" loading=\"lazy\" itemprop=\"image\" src=\"https:\/\/www.europesays.com\/lv\/wp-content\/uploads\/2025\/12\/5b2d7118-4511-4bcf-99d6-8eb7d041657a.jpg\" alt=\"Bijus\u012b &quot;Gora&quot; vad\u012bt\u0101ja atbalsta koncertz\u0101les p\u0101r\u0146em\u0161anu valsts p\u0101rvald\u012bb\u0101\" title=\"Bijus\u012b &quot;Gora&quot; vad\u012bt\u0101ja atbalsta koncertz\u0101les p\u0101r\u0146em\u0161anu valsts p\u0101rvald\u012bb\u0101\" class=\"headline__image img-fluid w-100\"\/><\/a><a href=\"https:\/\/www.delfi.lv\/kultura\/32026447\/culturenvironment\/120101815\/vai-dzintaru-koncertzali-gaida-gora-liktenis-meginam-rast-atbildes-uz-vienkarsiem-jautajumiem\" class=\"headline__image-link\" itemprop=\"url\" rel=\"nofollow noopener\" target=\"_blank\"><img decoding=\"async\" loading=\"lazy\" itemprop=\"image\" src=\"https:\/\/www.europesays.com\/lv\/wp-content\/uploads\/2026\/01\/2a1a8a62-1cb3-466f-abca-1d39e5063fd5.jpg\" alt=\"Dzintaru koncertz\u0101le birokr\u0101tijas d\u017eung\u013cos. M\u0113\u0123in\u0101m rast atbildes uz vienk\u0101r\u0161iem jaut\u0101jumiem\" title=\"Dzintaru koncertz\u0101le birokr\u0101tijas d\u017eung\u013cos. M\u0113\u0123in\u0101m rast atbildes uz vienk\u0101r\u0161iem jaut\u0101jumiem\" class=\"headline__image img-fluid w-100\"\/><\/a><\/p>\n<p>Sili\u0146a prognoz\u0113, ka &#8220;Gora&#8221; turpm\u0101k\u0101s p\u0101rvald\u012bbas jaut\u0101jum\u0101 KM un vald\u012bba pied\u0101v\u0101s da\u017e\u0101dus scen\u0101rijus, vispirms \u013caujot pa\u0161vald\u012bbai labpr\u0101t\u012bgi vienoties par k\u0101du no tiem. &#8220;M\u0113s esam gatav\u012bbas pilni, bet m\u0113s ar\u012b v\u0113lamies, lai pa\u0161vald\u012bba uz\u0146emas atbild\u012bbu, lai nav t\u0101, ka pa\u0161vald\u012bba vienk\u0101r\u0161i atsak\u0101s no atbild\u012bbas un tad valsts risina visas neatrisin\u0101t\u0101s pa\u0161vald\u012bbas probl\u0113mas. M\u0113s esam ar\u012b to izrun\u0101ju\u0161i, un tur r\u012bc\u012bba b\u016bs,&#8221; sol\u012bja Ministru prezidente.<\/p>\n<p>K\u0101 zi\u0146ots, KM l\u012bdz janv\u0101ra beig\u0101m ir j\u0101izstr\u0101d\u0101 informat\u012bvais zi\u0146ojums par p\u0101rrunu rezult\u0101tiem ar R\u0113zeknes pa\u0161vald\u012bbu un izv\u0113rt\u0113tiem iesp\u0113jamiem risin\u0101jumiem &#8220;Austrumlatvijas koncertz\u0101les&#8221; jeb &#8220;Gora&#8221; jaut\u0101jum\u0101, pirmdien p\u0113c vald\u012bbu veidojo\u0161o partiju sadarb\u012bbas san\u0101ksmes teica kult\u016bras ministre Agnese L\u0101ce (P).<\/p>\n<p>Ministre nor\u0101d\u012bja, ka pirmdien, 12. janv\u0101r\u012b, koal\u012bcijas partnerus inform\u0113jusi par l\u012bdz\u0161in\u0113j\u0101m sarun\u0101m ar R\u0113zeknes pa\u0161vald\u012bbu, tostarp, k\u0101 veicies ar inform\u0101cijas ieg\u016b\u0161anu.<\/p>\n<p>&#8220;\u0160is ir tas br\u012bdis, kad v\u0113rt\u0113jam ar\u012b to, k\u0101 stiprin\u0101t valsts l\u012bdzdal\u012bbu p\u0101rvald\u012bbas model\u012b,&#8221; pauda L\u0101ce. Vi\u0146a uzsv\u0113ra, ka &#8220;Goram&#8221; esot noz\u012bm\u012bga loma sabiedr\u012bbas notur\u012bbas veicin\u0101\u0161an\u0101 un iek\u0161\u0113j\u0101 dro\u0161\u012bb\u0101.<\/p>\n<p>&#8220;Labas p\u0101rvald\u012bbas principi ir \u013coti noz\u012bm\u012bgi, un nevar b\u016bt ne runas par iejauk\u0161anos satur\u0101. Tas ir par to, lai risin\u0101jumi b\u016btu ilgtsp\u0113j\u012bgi un nodro\u0161in\u0101tu kult\u016bras pieejam\u012bbu iedz\u012bvot\u0101jiem,&#8221; sac\u012bja L\u0101ce.<\/p>\n<p>Vi\u0146a nor\u0101d\u012bja, ka \u0161obr\u012bd KM pied\u0101v\u0101s R\u0113zeknes pa\u0161vald\u012bbai vair\u0101kus scen\u0101rijus par iesp\u0113jamu sadarb\u012bbu, un tad l\u016bkos, ko pa\u0161vald\u012bba atbild\u0113s uz pied\u0101v\u0101jumu.<\/p>\n<p>&#8220;T\u0101 var\u0113tu b\u016bt gan kop\u012bga atbild\u012bbas uz\u0146em\u0161an\u0101s, kop\u012bga l\u012bdzdal\u012bba kapit\u0101lsabiedr\u012bb\u0101, gan ar\u012b citi scen\u0101riji,&#8221; pauda L\u0101ce, nor\u0101dot, ka KM, k\u0101 ar\u012b koal\u012bcija esot gatava turpin\u0101t \u0161o sarunu.<\/p>\n<p>Atbildot uz jaut\u0101jumu par valsts iesaisti, to, k\u0101das konkr\u0113tas valsts iesaistes formas \u0161obr\u012bd tiek v\u0113rt\u0113tas, piem\u0113ram, vai t\u0101 ir \u012bpa\u0161uma p\u0101r\u0146em\u0161ana, l\u012bdzfinans\u0113jums vai p\u0101rvald\u012bbas mai\u0146a, L\u0101ce nor\u0101d\u012bja, ka informat\u012bvaj\u0101 zi\u0146ojum\u0101 j\u0101izv\u0113rt\u0113 visi \u0161ie scen\u0101riji, j\u0101apskata, k\u0101di katr\u0101 no situ\u0101cij\u0101m ir ieguvumi un riski, kas ar\u012b tik\u0161ot dar\u012bts.<\/p>\n<p>&#8220;\u013boti svar\u012bgi, ka dialogs ar pa\u0161vald\u012bbu notiek, ka inform\u0101cija tiek sniegta savlaic\u012bgi, ka ir skaidr\u012bba no pa\u0161vald\u012bbas puses, kas ir v\u0113lamie un iecer\u0113tie risin\u0101jumi, jo l\u012bdz \u0161im ir izskan\u0113ju\u0161i \u013coti daudz varianti, un tie main\u0101s pa dien\u0101m,&#8221; pauda L\u0101ce, piebilstot, ka t\u0101d\u0113\u013c skaidra atbilde uz KM pied\u0101v\u0101tajiem scen\u0101rijiem, vi\u0146aspr\u0101t, pal\u012bdz\u0113s virz\u012bties uz priek\u0161u.<\/p>\n<p>Atbildot uz jaut\u0101jumu, vai KM ir iepazinusies ar pilnu &#8220;Gora&#8221; auditu un k\u0101das probl\u0113mas \u0161is audits uzr\u0101da, L\u0101ce nor\u0101d\u012bja, ka KM \u0161o auditu sa\u0146\u0113musi pag\u0101ju\u0161aj\u0101 otrdien\u0101, un KM un vi\u0146a pati ar to ir detaliz\u0113ti iepazinusies.<\/p>\n<p>L\u0101ce atzina, ka audits par\u0101dot, ka pa\u0161vald\u012bba faktiski l\u012bdz \u0161im neesot noteikusi specifiskus r\u0101d\u012bt\u0101jus, p\u0113c k\u0101 v\u0113rt\u0113s, vai kapit\u0101lsabiedr\u012bba str\u0101d\u0101 veiksm\u012bgi vai n\u0113. T\u0101pat audit\u0101 esot vair\u0101ki elementi, kas saist\u012bti ar gr\u0101matved\u012bbas, tehnisk\u0101m liet\u0101m. &#8220;Ta\u010du atsl\u0113ga ir tie\u0161i \u0161\u012b uzdevumu un sasniedzamo r\u0101d\u012bt\u0101ju noteik\u0161ana, un tas ir tie\u0161s pa\u0161vald\u012bbas k\u0101 kapit\u0101lda\u013cu tur\u0113t\u0101ja uzdevums,&#8221; teica ministre.<\/p>\n<p>Jau zi\u0146ots, ka p\u0113c &#8220;Austrumlatvijas koncertz\u0101l\u0113&#8221; veikt\u0101 funkciju audita R\u0113zeknes pa\u0161vald\u012bba izv\u0113rt\u0113 iesp\u0113ju Latgales v\u0113stniec\u012bbu &#8220;Gors&#8221; p\u0101rveidot par iest\u0101di vai izv\u0113l\u0113ties citu p\u0101rvald\u012bbas formu.<\/p>\n<p>R\u0113zeknes m\u0113rs Aleksandrs Barta\u0161evi\u010ds (&#8220;Kop\u0101 Latvijai&#8221;\/LPV) iepriek\u0161 medijiem apgalvoja, ka tiek skat\u012bti divi iesp\u0113jamie scen\u0101riji &#8211; dele\u0123\u0113\u0161anas l\u012bguma izmai\u0146as ar &#8220;Austrumlatvijas koncertz\u0101li&#8221; vai kapit\u0101lsabiedr\u012bbas p\u0101rveide par iest\u0101di. Variants par &#8220;Gora&#8221; nodo\u0161anu nom\u0101 priv\u0101tajam operatoram vairs netiekot skat\u012bts.<\/p>\n<p>Ta\u010du pa\u0161vald\u012bba esot gatava run\u0101ta ar\u012b ar KM par &#8220;Gora&#8221; nodo\u0161anu valstij. Barta\u0161evi\u010ds uzskata, ka pareizi b\u016btu valstij p\u0101r\u0146emt objektu \u012bpa\u0161um\u0101. &#8220;R\u0113zeknes pils\u0113ta ir gatava maks\u0101t kred\u012btus,&#8221; apgalvoja m\u0113rs, prec\u012bzi nenosaucot, k\u0101ds ir atliku\u0161ais maks\u0101jumu apjoms, minot, ka tas var\u0113tu b\u016bt tr\u012bs l\u012bdz \u010detri miljoni eiro.<\/p>\n<p>&#8220;Tas nav m\u016bsu m\u0113r\u0137is nodot valstij, bet tas ir m\u016bsu pied\u0101v\u0101jums, ja vi\u0146i uzskata, ka m\u0113s k\u0101 pa\u0161vald\u012bba nevaram nodro\u0161in\u0101t ar pareizu saturu vai pareizu apsaimnieko\u0161anu,&#8221; sac\u012bja Barta\u0161evi\u010ds.<\/p>\n<p>30. decembr\u012b pa\u0161vald\u012bba ar\u012b nol\u0113ma atlaist &#8220;Gora&#8221; vad\u012bt\u0101ju Di\u0101nu Zirni\u0146u. Pa\u0161vald\u012bb\u0101 apgalvo, ka gan pa\u0161vald\u012bbai, gan pa\u0161am uz\u0146\u0113mumam pa\u0161reiz\u0113jos finan\u0161u apst\u0101k\u013cos uz\u0146\u0113muma strat\u0113\u0123isko m\u0113r\u0137u sasnieg\u0161anai nepiecie\u0161ama vad\u012bbas pieeja ar izteikt\u0101ku fokusu uz finan\u0161u kontroli, bud\u017eeta pl\u0101no\u0161anu, risku vad\u012bbu un uz biznesa anal\u012btik\u0101 balst\u012btu l\u0113mumu pie\u0146em\u0161anu, &#8220;t\u0101d\u0113j\u0101di nodro\u0161inot &#8220;Gora&#8221; past\u0101v\u0113\u0161anu ilgtermi\u0146\u0101, pas\u0101kumu augstu m\u0101ksliniecisko kvalit\u0101ti un kult\u016bras pakalpojumu pieejam\u012bbu R\u0113zeknes iedz\u012bvot\u0101jiem un viesiem&#8221;.<\/p>\n<p>Savuk\u0101rt vald\u012bba 2025. gada izska\u0146\u0101 nol\u0113ma pilnvarot KM sadarb\u012bb\u0101 ar Vied\u0101s administr\u0101cijas un re\u0123ion\u0101l\u0101s att\u012bst\u012bbas ministriju un Ekonomikas ministriju veikt p\u0101rrunas ar R\u0113zeknes domi par nekustam\u0101 \u012bpa\u0161uma Pils iel\u0101 4, R\u0113zekn\u0113, kur atrodas Latgales v\u0113stniec\u012bba &#8220;Gors&#8221;, p\u0101rvald\u012bbas risin\u0101jumiem un valsts iesaisti profesion\u0101l\u0101s m\u0101kslas pieejam\u012bbas nodro\u0161in\u0101\u0161an\u0101.<\/p>\n<p>KM informat\u012bvaj\u0101 zi\u0146ojum\u0101, ko konceptu\u0101li atbalst\u012bja vald\u012bba, nor\u0101da uz iesp\u0113jamu apdraud\u0113jumu Latgales v\u0113stniec\u012bbas &#8220;Gors&#8221; turpm\u0101kajai past\u0101v\u0113\u0161anai.<\/p>\n<p>Ministrija v\u0113r\u0161 uzman\u012bbu uz risku profesion\u0101l\u0101s m\u0101kslas pieejam\u012bbai Latgales re\u0123ion\u0101 un uzsver, ka Latgales v\u0113stniec\u012bbas &#8220;Gors&#8221; izveid\u0113 ieguld\u012bti valsts, pa\u0161vald\u012bbas un Eiropas Savien\u012bbas fondu l\u012bdzek\u013ci. Zi\u0146ojum\u0101 nor\u0101d\u012bts, ka profesion\u0101l\u0101s kult\u016bras pieejam\u012bbas nodro\u0161in\u0101\u0161ana Latgal\u0113 ir ilgtermi\u0146a ieguld\u012bjums sabiedr\u012bbas notur\u012bb\u0101.<\/p>\n<p>Saska\u0146\u0101 ar &#8220;Firmas.lv&#8221; datiem &#8220;Austrumlatvijas koncertz\u0101les&#8221; apgroz\u012bjums 2024. gad\u0101 bija 891 763 eiro, bet zaud\u0113jumi sasniedza 19 002 eiro. Koncertz\u0101les \u012bpa\u0161niece ir R\u0113zeknes dome. <\/p>\n<p class=\"m-0\">Seko &#8220;Delfi&#8221; ar\u012b  <a target=\"_blank\" href=\"https:\/\/www.instagram.com\/delfi.lv\/\" rel=\"nofollow noopener\">Instagram<\/a>  un <a target=\"_blank\" href=\"https:\/\/www.youtube.com\/channel\/UCw5foWtcJvAbUm64rv7jwUQ\" rel=\"nofollow noopener\">YouTube<\/a>  profil\u0101 \u2013 pievienojies, lai uzzin\u0101tu svar\u012bg\u0101ko un interesant\u0101ko pirmais!<\/p>\n<p>Publik\u0101cijas saturs vai t\u0101s jebk\u0101da apjoma da\u013ca ir aizsarg\u0101ts autorties\u012bbu objekts Autorties\u012bbu likuma izpratn\u0113, un t\u0101 izmanto\u0161ana bez izdev\u0113ja at\u013caujas ir aizliegta. Vair\u0101k lasi  <a target=\"_blank\" href=\"https:\/\/www.delfi.lv\/noteikumi#autortiesibas\" rel=\"nofollow noopener\">\u0161eit<\/a><script async src=\"\/\/www.instagram.com\/embed.js\"><\/script><\/p>\n","protected":false},"excerpt":{"rendered":"Vald\u012bba ir gatava nepiecie\u0161am\u012bbas gad\u012bjum\u0101 piedal\u012bties &#8220;Austrumlatvijas koncertz\u0101les&#8221; jeb &#8220;Gora&#8221; p\u0101rvald\u012bb\u0101, bet nevajadz\u0113tu pie\u013caut, ka R\u0113zeknes pa\u0161vald\u012bba to&hellip;\n","protected":false},"author":2,"featured_media":103936,"comment_status":"","ping_status":"","sticky":false,"template":"","format":"standard","meta":{"footnotes":""},"categories":[12],"tags":[23,28,29,1249,32,33,19633,22,30,31,35,39,38,36,37,34,40,20,26,27,24,25,21],"class_list":{"0":"post-103935","1":"post","2":"type-post","3":"status-publish","4":"format-standard","5":"has-post-thumbnail","7":"category-latvija","8":"tag-aktualitates","9":"tag-breaking-news","10":"tag-breakingnews","11":"tag-evika-silina","12":"tag-featured-news","13":"tag-featurednews","14":"tag-gors-latgales-vestnieciba","15":"tag-headlines","16":"tag-latest-news","17":"tag-latestnews","18":"tag-latvia","19":"tag-latvian","20":"tag-latviesu","21":"tag-latviesu-valoda","22":"tag-latviesuvaloda","23":"tag-latvija","24":"tag-lv","25":"tag-news","26":"tag-popularakas-zinas","27":"tag-popularakaszinas","28":"tag-top-stories","29":"tag-topstories","30":"tag-zinas"},"share_on_mastodon":{"url":"https:\/\/pubeurope.com\/@lv\/115892347477559549","error":""},"_links":{"self":[{"href":"https:\/\/www.europesays.com\/lv\/wp-json\/wp\/v2\/posts\/103935","targetHints":{"allow":["GET"]}}],"collection":[{"href":"https:\/\/www.europesays.com\/lv\/wp-json\/wp\/v2\/posts"}],"about":[{"href":"https:\/\/www.europesays.com\/lv\/wp-json\/wp\/v2\/types\/post"}],"author":[{"embeddable":true,"href":"https:\/\/www.europesays.com\/lv\/wp-json\/wp\/v2\/users\/2"}],"replies":[{"embeddable":true,"href":"https:\/\/www.europesays.com\/lv\/wp-json\/wp\/v2\/comments?post=103935"}],"version-history":[{"count":0,"href":"https:\/\/www.europesays.com\/lv\/wp-json\/wp\/v2\/posts\/103935\/revisions"}],"wp:featuredmedia":[{"embeddable":true,"href":"https:\/\/www.europesays.com\/lv\/wp-json\/wp\/v2\/media\/103936"}],"wp:attachment":[{"href":"https:\/\/www.europesays.com\/lv\/wp-json\/wp\/v2\/media?parent=103935"}],"wp:term":[{"taxonomy":"category","embeddable":true,"href":"https:\/\/www.europesays.com\/lv\/wp-json\/wp\/v2\/categories?post=103935"},{"taxonomy":"post_tag","embeddable":true,"href":"https:\/\/www.europesays.com\/lv\/wp-json\/wp\/v2\/tags?post=103935"}],"curies":[{"name":"wp","href":"https:\/\/api.w.org\/{rel}","templated":true}]}}