{"id":103937,"date":"2026-01-14T07:47:07","date_gmt":"2026-01-14T07:47:07","guid":{"rendered":"https:\/\/www.europesays.com\/lv\/103937\/"},"modified":"2026-01-14T07:47:07","modified_gmt":"2026-01-14T07:47:07","slug":"romans-melniks-vers-uzmanibu-uz-saules-un-veja-parku-ietekmi-uz-lauksaimniecibu-ja-to-pielaujam-tatad-vietejas-partikas-razosana-vairs-nav-prioritara-la-lv","status":"publish","type":"post","link":"https:\/\/www.europesays.com\/lv\/103937\/","title":{"rendered":"Rom\u0101ns Me\u013c\u0146iks v\u0113r\u0161 uzman\u012bbu uz saules un v\u0113ja parku ietekmi uz lauksaimniec\u012bbu: \u201cJa to pie\u013caujam, t\u0101tad viet\u0113j\u0101s p\u0101rtikas ra\u017eo\u0161ana vairs nav priorit\u0101ra\u201d &#8211; LA.LV"},"content":{"rendered":"<ol>\n<li><a href=\"https:\/\/news.google.com\/rss\/articles\/CBMi-wFBVV95cUxNRlJPTWRMSnRyZ2tpaXU4SzRUXzNCQmhHcUtUcnRSM1ZDaUdTS1ZqWjUzOXBwUnlUQjBYUnNyZmxLSEdRX1dReWZBaGFJb0NwRVMzRDEtOTlrZURfcFlJdVN5OXRzLV9Dai1oNlI3NGZDMVp0d3hGUFZRUVhadlNPNlU4cUEwbnFaeEJ5cUdmVlhVZTh5S2U3V3lYdEUxZVZjNHlfUkZkaV9STURscngzMEQ3LVp3cExfUTZ6Q1lHelp5bjE1X2xQYXpSa3NlN1A3UWdvVV9BLTJWLVA5MG9DMzVwUWNlSnVVSzg3c0ZDeVdtbDNEUGczeTJSQQ?oc=5\" target=\"_blank\" rel=\"nofollow noopener\">Rom\u0101ns Me\u013c\u0146iks v\u0113r\u0161 uzman\u012bbu uz saules un v\u0113ja parku ietekmi uz lauksaimniec\u012bbu: \u201cJa to pie\u013caujam, t\u0101tad viet\u0113j\u0101s p\u0101rtikas ra\u017eo\u0161ana vairs nav priorit\u0101ra\u201d<\/a>&nbsp;&nbsp;LA.LV<\/li>\n<li><a href=\"https:\/\/news.google.com\/rss\/articles\/CBMi4gFBVV95cUxQTlp6NmtQaXZ6LTh2UFpJUDZneExZR1NnSlRyQUlMYUVHOEp6T2NrMzQzLW83bjNjY0YyZkxHRkpBYXNTQmx1elZNUWJ5ZUhMcmh3ekhwZ0FSVXFTTnhHSEQzQ1JEbzYzNEl3YXFuaGsxYmpoWGg4a2paT0pZd0VCOF9WVVppYWVTNVVyLWRBOHlnVWZ6a0N3U1N0Y05OOGFVWWo0cTdQQUNEWW1udm9ka193RFFVSG1ERmZadkI3eWZjZ0hsTGtHRkdwLUVjLWFtTEJJdkVBYWE0dTdORUdURkxn?oc=5\" target=\"_blank\" rel=\"nofollow noopener\">Telefonintervija ar vied\u0101s administr\u0101cijas un re\u0123ion\u0101l\u0101s att\u012bst\u012bbas ministru Raimondu \u010cudaru (JV)<\/a>&nbsp;&nbsp;REplay.lv<\/li>\n<li><a href=\"https:\/\/news.google.com\/rss\/articles\/CBMi0gFBVV95cUxPZDhlTGJ4MHEyZHZvOVdOa08xMVhtczRIRm96ay16NGdmRllOMmtCLU00YTRUcVg0R2ZwQjJveEJxTkF3RzQ4VzZJcjdxcDJxMnZKSFA5dzE0T0M0Z0ROOVp5aklIR2U4N2RMdDVZaUo0TzdVVV9vdUdFb2NyM1g4cVloTVZERjM3RjE3Z0RMUi1GR0dnNE53OUd4U3RnYVdjYkVBY3NrOHZqOTlBS2VBcEJTdHVsa2pJbEF3YjFLSjh4UlJwT19MUlFyQ0NaVmNwRlE?oc=5\" target=\"_blank\" rel=\"nofollow noopener\">VIDEO: Saskatot prettiesiskus ierobe\u017eojumus, VARAM ministrs da\u013c\u0113ji aptur Bauskas un Prei\u013cu novada teritoriju pl\u0101nojumus; Aivars Ma\u010deks sniedz koment\u0101ru<\/a>&nbsp;&nbsp;BauskasDzive.lv<\/li>\n<li><a href=\"https:\/\/news.google.com\/rss\/articles\/CBMipgFBVV95cUxNTVdUVXpBaVVYenNJMnBrRWZJY1gtVGpMT3F5a1ZwaVJjQmRvUTdnR2xGUGVLaXlLZ1RzcmZFcXlya3Z6azFteVVZMldycFQtTElDTkdBbl90b2dGcVlJYjhTRWFBSDZsT3hac01qaklOeUIyRUZZdlhNTkJGTVB2WmFnR0RqbDFnZlJLSzkwbHNUYWxfUkhmbl9kYl9idkg2dGVPVGln?oc=5\" target=\"_blank\" rel=\"nofollow noopener\">\u010cudars aptur Bauskas un Prei\u013cu novadu teritoriju pl\u0101nojumus<\/a>&nbsp;&nbsp;Delfi<\/li>\n<li><a href=\"https:\/\/news.google.com\/rss\/articles\/CBMiT0FVX3lxTE1NYXNHdlpjR0pyT1JUZjVoQzNkeGxxQ0RVYzh4ZXF1Zi1jMFVlLWpaR1QteHVpSjJSODhBaWNBcnZpQ3pqdVZkTzJCcWZ2emM?oc=5\" target=\"_blank\" rel=\"nofollow noopener\">Raksti uz datumu: 12-01-2026<\/a>&nbsp;&nbsp;Lente.lv<\/li>\n<\/ol>\n","protected":false},"excerpt":{"rendered":"Rom\u0101ns Me\u013c\u0146iks v\u0113r\u0161 uzman\u012bbu uz saules un v\u0113ja parku ietekmi uz lauksaimniec\u012bbu: \u201cJa to pie\u013caujam, t\u0101tad viet\u0113j\u0101s p\u0101rtikas&hellip;\n","protected":false},"author":2,"featured_media":97074,"comment_status":"","ping_status":"","sticky":false,"template":"","format":"standard","meta":{"footnotes":""},"categories":[5],"tags":[23,28,29,32,33,22,30,31,35,39,38,36,37,34,40,20,26,27,24,25,21],"class_list":{"0":"post-103937","1":"post","2":"type-post","3":"status-publish","4":"format-standard","5":"has-post-thumbnail","7":"category-aktualitates","8":"tag-aktualitates","9":"tag-breaking-news","10":"tag-breakingnews","11":"tag-featured-news","12":"tag-featurednews","13":"tag-headlines","14":"tag-latest-news","15":"tag-latestnews","16":"tag-latvia","17":"tag-latvian","18":"tag-latviesu","19":"tag-latviesu-valoda","20":"tag-latviesuvaloda","21":"tag-latvija","22":"tag-lv","23":"tag-news","24":"tag-popularakas-zinas","25":"tag-popularakaszinas","26":"tag-top-stories","27":"tag-topstories","28":"tag-zinas"},"share_on_mastodon":{"url":"https:\/\/pubeurope.com\/@lv\/115892351545064079","error":""},"_links":{"self":[{"href":"https:\/\/www.europesays.com\/lv\/wp-json\/wp\/v2\/posts\/103937","targetHints":{"allow":["GET"]}}],"collection":[{"href":"https:\/\/www.europesays.com\/lv\/wp-json\/wp\/v2\/posts"}],"about":[{"href":"https:\/\/www.europesays.com\/lv\/wp-json\/wp\/v2\/types\/post"}],"author":[{"embeddable":true,"href":"https:\/\/www.europesays.com\/lv\/wp-json\/wp\/v2\/users\/2"}],"replies":[{"embeddable":true,"href":"https:\/\/www.europesays.com\/lv\/wp-json\/wp\/v2\/comments?post=103937"}],"version-history":[{"count":0,"href":"https:\/\/www.europesays.com\/lv\/wp-json\/wp\/v2\/posts\/103937\/revisions"}],"wp:featuredmedia":[{"embeddable":true,"href":"https:\/\/www.europesays.com\/lv\/wp-json\/wp\/v2\/media\/97074"}],"wp:attachment":[{"href":"https:\/\/www.europesays.com\/lv\/wp-json\/wp\/v2\/media?parent=103937"}],"wp:term":[{"taxonomy":"category","embeddable":true,"href":"https:\/\/www.europesays.com\/lv\/wp-json\/wp\/v2\/categories?post=103937"},{"taxonomy":"post_tag","embeddable":true,"href":"https:\/\/www.europesays.com\/lv\/wp-json\/wp\/v2\/tags?post=103937"}],"curies":[{"name":"wp","href":"https:\/\/api.w.org\/{rel}","templated":true}]}}