{"id":103938,"date":"2026-01-14T07:48:06","date_gmt":"2026-01-14T07:48:06","guid":{"rendered":"https:\/\/www.europesays.com\/lv\/103938\/"},"modified":"2026-01-14T07:48:06","modified_gmt":"2026-01-14T07:48:06","slug":"spanu-dziedatajs-hulio-iglesiass-apsudzets-seksuala-vardarbiba","status":"publish","type":"post","link":"https:\/\/www.europesays.com\/lv\/103938\/","title":{"rendered":"Sp\u0101\u0146u dzied\u0101t\u0101js Hulio Iglesiass aps\u016bdz\u0113ts seksu\u0101l\u0101 vardarb\u012bb\u0101"},"content":{"rendered":"<p>Divas sievietes aps\u016bdz sp\u0101\u0146u dzied\u0101t\u0101ju Hulio Iglesiasu seksu\u0101l\u0101 vardarb\u012bb\u0101 laik\u0101, kad vi\u0146as str\u0101d\u0101ju\u0161as vi\u0146a \u012bpa\u0161umos Kar\u012bbu re\u0123ion\u0101. Par to v\u0113sta <a rel=\"noopener nofollow\" target=\"_blank\" href=\"https:\/\/www.delfi.lv\/temas\/36406185\/spanija\" tag-id=\"36406185\">Sp\u0101nijas<\/a> zi\u0146u port\u0101ls &#8220;elDiario.es&#8221; un ASV medijs &#8220;Univision&#8221;, kas kop\u012bgi veiku\u0161i izmekl\u0113\u0161anu. Saska\u0146\u0101 ar publik\u0101cij\u0101m, iesp\u0113jamie noziegumi notiku\u0161i 2021. gad\u0101, bet aps\u016bdz\u012bbas \u0161obr\u012bd izskata Sp\u0101nijas tiesu iest\u0101des, v\u0113sta BBC.<\/p>\n<p>Abas sievietes 5. janv\u0101r\u012b iesniegu\u0161as s\u016bdz\u012bbu Sp\u0101nijas Nacion\u0101laj\u0101 ties\u0101, kas izmekl\u0113 ar\u012b iesp\u0113jamos noziegumus \u0101rpus Sp\u0101nijas teritorijas. Publik\u0101cij\u0101s teikts, ka aps\u016bdz\u012bbas saist\u012btas ar darba vidi, kuru sievietes raksturo k\u0101 piespiedu, draudo\u0161u un vardarb\u012bgu, apgalvojot, ka taj\u0101 esot normaliz\u0113ta <a rel=\"noopener nofollow\" target=\"_blank\" href=\"https:\/\/www.delfi.lv\/temas\/55452462\/vardarbiba\" tag-id=\"55452462\">vardarb\u012bba<\/a>.<\/p>\n<p class=\"MsoNormal\">Zi\u0146ojumos min\u0113ts, ka dzied\u0101t\u0101js sievietes nodarbin\u0101jis savos \u012bpa\u0161umos Puntakan\u0101 Dominik\u0101nas Republik\u0101 un Bahamu sal\u0101s. Viena no sieviet\u0113m, kura publik\u0101cij\u0101s identific\u0113ta ar main\u012btu v\u0101rdu Rebeka un kura ir Dominik\u0101nas pilsone, apgalvo, ka vi\u0146u regul\u0101ri aicin\u0101ju\u0161i uz dzied\u0101t\u0101ja istabu dienas beig\u0101s un vi\u0146\u0161 esot aizticis vi\u0146u bez piekri\u0161anas. Vi\u0146a apgalvo ar\u012b, ka tikusi piespiesta iesaist\u012bties seksu\u0101l\u0101s attiec\u012bb\u0101s ar v\u0113l vienu darbinieci, k\u0101 ar\u012b ir piedz\u012bvojusi fizisku vardarb\u012bbu.<\/p>\n<p class=\"MsoNormal\">Otr\u0101 sieviete \u2013 Venecu\u0113las pilsone, fizioterapeite, kura publik\u0101cij\u0101s nosaukta par Lauru \u2013 apgalvo, ka dzied\u0101t\u0101js vi\u0146u esot sk\u016bpst\u012bjis un aizticis pret vi\u0146as gribu. Vi\u0146a nor\u0101da, ka vi\u0146\u0161 draud\u0113jis atlaist no darba, k\u0101 ar\u012b kontrol\u0113jis ikdienas paradumus, tostarp \u0113\u0161anu. Uzdevis ar\u012b da\u017e\u0101dus personiskus jaut\u0101jumus, piem\u0113ram, par menstru\u0101lo ciklu. Sieviete apgalvo, ka pati vair\u0101kk\u0101rt atteikusi seksu\u0101liem pied\u0101v\u0101jumiem, tom\u0113r esot biju\u0161as citas darbinieces, kuras nevar\u0113ja pateikt n\u0113.<\/p>\n<p class=\"MsoNormal\">&#8220;elDiario.es&#8221; un &#8220;Univision&#8221; raksta, ka vi\u0146u r\u012bc\u012bb\u0101 esot dokument\u0101li pier\u0101d\u012bjumi, tostarp fotogr\u0101fijas, telefona ieraksti, \u012bszi\u0146as un medic\u012bniskie zi\u0146ojumi, kas, p\u0113c mediju teikt\u0101, pamato sievie\u0161u liec\u012bbas.<\/p>\n<p class=\"MsoNormal\">Dzied\u0101t\u0101js, kuram \u0161obr\u012bd ir 82 gadi, ir viens no paz\u012bstam\u0101kajiem Sp\u0101nijas popul\u0101r\u0101s m\u016bzikas m\u0101ksliniekiem kop\u0161 20. gadsimta 60. gadiem un vis\u0101 pasaul\u0113 p\u0101rdevis miljoniem ierakstu. Abi mediji nor\u0101da, ka Iglesiass un vi\u0146a advok\u0101ts pirms publik\u0101ciju izn\u0101k\u0161anas neesot atbild\u0113ju\u0161i uz atk\u0101rtotiem l\u016bgumiem sniegt koment\u0101ru. Vienlaikus k\u0101da sieviete, kuru mediji identific\u0113 k\u0101 mened\u017eeri vien\u0101 no dzied\u0101t\u0101ja Kar\u012bbu \u012bpa\u0161umiem, aps\u016bdz\u012bbas nosaukusi par &#8220;mu\u013c\u0137\u012bb\u0101m&#8221;.<\/p>\n<p class=\"MsoNormal\">Publik\u0101cij\u0101s min\u0113ts, ka Iglesiasa pazi\u0146a Haime Penjafels aps\u016bdz\u012bbas nod\u0113v\u0113jis par &#8220;absol\u016btiem meliem&#8221;, bet \u017eurn\u0101lists Migels Anhels Pastors paudis, ka nekad neesot man\u012bjis &#8220;nek\u0101das nor\u0101des&#8221;, ka dzied\u0101t\u0101js var\u0113tu b\u016bt veicis \u0161\u0101das darb\u012bbas.<\/p>\n<p class=\"MsoNormal\">Lieta atrodas izmekl\u0113\u0161anas stadij\u0101, un \u0161obr\u012bd nav publiski zin\u0101ms, k\u0101di procesu\u0101lie l\u0113mumi tiks pie\u0146emti t\u0101l\u0101k un vai tiks izvirz\u012btas aps\u016bdz\u012bbas. Mediji uzsver, ka aps\u016bdz\u012bbas ir personu liec\u012bbas, kuras izv\u0113rt\u0113 ties\u012bbsarg\u0101jo\u0161\u0101s iest\u0101des, un ka vis\u0101m person\u0101m l\u012bdz <a rel=\"noopener nofollow\" target=\"_blank\" href=\"https:\/\/www.delfi.lv\/temas\/44182985\/tiesa\" tag-id=\"44182985\">tiesas<\/a> spriedumam ir sp\u0113k\u0101 nevain\u012bguma prezumpcija.<\/p>\n<p class=\"m-0\">Seko &#8220;Delfi&#8221; ar\u012b  <a target=\"_blank\" href=\"https:\/\/www.instagram.com\/delfi.lv\/\" rel=\"nofollow noopener\">Instagram<\/a>  un <a target=\"_blank\" href=\"https:\/\/www.youtube.com\/channel\/UCw5foWtcJvAbUm64rv7jwUQ\" rel=\"nofollow noopener\">YouTube<\/a>  profil\u0101 \u2013 pievienojies, lai uzzin\u0101tu svar\u012bg\u0101ko un interesant\u0101ko pirmais!<\/p>\n<p>Publik\u0101cijas saturs vai t\u0101s jebk\u0101da apjoma da\u013ca ir aizsarg\u0101ts autorties\u012bbu objekts Autorties\u012bbu likuma izpratn\u0113, un t\u0101 izmanto\u0161ana bez izdev\u0113ja at\u013caujas ir aizliegta. Vair\u0101k lasi  <a target=\"_blank\" href=\"https:\/\/www.delfi.lv\/noteikumi#autortiesibas\" rel=\"nofollow noopener\">\u0161eit<\/a><script async src=\"\/\/www.instagram.com\/embed.js\"><\/script><\/p>\n","protected":false},"excerpt":{"rendered":"Divas sievietes aps\u016bdz sp\u0101\u0146u dzied\u0101t\u0101ju Hulio Iglesiasu seksu\u0101l\u0101 vardarb\u012bb\u0101 laik\u0101, kad vi\u0146as str\u0101d\u0101ju\u0161as vi\u0146a \u012bpa\u0161umos Kar\u012bbu re\u0123ion\u0101. Par&hellip;\n","protected":false},"author":2,"featured_media":103939,"comment_status":"","ping_status":"","sticky":false,"template":"","format":"standard","meta":{"footnotes":""},"categories":[19],"tags":[7102,89,90,35,39,38,36,37,34,40,504,1670,375,899],"class_list":{"0":"post-103938","1":"post","2":"type-post","3":"status-publish","4":"format-standard","5":"has-post-thumbnail","7":"category-izklaide","8":"tag-emocionala-vardarbiba","9":"tag-entertainment","10":"tag-izklaide","11":"tag-latvia","12":"tag-latvian","13":"tag-latviesu","14":"tag-latviesu-valoda","15":"tag-latviesuvaloda","16":"tag-latvija","17":"tag-lv","18":"tag-seksuala-vardarbiba","19":"tag-spanija","20":"tag-tiesa","21":"tag-vardarbiba"},"share_on_mastodon":{"url":"https:\/\/pubeurope.com\/@lv\/115892355254792782","error":""},"_links":{"self":[{"href":"https:\/\/www.europesays.com\/lv\/wp-json\/wp\/v2\/posts\/103938","targetHints":{"allow":["GET"]}}],"collection":[{"href":"https:\/\/www.europesays.com\/lv\/wp-json\/wp\/v2\/posts"}],"about":[{"href":"https:\/\/www.europesays.com\/lv\/wp-json\/wp\/v2\/types\/post"}],"author":[{"embeddable":true,"href":"https:\/\/www.europesays.com\/lv\/wp-json\/wp\/v2\/users\/2"}],"replies":[{"embeddable":true,"href":"https:\/\/www.europesays.com\/lv\/wp-json\/wp\/v2\/comments?post=103938"}],"version-history":[{"count":0,"href":"https:\/\/www.europesays.com\/lv\/wp-json\/wp\/v2\/posts\/103938\/revisions"}],"wp:featuredmedia":[{"embeddable":true,"href":"https:\/\/www.europesays.com\/lv\/wp-json\/wp\/v2\/media\/103939"}],"wp:attachment":[{"href":"https:\/\/www.europesays.com\/lv\/wp-json\/wp\/v2\/media?parent=103938"}],"wp:term":[{"taxonomy":"category","embeddable":true,"href":"https:\/\/www.europesays.com\/lv\/wp-json\/wp\/v2\/categories?post=103938"},{"taxonomy":"post_tag","embeddable":true,"href":"https:\/\/www.europesays.com\/lv\/wp-json\/wp\/v2\/tags?post=103938"}],"curies":[{"name":"wp","href":"https:\/\/api.w.org\/{rel}","templated":true}]}}